{"id":105081,"date":"2025-05-16T18:44:21","date_gmt":"2025-05-16T18:44:21","guid":{"rendered":"https:\/\/www.europesays.com\/fr\/105081\/"},"modified":"2025-05-16T18:44:21","modified_gmt":"2025-05-16T18:44:21","slug":"lille3000-fiesta-exposition-le-mignonisme-de-philippe-katerine-a-lasecu-de-lille-jusquau-14-juin-2025","status":"publish","type":"post","link":"https:\/\/www.europesays.com\/fr\/105081\/","title":{"rendered":"[lille3000 &#8211; Fiesta] Exposition \u00ab\u00a0Le Mignonisme\u00a0\u00bb de Philippe Katerine \u00e0 Las\u00e9cu de Lille jusqu&rsquo;au 14 juin 2025"},"content":{"rendered":"<p style=\"text-align: justify;\"><strong>Jusqu\u2019au samedi 14 juin 2025,<\/strong> <strong>Las\u00e9cu de Lille <\/strong>propose <strong>l\u2019exposition<\/strong> <strong>\u00ab\u00a0Le Mignonisme\u00a0\u00bb <\/strong>de <strong>Philippe Katerine.<\/strong><\/p>\n<p style=\"text-align: justify;\">L\u2019exposition \u00ab\u00a0Le Mignonisme\u00a0\u00bb de Philippe Katerine<br \/><strong>N\u00e9s du confinement,<\/strong> les <strong>installations photographi\u00e9es, peintures, collages<\/strong> et <strong>dessins compos\u00e9s<\/strong> par <strong>Philippe Katerine<\/strong> <strong>ont pris vie<\/strong> avec tout ce qu\u2019il avait sous la main : des<strong> jouets d\u2019enfants, <\/strong>des <strong>papiers d\u00e9coup\u00e9s <\/strong>ou encore\u2026 de <strong>l\u2019huile d\u2019olive.<\/strong> <strong>Face \u00e0 un monde qui s\u2019essouffle<\/strong> et aux<strong> trag\u00e9dies r\u00e9v\u00e9l\u00e9es par les \u00e9pid\u00e9mies <\/strong>et les<strong> catastrophes climatiques,<\/strong> <strong>l\u2019artiste <\/strong>recourt \u00e0 <strong>une langue po\u00e9tique<\/strong> et \u00e0 <strong>des images singuli\u00e8res,<\/strong> il \u00e9rige ainsi <strong>une ode essentielle \u00e0 la douceur,<\/strong> \u00e0 la <strong>libert\u00e9 <\/strong>et \u00e0 <strong>l\u2019imaginaire<\/strong>.<\/p>\n<tr>\n<td class=\"has-text-align-center\" data-align=\"center\"><img loading=\"lazy\" decoding=\"async\" width=\"2560\" height=\"1708\" class=\"wp-image-84747\" style=\"width: 500px;\" src=\"https:\/\/www.europesays.com\/fr\/wp-content\/uploads\/2025\/05\/mignonisme_philippe_katerine_03-scaled.jpg\" alt=\"\"  \/><\/td>\n<td class=\"has-text-align-center\" data-align=\"center\"><img loading=\"lazy\" decoding=\"async\" width=\"2560\" height=\"1708\" class=\"wp-image-84748\" style=\"width: 500px;\" src=\"https:\/\/www.europesays.com\/fr\/wp-content\/uploads\/2025\/05\/mignonisme_philippe_katerine_04-scaled.jpg\" alt=\"\"  \/><\/td>\n<\/tr>\n<p>Photos de l\u2019expo \u00ab\u00a0Le Mignonisme\u00a0\u00bb de Philippe Katerine<\/p>\n<p><strong>Infos pratiques<\/strong><br \/><strong><img decoding=\"async\" loading=\"lazy\" class=\"size-full wp-image-45 lazyloaded tie-appear\" src=\"https:\/\/www.europesays.com\/fr\/wp-content\/uploads\/2025\/04\/arrow.png\" alt=\"\" width=\"9\" height=\"9\" data-lazy-src=\"https:\/\/www.europesays.com\/fr\/wp-content\/uploads\/2025\/04\/arrow.png\"\/><\/strong> <strong>Las\u00e9cu<\/strong><br \/>26, rue Bourjembois \u2013 Lille<\/p>\n<p><strong><img decoding=\"async\" loading=\"lazy\" class=\"size-full wp-image-45 lazyloaded tie-appear\" src=\"https:\/\/www.europesays.com\/fr\/wp-content\/uploads\/2025\/04\/arrow.png\" alt=\"\" width=\"9\" height=\"9\" data-lazy-src=\"https:\/\/www.europesays.com\/fr\/wp-content\/uploads\/2025\/04\/arrow.png\"\/> Horaires :<\/strong><br \/>\u2013 mercredis &amp; jeudis de 14h \u00e0 18h<br \/>\u2013 vendredis &amp; samedis de 14h \u00e0 19h<\/p>\n<p><strong><img decoding=\"async\" loading=\"lazy\" class=\"size-full wp-image-45 lazyloaded tie-appear\" src=\"https:\/\/www.europesays.com\/fr\/wp-content\/uploads\/2025\/04\/arrow.png\" alt=\"\" width=\"9\" height=\"9\" data-lazy-src=\"https:\/\/www.europesays.com\/fr\/wp-content\/uploads\/2025\/04\/arrow.png\"\/> Tarif : <\/strong>gratuit<\/p>\n<p><strong><img decoding=\"async\" loading=\"lazy\" class=\"size-full wp-image-45 lazyloaded tie-appear\" src=\"https:\/\/www.europesays.com\/fr\/wp-content\/uploads\/2025\/04\/arrow.png\" alt=\"\" width=\"9\" height=\"9\" data-lazy-src=\"https:\/\/www.europesays.com\/fr\/wp-content\/uploads\/2025\/04\/arrow.png\"\/><\/strong> <a href=\"https:\/\/lasecu.org\/\" target=\"_blank\" rel=\"noopener\">Site internet de Las\u00e9cu<\/a><\/p>\n<p><strong><b><img decoding=\"async\" loading=\"lazy\" class=\"size-full wp-image-45 lazyloaded tie-appear\" src=\"https:\/\/www.europesays.com\/fr\/wp-content\/uploads\/2025\/04\/1743937991_452_arrow.png\" alt=\"\" width=\"9\" height=\"9\" data-lazy-src=\"https:\/\/www.europesays.com\/fr\/wp-content\/uploads\/2025\/04\/1743937991_452_arrow.png\"\/><\/b><\/strong> <a href=\"https:\/\/lille3000.com\/\" target=\"_blank\" rel=\"noopener\">Site internet de lille3000<\/a><\/p>\n<p><strong><b><img decoding=\"async\" loading=\"lazy\" class=\"size-full wp-image-45 lazyloaded tie-appear\" src=\"https:\/\/www.europesays.com\/fr\/wp-content\/uploads\/2025\/04\/1743937991_452_arrow.png\" alt=\"\" width=\"9\" height=\"9\" data-lazy-src=\"https:\/\/www.europesays.com\/fr\/wp-content\/uploads\/2025\/04\/1743937991_452_arrow.png\"\/><\/b><\/strong> <a href=\"https:\/\/www.zoomsurlille.fr\/tag\/fiesta\" target=\"_blank\" rel=\"noreferrer noopener\">D\u00e9couvrez nos articles sur FIESTA<\/a><\/p>\n<p>\u00a0<\/p>\n<p class=\"has-text-align-right\">Source : Ville de Lille \/ lille3000 \u2013 Photos : \u00a9 Zoom Sur Lille<\/p>\n","protected":false},"excerpt":{"rendered":"Jusqu\u2019au samedi 14 juin 2025, Las\u00e9cu de Lille propose l\u2019exposition \u00ab\u00a0Le Mignonisme\u00a0\u00bb de Philippe Katerine. L\u2019exposition \u00ab\u00a0Le Mignonisme\u00a0\u00bb&hellip;\n","protected":false},"author":2,"featured_media":105082,"comment_status":"","ping_status":"","sticky":false,"template":"","format":"standard","meta":{"footnotes":""},"categories":[2815],"tags":[1111,11,1777,674,3293,3274,1011,27,811,22191,1307,3276,12,9381,25],"class_list":{"0":"post-105081","1":"post","2":"type-post","3":"status-publish","4":"format-standard","5":"has-post-thumbnail","7":"category-lille","8":"tag-actu","9":"tag-actualites","10":"tag-eu","11":"tag-europe","12":"tag-exposition","13":"tag-fiesta","14":"tag-fr","15":"tag-france","16":"tag-hauts-de-france","17":"tag-le-mignonisme","18":"tag-lille","19":"tag-lille3000","20":"tag-news","21":"tag-philippe-katerine","22":"tag-republique-francaise"},"share_on_mastodon":{"url":"https:\/\/pubeurope.com\/@fr\/114518993691402789","error":""},"_links":{"self":[{"href":"https:\/\/www.europesays.com\/fr\/wp-json\/wp\/v2\/posts\/105081","targetHints":{"allow":["GET"]}}],"collection":[{"href":"https:\/\/www.europesays.com\/fr\/wp-json\/wp\/v2\/posts"}],"about":[{"href":"https:\/\/www.europesays.com\/fr\/wp-json\/wp\/v2\/types\/post"}],"author":[{"embeddable":true,"href":"https:\/\/www.europesays.com\/fr\/wp-json\/wp\/v2\/users\/2"}],"replies":[{"embeddable":true,"href":"https:\/\/www.europesays.com\/fr\/wp-json\/wp\/v2\/comments?post=105081"}],"version-history":[{"count":0,"href":"https:\/\/www.europesays.com\/fr\/wp-json\/wp\/v2\/posts\/105081\/revisions"}],"wp:featuredmedia":[{"embeddable":true,"href":"https:\/\/www.europesays.com\/fr\/wp-json\/wp\/v2\/media\/105082"}],"wp:attachment":[{"href":"https:\/\/www.europesays.com\/fr\/wp-json\/wp\/v2\/media?parent=105081"}],"wp:term":[{"taxonomy":"category","embeddable":true,"href":"https:\/\/www.europesays.com\/fr\/wp-json\/wp\/v2\/categories?post=105081"},{"taxonomy":"post_tag","embeddable":true,"href":"https:\/\/www.europesays.com\/fr\/wp-json\/wp\/v2\/tags?post=105081"}],"curies":[{"name":"wp","href":"https:\/\/api.w.org\/{rel}","templated":true}]}}