{"id":105085,"date":"2025-05-16T18:46:08","date_gmt":"2025-05-16T18:46:08","guid":{"rendered":"https:\/\/www.europesays.com\/fr\/105085\/"},"modified":"2025-05-16T18:46:08","modified_gmt":"2025-05-16T18:46:08","slug":"a-labandon-leglise-saint-maurice-en-proie-aux-vandales-et-aux-voleurs-a-marseille","status":"publish","type":"post","link":"https:\/\/www.europesays.com\/fr\/105085\/","title":{"rendered":"\u00c0 l\u2019abandon, l\u2019\u00e9glise Saint-Maurice en proie aux vandales et aux voleurs \u00e0 Marseille"},"content":{"rendered":"<p>\u00ab\u00a0Tous les jours, il y a quelque chose de nouveau qui est massacr\u00e9, se d\u00e9sole un locataire en faisant le tour d\u2019une lourde jardini\u00e8re fracass\u00e9e de toutes parts. Hier, elle \u00e9tait intacte.\u00a0\u00bb Sans doute vandalis\u00e9e dans la nuit de lundi \u00e0 mardi dernier, la jardini\u00e8re en b\u00e9ton envahie d\u2019herbes folles, s\u2019\u00e9croule lentement dans la cour qui s\u00e9pare l\u2019<a href=\"https:\/\/www.laprovence.com\/article\/region\/4524565826979614\/la-ville-de-marseille-veut-faire-classer-l-eglise-de-pont-de-vivaux-vendue-par-le-diocese\" target=\"_blank\" rel=\"noopener\">\u00e9glise Saint-Maurice<\/a> du presbyt\u00e8re. Deux lieux inoccup\u00e9s depuis plusieurs ann\u00e9es qui, depuis peu, subissent r\u00e9guli\u00e8rement des assauts. Ici des tags, l\u00e0 les stigmates d\u2019une tentative d\u2019effraction sur la porte du local technique.<\/p>\n","protected":false},"excerpt":{"rendered":"\u00ab\u00a0Tous les jours, il y a quelque chose de nouveau qui est massacr\u00e9, se d\u00e9sole un locataire en&hellip;\n","protected":false},"author":2,"featured_media":105086,"comment_status":"","ping_status":"","sticky":false,"template":"","format":"standard","meta":{"footnotes":""},"categories":[2814],"tags":[17,1111,11,1007,1777,674,274,1011,27,22192,22193,884,12,10763,882,25,22194,22195],"class_list":{"0":"post-105085","1":"post","2":"type-post","3":"status-publish","4":"format-standard","5":"has-post-thumbnail","7":"category-marseille","8":"tag-17","9":"tag-actu","10":"tag-actualites","11":"tag-aux","12":"tag-eu","13":"tag-europe","14":"tag-faits-divers-justice","15":"tag-fr","16":"tag-france","17":"tag-labandon","18":"tag-leglise","19":"tag-marseille","20":"tag-news","21":"tag-proie","22":"tag-provence-alpes-cote-dazur","23":"tag-republique-francaise","24":"tag-saint-maurice","25":"tag-vandales"},"share_on_mastodon":{"url":"https:\/\/pubeurope.com\/@fr\/114519001230218984","error":""},"_links":{"self":[{"href":"https:\/\/www.europesays.com\/fr\/wp-json\/wp\/v2\/posts\/105085","targetHints":{"allow":["GET"]}}],"collection":[{"href":"https:\/\/www.europesays.com\/fr\/wp-json\/wp\/v2\/posts"}],"about":[{"href":"https:\/\/www.europesays.com\/fr\/wp-json\/wp\/v2\/types\/post"}],"author":[{"embeddable":true,"href":"https:\/\/www.europesays.com\/fr\/wp-json\/wp\/v2\/users\/2"}],"replies":[{"embeddable":true,"href":"https:\/\/www.europesays.com\/fr\/wp-json\/wp\/v2\/comments?post=105085"}],"version-history":[{"count":0,"href":"https:\/\/www.europesays.com\/fr\/wp-json\/wp\/v2\/posts\/105085\/revisions"}],"wp:featuredmedia":[{"embeddable":true,"href":"https:\/\/www.europesays.com\/fr\/wp-json\/wp\/v2\/media\/105086"}],"wp:attachment":[{"href":"https:\/\/www.europesays.com\/fr\/wp-json\/wp\/v2\/media?parent=105085"}],"wp:term":[{"taxonomy":"category","embeddable":true,"href":"https:\/\/www.europesays.com\/fr\/wp-json\/wp\/v2\/categories?post=105085"},{"taxonomy":"post_tag","embeddable":true,"href":"https:\/\/www.europesays.com\/fr\/wp-json\/wp\/v2\/tags?post=105085"}],"curies":[{"name":"wp","href":"https:\/\/api.w.org\/{rel}","templated":true}]}}