{"id":105089,"date":"2025-05-16T18:48:07","date_gmt":"2025-05-16T18:48:07","guid":{"rendered":"https:\/\/www.europesays.com\/fr\/105089\/"},"modified":"2025-05-16T18:48:07","modified_gmt":"2025-05-16T18:48:07","slug":"lyon-bruno-retailleau-confirme-la-dissolution-de-groupes-radicaux-dextreme-gauche-et-droite","status":"publish","type":"post","link":"https:\/\/www.europesays.com\/fr\/105089\/","title":{"rendered":"Lyon. Bruno Retailleau confirme la dissolution de groupes radicaux d&rsquo;extr\u00eame gauche et droite"},"content":{"rendered":"<p>            Par<br \/>\n        <strong><br \/>\n            <a href=\"https:\/\/actu.fr\/auteur\/redaction-lyon\" title=\"Consulter tous les articles de R\u00e9daction Lyon\" rel=\"nofollow noopener\" target=\"_blank\">R\u00e9daction Lyon<\/a><br \/>\n        <\/strong><\/p>\n<p>        Publi\u00e9 le<\/p>\n<p>            16 mai 2025 \u00e0 20h40        <\/p>\n<p><a href=\"https:\/\/actu.fr\/auvergne-rhone-alpes\/lyon_69123\/municipales-immigration-wauquiez-ecologistes-ce-qu-a-dit-bruno-retailleau-a-lyon_62639306.html\" rel=\"nofollow noopener\" target=\"_blank\">Bruno Retailleau<\/a> a confirm\u00e9 vendredi son intention de dissoudre par d\u00e9cret en Conseil des ministres le groupe Urgence Palestine, celui de la <a href=\"https:\/\/actu.fr\/auvergne-rhone-alpes\/lyon_69123\/bruno-retailleau-annonce-la-dissolution-a-venir-d-un-groupe-d-ultra-gauche-lyonnais_62576178.html\" rel=\"nofollow noopener\" target=\"_blank\">Jeune garde<\/a>, un mouvement antifasciste, et de Lyon populaire, un groupe d\u2019extr\u00eame droite.<\/p>\n<p>Jeune Garde, Lyon Populaire et Urgence Palestine<\/p>\n<p class=\" wall-content\">S\u2019agissant de <a href=\"https:\/\/actu.fr\/auvergne-rhone-alpes\/lyon_69123\/bruno-retailleau-engage-la-procedure-de-dissolution-d-un-groupe-d-ultra-droite-actif-a-lyon_62579617.html\" rel=\"nofollow noopener\" target=\"_blank\">Lyon populaire<\/a>, il lui reproche \u00ab\u00a0de faire l\u2019apologie de la collaboration avec le nazisme et de provoquer \u00e0 la haine, \u00e0 la violence et \u00e0 la discrimination envers les \u00e9trangers\u00a0\u00bb.<\/p>\n<p class=\" wall-content\">Quant \u00e0 Urgence Palestine, il l\u2019accuse de \u00ab\u00a0faire l\u2019apologie d\u2019une organisation terroriste comme le Hamas, d\u2019appeler \u00e0 l\u2019intifada sur le territoire national et de provoquer \u00e0 la haine, \u00e0 la violence ou la discrimination contre les juifs\u00a0\u00bb.<\/p>\n<p class=\" wall-content\">Les responsables de ces groupes avaient jusqu\u2019au 9 mai pour transmettre leurs observations. Mais, a affirm\u00e9 le minist\u00e8re, l\u2019examen \u00ab\u00a0approfondi\u00a0\u00bb de celles-ci \u00ab\u00a0n\u2019a toutefois pas conduit \u00e0 remettre en cause les faits tr\u00e8s graves qui leur \u00e9taient reproch\u00e9s\u00a0\u00bb.<\/p>\n<p>Dans les quinze jours \u00e0 venir<\/p>\n<p class=\" wall-content\">En cons\u00e9quence, Bruno Retailleau a annonc\u00e9 qu\u2019il proposerait l\u2019inscription des d\u00e9crets de dissolution de ces groupes \u00e0 l\u2019ordre du jour d\u2019un prochain Conseil des ministres. Ce qui devrait \u00eatre le cas dans les quinze jours \u00e0 venir, a-t-on expliqu\u00e9 dans son entourage.<\/p>\n<p>Vid\u00e9os : en ce moment sur Actu<\/p>\n<p class=\" wall-content\">D\u00e8s l\u2019annonce de la proc\u00e9dure de dissolution d\u2019Urgence Palestine et de la Jeune garde, des meetings de protestation avaient \u00e9t\u00e9 organis\u00e9s le 6 mai dans plusieurs villes dont Paris.<\/p>\n<p class=\" wall-content\">Lundi, Amnesty International France, par la voix de sa pr\u00e9sidente, Anne Savinel-Barras, a estim\u00e9 qu\u2019une dissolution d\u2019Urgence Palestine \u00ab\u00a0en plein g\u00e9nocide dans la bande de Gaza, serait un acte tr\u00e8s grave\u00a0\u00bb.<\/p>\n<p>\u00ab\u00a0Exalter impun\u00e9ment la haine et la violence\u00a0\u00bb<\/p>\n<p class=\" wall-content\">Candidat \u00e0 la pr\u00e9sidence de son parti LR dont la campagne s\u2019ach\u00e8ve \u00e0 minuit ce vendredi, Bruno Retailleau a fait valoir que le gouvernement ne \u00ab\u00a0pouvait pas laisser la violence se banaliser et devenir un mode d\u2019expression parmi d\u2019autres\u00a0\u00bb.<\/p>\n<p class=\" wall-content\">\u00ab\u00a0Face \u00e0 l\u2019ensauvagement de la soci\u00e9t\u00e9 dont nous constatons chaque jour les cons\u00e9quences dramatiques, a-t-il poursuivi, l\u2019Etat ne saurait tol\u00e9rer que de tels groupements continuent \u00e0 exalter impun\u00e9ment la haine et la violence, quelle que soit leur orientation politique ou id\u00e9ologique.\u00a0\u00bb<\/p>\n<p class=\" wall-content\"><strong>AFP<\/strong><\/p>\n<p class=\" wall-content\">Suivez toute l\u2019actualit\u00e9 de vos villes et m\u00e9dias favoris en vous inscrivant \u00e0 <a href=\"https:\/\/moncompte.actu.fr\" title=\"D\u00e9couvez Mon Actu\" rel=\"nofollow noopener\" data-trk=\"{&quot;cta&quot;:{&quot;action&quot;:&quot;https:\\\/\\\/moncompte.actu.fr&quot;,&quot;category&quot;:&quot;mon compte&quot;,&quot;from&quot;:&quot;article footer&quot;,&quot;name&quot;:&quot;Mon actu&quot;,&quot;type&quot;:&quot;cta&quot;}}\" target=\"_blank\">Mon Actu<\/a>.<\/p>\n","protected":false},"excerpt":{"rendered":"Par R\u00e9daction Lyon Publi\u00e9 le 16 mai 2025 \u00e0 20h40 Bruno Retailleau a confirm\u00e9 vendredi son intention de&hellip;\n","protected":false},"author":2,"featured_media":105090,"comment_status":"","ping_status":"","sticky":false,"template":"","format":"standard","meta":{"footnotes":""},"categories":[1889],"tags":[1111,11,2430,1013,1777,674,1011,27,2428,12,25,104],"class_list":{"0":"post-105089","1":"post","2":"type-post","3":"status-publish","4":"format-standard","5":"has-post-thumbnail","7":"category-lyon","8":"tag-actu","9":"tag-actualites","10":"tag-auvergne-rhone-alpes","11":"tag-bruno-retailleau","12":"tag-eu","13":"tag-europe","14":"tag-fr","15":"tag-france","16":"tag-lyon","17":"tag-news","18":"tag-republique-francaise","19":"tag-societe"},"share_on_mastodon":{"url":"https:\/\/pubeurope.com\/@fr\/114519009069806956","error":""},"_links":{"self":[{"href":"https:\/\/www.europesays.com\/fr\/wp-json\/wp\/v2\/posts\/105089","targetHints":{"allow":["GET"]}}],"collection":[{"href":"https:\/\/www.europesays.com\/fr\/wp-json\/wp\/v2\/posts"}],"about":[{"href":"https:\/\/www.europesays.com\/fr\/wp-json\/wp\/v2\/types\/post"}],"author":[{"embeddable":true,"href":"https:\/\/www.europesays.com\/fr\/wp-json\/wp\/v2\/users\/2"}],"replies":[{"embeddable":true,"href":"https:\/\/www.europesays.com\/fr\/wp-json\/wp\/v2\/comments?post=105089"}],"version-history":[{"count":0,"href":"https:\/\/www.europesays.com\/fr\/wp-json\/wp\/v2\/posts\/105089\/revisions"}],"wp:featuredmedia":[{"embeddable":true,"href":"https:\/\/www.europesays.com\/fr\/wp-json\/wp\/v2\/media\/105090"}],"wp:attachment":[{"href":"https:\/\/www.europesays.com\/fr\/wp-json\/wp\/v2\/media?parent=105089"}],"wp:term":[{"taxonomy":"category","embeddable":true,"href":"https:\/\/www.europesays.com\/fr\/wp-json\/wp\/v2\/categories?post=105089"},{"taxonomy":"post_tag","embeddable":true,"href":"https:\/\/www.europesays.com\/fr\/wp-json\/wp\/v2\/tags?post=105089"}],"curies":[{"name":"wp","href":"https:\/\/api.w.org\/{rel}","templated":true}]}}