{"id":1050917,"date":"2026-07-08T07:56:16","date_gmt":"2026-07-08T07:56:16","guid":{"rendered":"https:\/\/www.europesays.com\/fr\/1050917\/"},"modified":"2026-07-08T07:56:16","modified_gmt":"2026-07-08T07:56:16","slug":"katy-perry-au-nancy-open-air-des-navettes-pour-eviter-les-embouteillages","status":"publish","type":"post","link":"https:\/\/www.europesays.com\/fr\/1050917\/","title":{"rendered":"Katy Perry au Nancy Open Air : des navettes pour \u00e9viter les embouteillages"},"content":{"rendered":"\n<p class=\"isSelectedEnd\">On ne doute pas qu&rsquo;il y aura du monde, et m\u00eame beaucoup de monde, ce dimanche 12 juillet au Nancy Open Air. Il faut dire que ce n&rsquo;est pas tous les jours que l&rsquo;on a l&rsquo;occasion de voir <strong>Katy Perry<\/strong> sur sc\u00e8ne. Apr\u00e8s Clair Obscur : Expedition 33, Gims, Orelsan, Le Roi Soleil et la Star Academy, c&rsquo;est au tour de la superstar am\u00e9ricaine de monter sur sc\u00e8ne.<\/p>\n<p>Comme lors de chaque repr\u00e9sentation, et afin d&rsquo;\u00e9viter les embouteillages, un syst\u00e8me de navettes gratuites sera mis en place. Les d\u00e9parts s&rsquo;effectueront entre 16 h et 20 h depuis l&rsquo;arr\u00eat <strong>Gare-Joffre<\/strong>, avec une navette toutes les 10 \u00e0 15 minutes. \u00c0 l&rsquo;issue du concert, les retours se feront depuis l&rsquo;arr\u00eat <strong>Gare-Poirel<\/strong>.<\/p>\n","protected":false},"excerpt":{"rendered":"On ne doute pas qu&rsquo;il y aura du monde, et m\u00eame beaucoup de monde, ce dimanche 12 juillet&hellip;\n","protected":false},"author":2,"featured_media":1050918,"comment_status":"","ping_status":"","sticky":false,"template":"","format":"standard","meta":{"footnotes":"","_share_on_mastodon":"0"},"categories":[9635],"tags":[1111,11,2965,7048,1697,21862,1777,674,1011,27,7533,775,109124,8553,3457,109126,1702,60268,20405,12,10551,109125,9666,25,2803],"class_list":["post-1050917","post","type-post","status-publish","format-standard","has-post-thumbnail","category-nancy","tag-actu","tag-actualites","tag-air","tag-bus","tag-concert","tag-embouteillage","tag-eu","tag-europe","tag-fr","tag-france","tag-gare","tag-grand-est","tag-katy","tag-katy-perry","tag-meurthe-et-moselle","tag-nanct","tag-nancy","tag-nancy-open-air","tag-navette","tag-news","tag-open","tag-perry","tag-plaisir","tag-republique-francaise","tag-transport"],"share_on_mastodon":{"url":"","error":""},"_links":{"self":[{"href":"https:\/\/www.europesays.com\/fr\/wp-json\/wp\/v2\/posts\/1050917","targetHints":{"allow":["GET"]}}],"collection":[{"href":"https:\/\/www.europesays.com\/fr\/wp-json\/wp\/v2\/posts"}],"about":[{"href":"https:\/\/www.europesays.com\/fr\/wp-json\/wp\/v2\/types\/post"}],"author":[{"embeddable":true,"href":"https:\/\/www.europesays.com\/fr\/wp-json\/wp\/v2\/users\/2"}],"replies":[{"embeddable":true,"href":"https:\/\/www.europesays.com\/fr\/wp-json\/wp\/v2\/comments?post=1050917"}],"version-history":[{"count":0,"href":"https:\/\/www.europesays.com\/fr\/wp-json\/wp\/v2\/posts\/1050917\/revisions"}],"wp:featuredmedia":[{"embeddable":true,"href":"https:\/\/www.europesays.com\/fr\/wp-json\/wp\/v2\/media\/1050918"}],"wp:attachment":[{"href":"https:\/\/www.europesays.com\/fr\/wp-json\/wp\/v2\/media?parent=1050917"}],"wp:term":[{"taxonomy":"category","embeddable":true,"href":"https:\/\/www.europesays.com\/fr\/wp-json\/wp\/v2\/categories?post=1050917"},{"taxonomy":"post_tag","embeddable":true,"href":"https:\/\/www.europesays.com\/fr\/wp-json\/wp\/v2\/tags?post=1050917"}],"curies":[{"name":"wp","href":"https:\/\/api.w.org\/{rel}","templated":true}]}}