{"id":105097,"date":"2025-05-16T18:53:17","date_gmt":"2025-05-16T18:53:17","guid":{"rendered":"https:\/\/www.europesays.com\/fr\/105097\/"},"modified":"2025-05-16T18:53:17","modified_gmt":"2025-05-16T18:53:17","slug":"verif-hitler-a-t-il-fait-un-discours-au-pied-de-la-tour-eiffel-comme-laffirme-donald-trump","status":"publish","type":"post","link":"https:\/\/www.europesays.com\/fr\/105097\/","title":{"rendered":"V\u00c9RIF&rsquo;- Hitler a-t-il fait un discours au pied de la tour Eiffel, comme l&rsquo;affirme Donald Trump ?"},"content":{"rendered":"<p>Le pr\u00e9sident am\u00e9ricain assure que Hitler a prononc\u00e9 un discours devant la tour Eiffel.Le chancelier du Reich s&rsquo;est rendu \u00e0 Paris au lendemain de l&rsquo;Armistice du 22 juin 1940.Mais il ne s&rsquo;y est pas exprim\u00e9 publiquement, selon les historiens.<a href=\"https:\/\/www.tf1info.fr\/actualite\/les-verificateurs-12325\/\" rel=\"noopener\" class=\"jsx-3118104007 Link jsx-1428418400 jsx-1910851033\" target=\"_blank\"><\/p>\n<p style=\"font-weight:400\" class=\"jsx-1837267516\">Suivez la couverture compl\u00e8te<\/p>\n<p style=\"font-weight:800\" class=\"jsx-1837267516\">L&rsquo;info pass\u00e9e au crible des V\u00e9rificateurs<\/p>\n<p><\/a><\/p>\n<p data-module=\"article-paragraph\" class=\"jsx-362436225 Paragraph Paragraph__End\">C&rsquo;est une nouvelle pique envoy\u00e9e \u00e0 la France. Donald Trump a profit\u00e9 d&rsquo;un discours \u00e0 Doha, au Qatar, pour revenir sur les comm\u00e9morations du 8 mai, c\u00e9l\u00e9brant les <a href=\"https:\/\/www.tf1info.fr\/actualite\/commemoration-de-la-victoire-du-8-mai-1945-12954\/\" target=\"_blank\" rel=\"noopener\">80 ans de la fin (nouvelle fen\u00eatre)<\/a> de la Seconde Guerre mondiale. Et pour minimiser le r\u00f4le jou\u00e9 par la France dans la victoire, \u00e0 la lumi\u00e8re de celui des \u00c9tats-Unis.\u00a0<\/p>\n<p data-module=\"article-paragraph\" class=\"jsx-362436225 Paragraph Paragraph__End\">\u00ab\u00a0Nous aimons la France, n&rsquo;est-ce pas ? Mais je pense que nous avons fait un peu plus pour gagner la guerre que la France. On est d&rsquo;accord ? Vous savez, je ne veux pas faire le malin. Mais quand Hitler a fait son discours \u00e0 la tour Eiffel, je dirais que ce n&rsquo;\u00e9tait pas vraiment id\u00e9al\u00a0\u00bb, a d\u00e9clar\u00e9 le pr\u00e9sident am\u00e9ricain, dans un extrait <a href=\"https:\/\/x.com\/atrupar\/status\/1923053942759358935 \" target=\"_blank\">isol\u00e9 et largement comment\u00e9 (nouvelle fen\u00eatre)<\/a> sur les r\u00e9seaux sociaux. Car ce dernier r\u00e9invente ici l&rsquo;Histoire. Adolf Hitler n&rsquo;a jamais fait de d\u00e9claration publique, ni prononc\u00e9 de discours \u00e0 Paris.\u00a0<\/p>\n<p>Une \u00ab\u00a0visite \u00e9clair\u00a0\u00bb en juin 1940<\/p>\n<p data-module=\"article-paragraph\" class=\"jsx-362436225 Paragraph\">En revanche, le chancelier du Reich s&rsquo;est bien rendu au pied de la tour Eiffel\u2026 seulement pour y poser. Une preuve de ce moment est d&rsquo;ailleurs consign\u00e9e aux archives. Prise par le photographe personnel de Hitler, Heinrich Hoffmann, elle le montre sur la place du Trocad\u00e9ro, dos au c\u00e9l\u00e8bre monument et entour\u00e9 de son ministre Albert Speer et du sculpteur Arno Breker. On retrouve facilement le clich\u00e9 en ligne, archiv\u00e9 par plusieurs mus\u00e9es comme l&rsquo;<a href=\"https:\/\/www.iwm.org.uk\/collections\/item\/object\/205193083 \" target=\"_blank\" rel=\"nofollow noopener\">Imperial War Museum (nouvelle fen\u00eatre)<\/a> \u00e0 Londres ou la <a href=\"https:\/\/www.annefrank.org\/en\/timeline\/205\/adolf-hitler-in-paris\/ \" target=\"_blank\" rel=\"nofollow noopener\">Maison Anne Frank (nouvelle fen\u00eatre)<\/a> \u00e0 Amsterdam.<\/p>\n<p data-module=\"article-paragraph\" class=\"jsx-362436225 Paragraph Paragraph__End\">Il raconte une p\u00e9riode bien particuli\u00e8re de la guerre : au lendemain de la <a href=\"https:\/\/fresques.ina.fr\/picardie\/fiche-media\/Picard00428\/les-21-et-22-juin-1940-signature-de-l-armistice-franco-allemand-a-la-clairiere-de-rethondes.html#:~:text=Le%2022%20juin%201940%20l,trouvait%20le%2011%20novembre%201918. \" target=\"_blank\" rel=\"nofollow noopener\">signature de l&rsquo;armistice (nouvelle fen\u00eatre)<\/a> entre la France et l&rsquo;Allemagne, les 21 et 22 juin 1940 \u00e0 Compi\u00e8gne, Adolf Hitler se rend \u00e0 Paris en territoire conquis. Une partie de la France est d\u00e9sormais occup\u00e9e par l&rsquo;arm\u00e9e allemande et le chancelier proc\u00e8de \u00e0 une visite \u00e9clair (\u00ab\u00a0Blitz Besuch\u00a0\u00bb) de la capitale. Pendant deux heures <a href=\"https:\/\/histoire-image.org\/etudes\/hitler-paris\" target=\"_blank\" rel=\"nofollow noopener\">au petit matin (nouvelle fen\u00eatre)<\/a>, il passe en revue les principaux monuments d&rsquo;un Paris d\u00e9sert, de la tour Eiffel \u00e0 l&rsquo;Op\u00e9ra, en passant par le Louvre ou le Panth\u00e9on. Hitler \u00ab\u00a0n&rsquo;a pas pu monter sur la tour Eiffel, car les Fran\u00e7ais avaient sectionn\u00e9 les c\u00e2bles de l&rsquo;ascenseur juste avant l&rsquo;invasion allemande\u00a0\u00bb, pr\u00e9cise d&rsquo;ailleurs le site de la Maison Anne Frank.\u00a0<\/p>\n<p><img decoding=\"async\" src=\"https:\/\/www.europesays.com\/fr\/wp-content\/uploads\/2025\/05\/hitler-au-pied-de-la-tour-eiffel-en-1940-856558-0@1x.jpeg\" alt=\"Albert Speer, Adolf Hitler et Arno Breker sur la place du Trocad\u00e9ro, devant la tour Eiffel, le 23 juin 1940. - THE NATIONAL ARCHIVES \/ AFP\" loading=\"lazy\" importance=\"low\" fetchpriority=\"low\" class=\"\"\/>Albert Speer, Adolf Hitler et Arno Breker sur la place du Trocad\u00e9ro, devant la tour Eiffel, le 23 juin 1940. &#8211; THE NATIONAL ARCHIVES \/ AFP<\/p>\n<p data-module=\"article-paragraph\" class=\"jsx-362436225 Paragraph\">Il existe une autre photo du F\u00fchrer \u00e0 Paris, quittant le Trocad\u00e9ro avec ses officiers de la Wehrmacht. Voici les seules traces de sa visite, puisque ce dernier n&rsquo;y a fait aucune d\u00e9claration. \u00ab\u00a0Aucun discours de Hitler \u00e0 Paris, rien\u00a0\u00bb, nous confirme Johann Chapoutot, historien sp\u00e9cialiste du nazisme et professeur \u00e0 l&rsquo;universit\u00e9 Paris Sorbonne. \u00ab\u00a0Des propos priv\u00e9s, \u00e9voqu\u00e9s par Speer notamment, dans ses M\u00e9moires, des consid\u00e9rations sur l&rsquo;architecture du Palais Garnier, notamment, mais rien de public.\u00a0\u00bb\u00a0<\/p>\n<p data-module=\"article-paragraph\" class=\"jsx-362436225 Paragraph Paragraph__End\">Par ailleurs, Adolf Hitler n&rsquo;a jamais <a href=\"https:\/\/en.wikipedia.org\/wiki\/List_of_speeches_given_by_Adolf_Hitler \" target=\"_blank\" rel=\"noopener\">prononc\u00e9 de discours (nouvelle fen\u00eatre)<\/a> dans la France occup\u00e9e et cette visite \u00e9clair \u00e9tait sa seule et unique dans la capitale. Cet \u00e9pisode de l&rsquo;Occupation comporte une seule part d&rsquo;ombre : sa date exacte reste discut\u00e9e jusqu&rsquo;\u00e0 aujourd&rsquo;hui, puisque les historiens ne s&rsquo;accordent pas entre le 23 et le 28 juin 1940.<\/p>\n<p>Quand Trump se moque de la France et de MacronSource : TF1 Info<\/p>\n<p><img decoding=\"async\" src=\"https:\/\/www.europesays.com\/fr\/wp-content\/uploads\/2025\/05\/quand-trump-se-moque-de-la-france-et-de-macron-3ffd6d-0@1x.jpeg\" alt=\"Quand Trump se moque de la France et de Macron\" loading=\"lazy\" importance=\"low\" fetchpriority=\"low\" class=\"\"\/><img decoding=\"async\" src=\"https:\/\/www.europesays.com\/fr\/wp-content\/uploads\/2025\/04\/player-logo-play.svg.svg+xml\" alt=\"Logo lecture\" class=\"jsx-d0de44c05fe3042c PlayerLazyload__Play\"\/><\/p>\n<p data-module=\"article-paragraph\" class=\"jsx-362436225 Paragraph Paragraph__End\"><strong>Vous souhaitez nous poser des questions ou nous soumettre une information qui ne vous para\u00eet pas fiable ? N&rsquo;h\u00e9sitez pas \u00e0 nous \u00e9crire \u00e0 l&rsquo;adresse lesverificateurs@tf1.fr. Retrouvez-nous \u00e9galement sur X : notre \u00e9quipe y est pr\u00e9sente derri\u00e8re le compte @verif_TF1LCI.<\/strong><\/p>\n<p>Caroline QUEVRAIN<\/p>\n","protected":false},"excerpt":{"rendered":"Le pr\u00e9sident am\u00e9ricain assure que Hitler a prononc\u00e9 un discours devant la tour Eiffel.Le chancelier du Reich s&rsquo;est&hellip;\n","protected":false},"author":2,"featured_media":105098,"comment_status":"","ping_status":"","sticky":false,"template":"","format":"standard","meta":{"footnotes":""},"categories":[1888],"tags":[19090,1111,1928,11,1927,672,2618,1921,986,19350,75,1073,73,1777,674,842,1011,27,1922,7541,2497,12,1926,626,1925,25,133,1920],"class_list":{"0":"post-105097","1":"post","2":"type-post","3":"status-publish","4":"format-standard","5":"has-post-thumbnail","7":"category-paris","8":"tag-8-mai-1945-la-ceremonie-des-80-ans-de-la-victoire-sur-tf1","9":"tag-actu","10":"tag-actu-paris","11":"tag-actualites","12":"tag-actualites-paris","13":"tag-allemagne","14":"tag-anne-hidalgo","15":"tag-article-video","16":"tag-brigitte-macron","17":"tag-commemoration-de-la-victoire-du-8-mai-1945","18":"tag-donald-trump","19":"tag-emmanuel-macron","20":"tag-etats-unis","21":"tag-eu","22":"tag-europe","23":"tag-fake-news","24":"tag-fr","25":"tag-france","26":"tag-info","27":"tag-linfo-passee-au-crible-des-verificateurs","28":"tag-le-second-mandat-de-donald-trump","29":"tag-news","30":"tag-news-paris","31":"tag-paris","32":"tag-paris-news","33":"tag-republique-francaise","34":"tag-video","35":"tag-video-international"},"share_on_mastodon":{"url":"","error":"Validation failed: Text character limit of 500 exceeded"},"_links":{"self":[{"href":"https:\/\/www.europesays.com\/fr\/wp-json\/wp\/v2\/posts\/105097","targetHints":{"allow":["GET"]}}],"collection":[{"href":"https:\/\/www.europesays.com\/fr\/wp-json\/wp\/v2\/posts"}],"about":[{"href":"https:\/\/www.europesays.com\/fr\/wp-json\/wp\/v2\/types\/post"}],"author":[{"embeddable":true,"href":"https:\/\/www.europesays.com\/fr\/wp-json\/wp\/v2\/users\/2"}],"replies":[{"embeddable":true,"href":"https:\/\/www.europesays.com\/fr\/wp-json\/wp\/v2\/comments?post=105097"}],"version-history":[{"count":0,"href":"https:\/\/www.europesays.com\/fr\/wp-json\/wp\/v2\/posts\/105097\/revisions"}],"wp:featuredmedia":[{"embeddable":true,"href":"https:\/\/www.europesays.com\/fr\/wp-json\/wp\/v2\/media\/105098"}],"wp:attachment":[{"href":"https:\/\/www.europesays.com\/fr\/wp-json\/wp\/v2\/media?parent=105097"}],"wp:term":[{"taxonomy":"category","embeddable":true,"href":"https:\/\/www.europesays.com\/fr\/wp-json\/wp\/v2\/categories?post=105097"},{"taxonomy":"post_tag","embeddable":true,"href":"https:\/\/www.europesays.com\/fr\/wp-json\/wp\/v2\/tags?post=105097"}],"curies":[{"name":"wp","href":"https:\/\/api.w.org\/{rel}","templated":true}]}}