{"id":1050981,"date":"2026-07-08T08:36:17","date_gmt":"2026-07-08T08:36:17","guid":{"rendered":"https:\/\/www.europesays.com\/fr\/1050981\/"},"modified":"2026-07-08T08:36:17","modified_gmt":"2026-07-08T08:36:17","slug":"les-etats-unis-frappent-liran-apres-des-tirs-sur-des-navires-a-ormuz-le-cessez-le-feu-est-termine","status":"publish","type":"post","link":"https:\/\/www.europesays.com\/fr\/1050981\/","title":{"rendered":"Les \u00c9tats-Unis frappent l\u2019Iran apr\u00e8s des tirs sur des navires \u00e0 Ormuz, le cessez-le-feu est \u00ab\u00a0termin\u00e9\u00a0\u00bb"},"content":{"rendered":"<p>                 \u00c0 voir aussi sur Le HuffPost            <\/p>\n<p> La lecture de ce contenu est susceptible d\u2019entra\u00eener un d\u00e9p\u00f4t de cookies de la part de l\u2019op\u00e9rateur tiers qui l\u2019h\u00e9berge. Compte-tenu des choix que vous avez exprim\u00e9s en mati\u00e8re de d\u00e9p\u00f4t de cookies, nous avons bloqu\u00e9 l\u2019affichage de ce contenu. Si vous souhaitez y acc\u00e9der, vous devez accepter la cat\u00e9gorie de cookies \u201cContenus tiers\u201d en cliquant sur le bouton ci-dessous. <\/p>\n<p> Lire la Vid\u00e9o              <\/p>\n<p class=\"asset asset-text\">La nouvelle escalade dans le<a href=\"https:\/\/www.huffingtonpost.fr\/international\/video\/negociations-entre-l-iran-et-les-etats-unis-ce-qui-s-est-dit-lors-de-la-premiere-session-de-discussions-en-suisse_274562.html\" rel=\"nofollow noopener\" target=\"_blank\"> d\u00e9troit d\u2019Ormuz<\/a> a eu raison du cessez-le-feu entre Washington et T\u00e9h\u00e9ran. Ce dernier est \u00ab\u00a0termin\u00e9\u00a0\u00bb, a affirm\u00e9 Donald Trump ce mercredi 8\u00a0juillet dans la matin\u00e9e, provoquant une hausse de plus de 5\u00a0% du prix du p\u00e9trole. Cette annonce intervient quelques heures apr\u00e8s que les \u00c9tats-Unis ont lanc\u00e9 une s\u00e9rie de frappes contre l\u2019Iran et r\u00e9tabli leurs sanctions \u00e9conomiques sur le <a href=\"https:\/\/www.huffingtonpost.fr\/international\/article\/malgre-l-accord-entre-l-iran-et-les-etats-unis-l-economie-n-est-pas-pres-de-retrouver-son-etat-d-avant-guerre_271361.html\" rel=\"nofollow noopener\" target=\"_blank\">p\u00e9trole iranien<\/a>.<\/p>\n<p class=\"asset asset-text\">Des d\u00e9cisions justifi\u00e9es c\u00f4t\u00e9 \u00e9tasunien par la n\u00e9cessit\u00e9 de r\u00e9pondre aux tirs sur des navires commerciaux dans le d\u00e9troit d\u2019Ormuz. Les deux camps s\u2019accusent de violer leur protocole d\u2019accord conclu le 17\u00a0juin pour mettre fin \u00e0 la guerre d\u00e9clench\u00e9e le 28\u00a0f\u00e9vrier par l\u2019offensive am\u00e9ricano-isra\u00e9lienne contre T\u00e9h\u00e9ran.<\/p>\n<p>       \u00ab\u00a0Violation du protocole d\u2019accord\u00a0\u00bb    <\/p>\n<p class=\"asset asset-text\">Le commandement am\u00e9ricain pour le Moyen-Orient (Centcom) a annonc\u00e9 avoir men\u00e9 une \u00ab\u00a0s\u00e9rie de frappes puissantes\u00a0\u00bb en repr\u00e9sailles aux attaques iraniennes, qu\u2019il qualifie de \u00ab\u00a0violation flagrante du cessez-le-feu\u00a0\u00bb. L\u2019arm\u00e9e a am\u00e9ricaine a ainsi frapp\u00e9 plus de 80\u00a0cibles en Iran, notamment \u00ab\u00a0des syst\u00e8mes iraniens de d\u00e9fense antia\u00e9rienne, des r\u00e9seaux de commandement et de surveillance, des sites de radars c\u00f4tiers, des capacit\u00e9s de missiles antinavires et plus de 60\u00a0petites embarcations du Corps des Gardiens de la R\u00e9volution islamique dans le d\u00e9troit et \u00e0 proximit\u00e9\u00a0\u00bb, a-t-elle d\u00e9taill\u00e9 dans un communiqu\u00e9 publi\u00e9 sur X.<\/p>\n<p class=\"asset asset-text\">En r\u00e9ponse, l\u2019Iran avait mis en garde les \u00c9tats-Unis contre cette \u00ab\u00a0violation\u00a0\u00bb du protocole d\u2019accord, pr\u00e9venant qu\u2019il \u00ab\u00a0prendrait des mesures d\u00e9cisives pour prot\u00e9ger ses int\u00e9r\u00eats et sa s\u00e9curit\u00e9 nationale\u00a0\u00bb, dans une d\u00e9claration de son minist\u00e8re des Affaires \u00e9trang\u00e8res. Ce mercredi 8\u00a0juillet, les Gardiens de la r\u00e9volution iraniens ont annonc\u00e9 avoir frapp\u00e9 85\u00a0installations sur des bases militaires des \u00c9tats-Unis au Kowe\u00eft et \u00e0 Bahre\u00efn. \u00ab\u00a0En premi\u00e8re riposte \u00e0 cette agression, la Marine et la Force a\u00e9rospatiale du Corps des Gardiens de la R\u00e9volution islamique (IRGC) ont men\u00e9 une op\u00e9ration conjointe \u00e0 l\u2019aide de missiles et de drones, frappant 85\u00a0installations militaires am\u00e9ricaines strat\u00e9giques\u00a0\u00bb et abattant un drone MQ-9, indique un communiqu\u00e9 diffus\u00e9 par la t\u00e9l\u00e9vision officielle Irib.<\/p>\n<p class=\"asset asset-text\">Un membre des Gardiens, Mohammad Reza Khazini, a \u00e9t\u00e9 touch\u00e9 par des \u00e9clats d\u2019obus et est mort \u00e0 Mahshahr, ville portuaire situ\u00e9e non loin de l\u2019Irak, a indiqu\u00e9 l\u2019agence de presse gouvernementale Irna.<\/p>\n<p class=\"asset asset-text\">Pour le secr\u00e9taire g\u00e9n\u00e9ral de l\u2019Otan Mark Rutte, les frappes am\u00e9ricaines \u00e9taient \u00ab\u00a0absolument n\u00e9cessaires, parce que lorsqu\u2019il y a un cessez-le-feu et que l\u2019Iran le viole quasiment ouvertement, on a vu ce qui s\u2019est pass\u00e9 hier avec des navires qui ont \u00e9t\u00e9 touch\u00e9s\u00a0\u00bb. \u00ab\u00a0Je pense qu\u2019il est totalement crucial que les \u00c9tats-Unis r\u00e9agissent avec fermet\u00e9\u00a0\u00bb, a-t-il insist\u00e9.<\/p>\n<p>    Appels \u00e0 la d\u00e9sescalade    <\/p>\n<p class=\"asset asset-text\">Le Kowe\u00eft a condamn\u00e9 mercredi les attaques iraniennes sur son territoire, estimant qu\u2019elles compromettaient les efforts de d\u00e9sescalade dans la r\u00e9gion. Le minist\u00e8re kowe\u00eftien des affaires \u00e9trang\u00e8res a exprim\u00e9 dans un communiqu\u00e9 \u00ab\u00a0sa plus ferme condamnation et d\u00e9nonciation des attaques r\u00e9p\u00e9t\u00e9es et illicites de l\u2019Iran\u00a0\u00bb, ajoutant que \u00ab\u00a0la poursuite de ces attaques effront\u00e9es, \u00e0 un moment o\u00f9 des efforts r\u00e9gionaux et internationaux de d\u00e9sescalade sont en cours, compromettait syst\u00e9matiquement les efforts visant \u00e0 r\u00e9duire les tensions\u00a0\u00bb.<\/p>\n<p class=\"asset asset-text\">Le Qatar, l\u2019un des pays m\u00e9diateurs dans les pourparlers entre l\u2019Iran et les \u00c9tats-Unis, a \u00e9galement condamn\u00e9 les frappes men\u00e9es par l\u2019Iran. Dans un communiqu\u00e9, le minist\u00e8re qatari des Affaires \u00e9trang\u00e8res a soulign\u00e9 \u00ab\u00a0la n\u00e9cessit\u00e9 de pr\u00e9server la r\u00e9gion des r\u00e9percussions de ces attaques injustifi\u00e9es, de poursuivre la voie du dialogue et de la diplomatie, de r\u00e9duire les tensions et de capitaliser sur les acquis r\u00e9alis\u00e9s dans le cadre du protocole d\u2019accord\u00a0\u00bb.<\/p>\n<p>    Des sanctions \u00e9conomiques sur le p\u00e9trole    <\/p>\n<p class=\"asset asset-text\">Washington a par ailleurs r\u00e9tabli ses sanctions \u00e9conomiques sur le p\u00e9trole iranien. Un document publi\u00e9 par le minist\u00e8re des Finances interdit toute nouvelle transaction portant sur les hydrocarbures iraniens \u00e0 compter de mardi.<\/p>\n<p class=\"asset asset-text\">\u00ab\u00a0Les agissements de l\u2019Iran dans le d\u00e9troit sont totalement inacceptables aux yeux des \u00c9tats-Unis et ne resteront pas impunis\u00a0\u00bb, a d\u00e9clar\u00e9 un responsable gouvernemental am\u00e9ricain sous le couvert de l\u2019anonymat. Dans ce contexte de tensions, le cours du baril de p\u00e9trole am\u00e9ricain WTI avan\u00e7ait de 2,63\u00a0% \u00e0 72,29\u00a0dollars \u00e0 l\u2019ouverture des march\u00e9s asiatiques.<\/p>\n<p>                     <strong>Divergences sur la gestion du d\u00e9troit<\/strong>    <\/p>\n<p class=\"asset asset-text\">L\u2019Arabie saoudite a condamn\u00e9 \u00ab\u00a0le ciblage par la R\u00e9publique islamique d\u2019Iran du p\u00e9trolier saoudien Wedyan\u00a0\u00bb, ainsi que celui \u00ab\u00a0du m\u00e9thanier qatari Al-Rakayyat\u00a0\u00bb, d\u00e9non\u00e7ant \u00ab\u00a0une atteinte \u00e0 la s\u00e9curit\u00e9 de la navigation internationale et \u00e0 la s\u00e9curit\u00e9 des approvisionnements \u00e9nerg\u00e9tiques mondiaux\u00a0\u00bb.<\/p>\n<p class=\"asset asset-text\">Auparavant, le Qatar avait annonc\u00e9 avoir convoqu\u00e9 le charg\u00e9 d\u2019affaires iranien, exigeant \u00ab\u00a0des explications sur cette attaque\u00a0\u00bb contre son m\u00e9thanier. Le minist\u00e8re qatari des Affaires \u00e9trang\u00e8res a dit avoir remis au diplomate iranien une note sommant T\u00e9h\u00e9ran de \u00ab\u00a0cesser imm\u00e9diatement toute pratique portant atteinte \u00e0 la s\u00e9curit\u00e9 r\u00e9gionale\u00a0\u00bb ainsi qu\u2019\u00e0 \u00ab\u00a0la s\u00e9curit\u00e9 de la navigation internationale et l\u2019approvisionnement \u00e9nerg\u00e9tique mondial\u00a0\u00bb.<\/p>\n<p class=\"asset asset-text\">Le porte-parole du minist\u00e8re iranien des Affaires \u00e9trang\u00e8res Esma\u00efl Bagha\u00ef a, de son c\u00f4t\u00e9, d\u00e9nonc\u00e9 une mise en cause \u00ab\u00a0inacceptable\u00a0\u00bb de la part du Qatar.<\/p>\n<p class=\"asset asset-text\">Sans les attribuer, l\u2019agence UKMTO a ensuite signal\u00e9 mardi deux autres incidents\u00a0: un p\u00e9trolier touch\u00e9 par un projectile non identifi\u00e9, subissant \u00ab\u00a0des dommages structurels\u00a0\u00bb, et un navire-citerne frapp\u00e9 par un drone d\u2019origine inconnue. Dans les trois cas, l\u2019agence a indiqu\u00e9 qu\u2019il n\u2019y avait eu ni bless\u00e9, ni d\u00e9g\u00e2ts environnementaux.<\/p>\n<p class=\"asset asset-text\">L\u2019Iran exclut, en d\u00e9pit de l\u2019opposition des \u00c9tats-Unis, tout retour \u00e0 la situation d\u2019avant-guerre, quand le passage du d\u00e9troit \u00e9tait gratuit, et menace les navires tent\u00e9s de contourner le seul itin\u00e9raire qu\u2019il a autoris\u00e9 le long de ses c\u00f4tes.<\/p>\n<p class=\"asset asset-text\">Cette mont\u00e9e des tensions intervient alors que l\u2019Iran organise depuis samedi des fun\u00e9railles nationales de six jours pour son guide supr\u00eame, Ali Khamenei, tu\u00e9 au premier jour de la guerre par des frappes isra\u00e9lo-am\u00e9ricaines, dont le corps vient d\u2019arriver en Irak pour des processions \u00e0 Najaf et Kerbala, deux villes abritant les sanctuaires les plus v\u00e9n\u00e9r\u00e9s des musulmans chiites.<\/p>\n","protected":false},"excerpt":{"rendered":"\u00c0 voir aussi sur Le HuffPost La lecture de ce contenu est susceptible d\u2019entra\u00eener un d\u00e9p\u00f4t de cookies&hellip;\n","protected":false},"author":2,"featured_media":1050982,"comment_status":"","ping_status":"","sticky":false,"template":"","format":"standard","meta":{"footnotes":"","_share_on_mastodon":"0"},"categories":[1589],"tags":[11,105927,73,1866,14,3019,12,1864,1865,1863,308],"class_list":["post-1050981","post","type-post","status-publish","format-standard","has-post-thumbnail","category-etats-unis","tag-actualites","tag-detroit-d-ormuz","tag-etats-unis","tag-etats-unis-damerique","tag-international","tag-iran","tag-news","tag-united-states","tag-united-states-of-america","tag-us","tag-usa"],"share_on_mastodon":{"url":"https:\/\/pubeurope.com\/@fr\/116883448662836064","error":""},"_links":{"self":[{"href":"https:\/\/www.europesays.com\/fr\/wp-json\/wp\/v2\/posts\/1050981","targetHints":{"allow":["GET"]}}],"collection":[{"href":"https:\/\/www.europesays.com\/fr\/wp-json\/wp\/v2\/posts"}],"about":[{"href":"https:\/\/www.europesays.com\/fr\/wp-json\/wp\/v2\/types\/post"}],"author":[{"embeddable":true,"href":"https:\/\/www.europesays.com\/fr\/wp-json\/wp\/v2\/users\/2"}],"replies":[{"embeddable":true,"href":"https:\/\/www.europesays.com\/fr\/wp-json\/wp\/v2\/comments?post=1050981"}],"version-history":[{"count":0,"href":"https:\/\/www.europesays.com\/fr\/wp-json\/wp\/v2\/posts\/1050981\/revisions"}],"wp:featuredmedia":[{"embeddable":true,"href":"https:\/\/www.europesays.com\/fr\/wp-json\/wp\/v2\/media\/1050982"}],"wp:attachment":[{"href":"https:\/\/www.europesays.com\/fr\/wp-json\/wp\/v2\/media?parent=1050981"}],"wp:term":[{"taxonomy":"category","embeddable":true,"href":"https:\/\/www.europesays.com\/fr\/wp-json\/wp\/v2\/categories?post=1050981"},{"taxonomy":"post_tag","embeddable":true,"href":"https:\/\/www.europesays.com\/fr\/wp-json\/wp\/v2\/tags?post=1050981"}],"curies":[{"name":"wp","href":"https:\/\/api.w.org\/{rel}","templated":true}]}}