{"id":10511,"date":"2025-04-08T15:17:07","date_gmt":"2025-04-08T15:17:07","guid":{"rendered":"https:\/\/www.europesays.com\/fr\/10511\/"},"modified":"2025-04-08T15:17:07","modified_gmt":"2025-04-08T15:17:07","slug":"ces-touristes-qui-ne-veulent-plus-voyager-au-pays-de-donald-trump","status":"publish","type":"post","link":"https:\/\/www.europesays.com\/fr\/10511\/","title":{"rendered":"Ces touristes qui ne veulent plus voyager au pays de Donald Trump"},"content":{"rendered":"\n<p>Des <a href=\"https:\/\/www.courrierinternational.com\/article\/opinion-ne-venez-plus-aux-etats-unis-le-jeu-n-en-vaut-plus-la-chandelle_229180\" target=\"_blank\" rel=\"noopener\">touristes internationaux arr\u00eat\u00e9s et retenus \u00e0 la fronti\u00e8re<\/a>, des <a href=\"https:\/\/www.courrierinternational.com\/grand-format\/une-carte-pour-mesurer-l-ampleur-des-droits-de-douane-americains_229490\" target=\"_blank\" rel=\"noopener\">droits de douane \u00e9lev\u00e9s impos\u00e9s \u00e0 des partenaires commerciaux,<\/a> des <a href=\"https:\/\/www.courrierinternational.com\/article\/analyse-barrieres-douanieres-la-double-strategie-de-trump-face-au-mexique-et-au-canada_227307\" target=\"_blank\" rel=\"noopener\">menaces contre des alli\u00e9s de longue date<\/a>\u2026 \u201cLes mesures prises par Donald Trump ces derni\u00e8res semaines poussent les touristes du monde entier \u00e0 reconsid\u00e9rer voire \u00e0 tout bonnement annuler leur voyage aux \u00c9tats-Unis\u201d, <a class=\"ithalc\" data-ithal=\"lien_externe\" data-ithalc=\"[nav_article]\" target=\"_blank\" href=\"https:\/\/www.nytimes.com\/2025\/03\/26\/travel\/foreign-travel-to-united-states-trump.html\" rel=\"noopener\">souligne <strong>The New York Times<\/strong><\/a><strong>.<\/strong><\/p>\n<p>Un nombre croissant de visiteurs \u00e9trangers craignent en effet d\u2019\u00eatre mal accueillis aux \u00c9tats-Unis voire de se retrouver en ins\u00e9curit\u00e9 et \u201crechignent \u00e0 soutenir l\u2019\u00e9conomie d\u2019un pays qui m\u00e8ne une v\u00e9ritable guerre commerciale et d\u00e9stabilise ses alli\u00e9s\u201d, poursuit le journal.<\/p>\n<p> Ni \u00e0 P\u00e2ques ni \u00e0 la\u00a0Trinit\u00e9 <\/p>\n<p>Mallory Henderson est consultante en marketing \u00e0 Londres, elle se rend habituellement aux \u00c9tats-Unis deux fois par an, mais elle vient d\u2019annuler un voyage pr\u00e9vu \u00e0 P\u00e2ques pour rendre visite \u00e0 son fr\u00e8re et \u00e0 sa ni\u00e8ce qui vivent \u00e0 Boston. Elle souligne dans les colonnes du quotidien new-yorkais\u00a0: \u201cIl y a tant d\u2019Am\u00e9ricains qui cherchent \u00e0 \u00e9chapper \u00e0 l\u2019atmosph\u00e8re tendue et toxique qui r\u00e8gne dans leur pays. Pourquoi voudrait-on s\u2019y rendre, surtout en ce moment avec toutes les d\u00e9tentions arbitraires \u00e0 l\u2019entr\u00e9e dans le pays\u00a0?<\/p>\n<p>Et la consultante d\u2019ajouter\u00a0:<\/p>\n<p>\u201cC\u2019est une p\u00e9r<\/p>\n","protected":false},"excerpt":{"rendered":"Des touristes internationaux arr\u00eat\u00e9s et retenus \u00e0 la fronti\u00e8re, des droits de douane \u00e9lev\u00e9s impos\u00e9s \u00e0 des partenaires&hellip;\n","protected":false},"author":2,"featured_media":10512,"comment_status":"","ping_status":"","sticky":false,"template":"","format":"standard","meta":{"footnotes":""},"categories":[1589],"tags":[11,3822,574,75,73,1866,12,1857,602,2542,770,1864,1865,1863,308],"class_list":{"0":"post-10511","1":"post","2":"type-post","3":"status-publish","4":"format-standard","5":"has-post-thumbnail","7":"category-etats-unis","8":"tag-actualites","9":"tag-amu00e9riques","10":"tag-canada","11":"tag-donald-trump","12":"tag-etats-unis","13":"tag-etats-unis-damerique","14":"tag-news","15":"tag-sociu00e9tu00e9","16":"tag-tourisme","17":"tag-u00e9conomie","18":"tag-u00e9tats-unis","19":"tag-united-states","20":"tag-united-states-of-america","21":"tag-us","22":"tag-usa"},"share_on_mastodon":{"url":"","error":""},"_links":{"self":[{"href":"https:\/\/www.europesays.com\/fr\/wp-json\/wp\/v2\/posts\/10511","targetHints":{"allow":["GET"]}}],"collection":[{"href":"https:\/\/www.europesays.com\/fr\/wp-json\/wp\/v2\/posts"}],"about":[{"href":"https:\/\/www.europesays.com\/fr\/wp-json\/wp\/v2\/types\/post"}],"author":[{"embeddable":true,"href":"https:\/\/www.europesays.com\/fr\/wp-json\/wp\/v2\/users\/2"}],"replies":[{"embeddable":true,"href":"https:\/\/www.europesays.com\/fr\/wp-json\/wp\/v2\/comments?post=10511"}],"version-history":[{"count":0,"href":"https:\/\/www.europesays.com\/fr\/wp-json\/wp\/v2\/posts\/10511\/revisions"}],"wp:featuredmedia":[{"embeddable":true,"href":"https:\/\/www.europesays.com\/fr\/wp-json\/wp\/v2\/media\/10512"}],"wp:attachment":[{"href":"https:\/\/www.europesays.com\/fr\/wp-json\/wp\/v2\/media?parent=10511"}],"wp:term":[{"taxonomy":"category","embeddable":true,"href":"https:\/\/www.europesays.com\/fr\/wp-json\/wp\/v2\/categories?post=10511"},{"taxonomy":"post_tag","embeddable":true,"href":"https:\/\/www.europesays.com\/fr\/wp-json\/wp\/v2\/tags?post=10511"}],"curies":[{"name":"wp","href":"https:\/\/api.w.org\/{rel}","templated":true}]}}