{"id":105114,"date":"2025-05-16T19:02:08","date_gmt":"2025-05-16T19:02:08","guid":{"rendered":"https:\/\/www.europesays.com\/fr\/105114\/"},"modified":"2025-05-16T19:02:08","modified_gmt":"2025-05-16T19:02:08","slug":"une-nouvelle-adresse-pour-la-boutique-de-pret-a-porter-pour-hommes-aux-2-n-a-eu","status":"publish","type":"post","link":"https:\/\/www.europesays.com\/fr\/105114\/","title":{"rendered":"Une nouvelle adresse pour la boutique de pr\u00eat-\u00e0-porter pour hommes Aux 2 N \u00e0 Eu"},"content":{"rendered":"<p>            Par<br \/>\n        <strong><br \/>\n            <a href=\"https:\/\/actu.fr\/auteur\/jerome-buresi\" title=\"Consulter tous les articles de J\u00e9r\u00f4me Buresi\" target=\"_blank\" rel=\"noopener\">J\u00e9r\u00f4me Buresi<\/a><br \/>\n        <\/strong><\/p>\n<p>        Publi\u00e9 le<\/p>\n<p>            16 mai 2025 \u00e0 20h16        <\/p>\n<p>C\u2019est une nouvelle \u00e9tape importante pour le magasin de pr\u00eat \u00e0 porter pour hommes Aux 2 N \u00e0 <a href=\"https:\/\/actu.fr\/normandie\/eu_76255\" target=\"_blank\" rel=\"noopener\">Eu<\/a>, en <b>Seine-Maritime<\/b>.<\/p>\n<p class=\" wall-content\">La boutique a emm\u00e9nag\u00e9 dans de nouveaux locaux, depuis le 1er mai 2025.<\/p>\n<p class=\" wall-content\">Elle \u00e9tait pr\u00e9sente rue du march\u00e9 Saint-Jacques depuis 2021.<\/p>\n<p class=\" wall-content\">Les clients peuvent maintenant la retrouver au 38 rue Paul Bignon.<\/p>\n<p>\u00ab\u00a0Une meilleure visibilit\u00e9\u00a0\u00bb<\/p>\n<p class=\" wall-content\">Sylvain Debure, le g\u00e9rant, explique avoir saisi une opportunit\u00e9 d\u2019espaces disponibles, apr\u00e8s le <b>d\u00e9m\u00e9nagement<\/b> du Raphia des Merveilles. Cet autre magasin est en effet dor\u00e9navant install\u00e9 au 11 rue Paul Bignon, dans les anciens locaux de la S\u00e9curit\u00e9 sociale.<\/p>\n<p>Vid\u00e9os : en ce moment sur Actu<\/p>\n<p class=\" wall-content\">\u00ab Nous avons pris le temps de la r\u00e9flexion. C\u2019est l\u2019occasion de trouver une meilleure <b>visibilit\u00e9<\/b>, dans la rue Paul Bignon. Nous \u00e9tions un peu \u00e0 l\u2019\u00e9cart auparavant\u00a0\u00bb.\u00a0La devanture va \u00eatre r\u00e9am\u00e9nag\u00e9e dans les prochains mois.<\/p>\n<p class=\" wall-content\">En 2021, Sylvain Debure confiait que l\u2019enseigne \u00e9tait la plus ancienne encore en activit\u00e9 dans la ville. Le commer\u00e7ant reste fid\u00e8le \u00e0 son activit\u00e9 : le pr\u00eat-\u00e0-porter pour les hommes. \u00ab\u00a0Nous continuons \u00e0 proposer les m\u00eames marques, avec un large choix de v\u00eatements, pour vous messieurs\u00a0\u00bb.<\/p>\n<p class=\" wall-content\">La surface de vente repr\u00e9sente environ 174m2.\u00a0<\/p>\n<p>L\u2019enseigne Aux 2 N est install\u00e9e au 38 rue Paul Bignon \u00e0 Eu. Elle est ouverte du mardi au samedi de 9 h 30 \u00e0 12 h 30 et de 14h \u00e0 19h.<\/p>\n<p class=\" wall-content\">Suivez toute l\u2019actualit\u00e9 de vos villes et m\u00e9dias favoris en vous inscrivant \u00e0 <a href=\"https:\/\/moncompte.actu.fr\" title=\"D\u00e9couvez Mon Actu\" rel=\"nofollow noopener\" data-trk=\"{&quot;cta&quot;:{&quot;action&quot;:&quot;https:\\\/\\\/moncompte.actu.fr&quot;,&quot;category&quot;:&quot;mon compte&quot;,&quot;from&quot;:&quot;article footer&quot;,&quot;name&quot;:&quot;Mon actu&quot;,&quot;type&quot;:&quot;cta&quot;}}\" target=\"_blank\">Mon Actu<\/a>.<\/p>\n","protected":false},"excerpt":{"rendered":"Par J\u00e9r\u00f4me Buresi Publi\u00e9 le 16 mai 2025 \u00e0 20h16 C\u2019est une nouvelle \u00e9tape importante pour le magasin&hellip;\n","protected":false},"author":2,"featured_media":105115,"comment_status":"","ping_status":"","sticky":false,"template":"","format":"standard","meta":{"footnotes":""},"categories":[1586],"tags":[11,215,1777,674,1779,1011,27,12,25,104,1778,364,3587],"class_list":{"0":"post-105114","1":"post","2":"type-post","3":"status-publish","4":"format-standard","5":"has-post-thumbnail","7":"category-europe","8":"tag-actualites","9":"tag-commerce","10":"tag-eu","11":"tag-europe","12":"tag-european-union","13":"tag-fr","14":"tag-france","15":"tag-news","16":"tag-republique-francaise","17":"tag-societe","18":"tag-ue","19":"tag-union-europeenne","20":"tag-villes-soeurs"},"share_on_mastodon":{"url":"https:\/\/pubeurope.com\/@fr\/114519064371085480","error":""},"_links":{"self":[{"href":"https:\/\/www.europesays.com\/fr\/wp-json\/wp\/v2\/posts\/105114","targetHints":{"allow":["GET"]}}],"collection":[{"href":"https:\/\/www.europesays.com\/fr\/wp-json\/wp\/v2\/posts"}],"about":[{"href":"https:\/\/www.europesays.com\/fr\/wp-json\/wp\/v2\/types\/post"}],"author":[{"embeddable":true,"href":"https:\/\/www.europesays.com\/fr\/wp-json\/wp\/v2\/users\/2"}],"replies":[{"embeddable":true,"href":"https:\/\/www.europesays.com\/fr\/wp-json\/wp\/v2\/comments?post=105114"}],"version-history":[{"count":0,"href":"https:\/\/www.europesays.com\/fr\/wp-json\/wp\/v2\/posts\/105114\/revisions"}],"wp:featuredmedia":[{"embeddable":true,"href":"https:\/\/www.europesays.com\/fr\/wp-json\/wp\/v2\/media\/105115"}],"wp:attachment":[{"href":"https:\/\/www.europesays.com\/fr\/wp-json\/wp\/v2\/media?parent=105114"}],"wp:term":[{"taxonomy":"category","embeddable":true,"href":"https:\/\/www.europesays.com\/fr\/wp-json\/wp\/v2\/categories?post=105114"},{"taxonomy":"post_tag","embeddable":true,"href":"https:\/\/www.europesays.com\/fr\/wp-json\/wp\/v2\/tags?post=105114"}],"curies":[{"name":"wp","href":"https:\/\/api.w.org\/{rel}","templated":true}]}}