{"id":105118,"date":"2025-05-16T19:04:11","date_gmt":"2025-05-16T19:04:11","guid":{"rendered":"https:\/\/www.europesays.com\/fr\/105118\/"},"modified":"2025-05-16T19:04:11","modified_gmt":"2025-05-16T19:04:11","slug":"voici-pourquoi-il-y-a-eu-des-perquisitions-chez-le-depute-lfi-sebastien-delogu","status":"publish","type":"post","link":"https:\/\/www.europesays.com\/fr\/105118\/","title":{"rendered":"Voici pourquoi il y a eu des perquisitions chez le d\u00e9put\u00e9 LFI S\u00e9bastien Delogu"},"content":{"rendered":"<p>Le parquet de <a href=\"https:\/\/www.20minutes.fr\/marseille\/\" class=\"color-ultramarine c-link\" rel=\"nofollow noopener\" target=\"_blank\">Marseille <\/a>a expliqu\u00e9 les raisons de la perquisition des locaux et du domicile de S\u00e9bastien Delogu, d\u00e9put\u00e9 marseillais de <a href=\"https:\/\/www.20minutes.fr\/politique\/france-insoumise\/\" class=\"color-ultramarine c-link\" rel=\"nofollow noopener\" target=\"_blank\">la France insoumise<\/a>, dans le cadre de l\u2019affaire Laser Propret\u00e9. Ce dernier avait l\u2019impression d\u2019avoir \u00e9t\u00e9 perquisitionn\u00e9 \u00ab\u00a0parce qu\u2019il avait d\u00e9nonc\u00e9 un d\u00e9lit\u00a0\u00bb dans le cadre d\u2019une proc\u00e9dure lanc\u00e9e par <a href=\"https:\/\/www.legifrance.gouv.fr\/codes\/article_lc\/LEGIARTI000006574931\/1994-03-01\" target=\"_blank\" class=\"color-ultramarine c-link\" rel=\"nofollow noopener\">l\u2019article\u00a040<\/a> du code de proc\u00e9dure p\u00e9nale.<\/p>\n<p>Cet article permet \u00e0 \u00ab\u00a0toute autorit\u00e9 constitu\u00e9e\u00a0\u00bb et donc les d\u00e9put\u00e9s, de saisir le procureur de la R\u00e9publique en cas de prise de connaissance d\u2019un crime ou d\u2019un d\u00e9lit.<\/p>\n<p>Rectification du parquet<\/p>\n<p>\u00ab\u00a0Contrairement \u00e0 la communication erron\u00e9e relay\u00e9e dans la presse et sur les r\u00e9seaux sociaux notamment par S\u00e9bastien Delogu, ces perquisitions sont sans aucun lien avec l\u2019article\u00a040 dont ce dernier a saisi le procureur\u00a0\u00bb, affirme Nicolas Bessone, procureur de la R\u00e9publique de Marseille.<\/p>\n<p>En effet, si S\u00e9bastien Delogu a bien fait valoir l\u2019article\u00a040 contre la soci\u00e9t\u00e9 Laser Propret\u00e9 pour \u00ab\u00a0faux et usage de faux, abus de biens sociaux, escroqueries aux organismes sociaux et travail dissimul\u00e9\u00a0\u00bb, ce n\u2019est pas pour cette raison qu\u2019il a \u00e9t\u00e9 perquisitionn\u00e9, m\u00eame s\u2019il s\u2019agit de la m\u00eame affaire.<\/p>\n<p>\u00ab\u00a0Le 19 septembre\u00a02024, une d\u00e9l\u00e9gation syndicale de la CGT compos\u00e9e d\u2019une centaine de personnes, envahissait les locaux de la soci\u00e9t\u00e9 Laser Propret\u00e9. Au d\u00e9part de la d\u00e9l\u00e9gation, le plaignant s\u2019apercevait qu\u2019une pochette avait \u00e9t\u00e9 d\u00e9rob\u00e9e dans son bureau qui contenait des documents ayant trait \u00e0 sa vie priv\u00e9e.\u00a0\u00bb<\/p>\n<\/p>\n<p>Deux affaires diff\u00e9rentes<\/p>\n<p>Le plaignant en question, c\u2019est Isidore Aragones, avocat et ex-pr\u00e9sident du CRIF qui \u00ab\u00a0avait \u00e9t\u00e9 missionn\u00e9 au sein de la soci\u00e9t\u00e9 Laser Propret\u00e9\u00a0\u00bb pour r\u00e9soudre un conflit social.<\/p>\n<p>Probl\u00e8me, S\u00e9bastien Delogu a diffus\u00e9 sur son compte Instagram quelques jours plus tard \u00ab\u00a0une grande partie des documents d\u00e9rob\u00e9s, \u00e9voquant notamment ses liens [ceux d\u2019Isidore Aragones] avec l\u2019Etat d\u2019Isra\u00ebl, ainsi que ses projets financiers personnels.\u00a0\u00bb<\/p>\n<p><a href=\"https:\/\/www.20minutes.fr\/politique\/\" class=\"c-link c-btn c-btn--primary\" rel=\"nofollow noopener\" target=\"_blank\">Notre dossier politique<\/a><\/p>\n<p>La fameuse perquisition avait donc pour but de savoir si S\u00e9bastien Delogu \u00e9tait toujours en possession de ces fameux documents vol\u00e9s, et non pas de savoir si l\u2019entreprise Laser Propret\u00e9 est d\u00e9linquante. Ce sont donc deux affaires diff\u00e9rentes. Le procureur pr\u00e9cise d\u2019ailleurs que le signalement de S\u00e9bastien Delogu a \u00ab\u00a0fait l\u2019objet d\u2019une ouverture d\u2019enqu\u00eate pr\u00e9liminaire le 16\u00a0septembre 2024 [\u2026] toujours en cours.\u00a0\u00bb<\/p>\n","protected":false},"excerpt":{"rendered":"Le parquet de Marseille a expliqu\u00e9 les raisons de la perquisition des locaux et du domicile de S\u00e9bastien&hellip;\n","protected":false},"author":2,"featured_media":105119,"comment_status":"","ping_status":"","sticky":false,"template":"","format":"standard","meta":{"footnotes":""},"categories":[2],"tags":[47,11,885,422,1067,1011,27,1023,884,12,883,316,3764,882,25],"class_list":{"0":"post-105118","1":"post","2":"type-post","3":"status-publish","4":"format-standard","5":"has-post-thumbnail","7":"category-actualites","8":"tag-actualite","9":"tag-actualites","10":"tag-bouches-du-rhone","11":"tag-depute","12":"tag-enquete","13":"tag-fr","14":"tag-france","15":"tag-la-france-insoumise-lfi","16":"tag-marseille","17":"tag-news","18":"tag-paca","19":"tag-politique","20":"tag-procureur-de-la-republique","21":"tag-provence-alpes-cote-dazur","22":"tag-republique-francaise"},"share_on_mastodon":{"url":"https:\/\/pubeurope.com\/@fr\/114519072585100271","error":""},"_links":{"self":[{"href":"https:\/\/www.europesays.com\/fr\/wp-json\/wp\/v2\/posts\/105118","targetHints":{"allow":["GET"]}}],"collection":[{"href":"https:\/\/www.europesays.com\/fr\/wp-json\/wp\/v2\/posts"}],"about":[{"href":"https:\/\/www.europesays.com\/fr\/wp-json\/wp\/v2\/types\/post"}],"author":[{"embeddable":true,"href":"https:\/\/www.europesays.com\/fr\/wp-json\/wp\/v2\/users\/2"}],"replies":[{"embeddable":true,"href":"https:\/\/www.europesays.com\/fr\/wp-json\/wp\/v2\/comments?post=105118"}],"version-history":[{"count":0,"href":"https:\/\/www.europesays.com\/fr\/wp-json\/wp\/v2\/posts\/105118\/revisions"}],"wp:featuredmedia":[{"embeddable":true,"href":"https:\/\/www.europesays.com\/fr\/wp-json\/wp\/v2\/media\/105119"}],"wp:attachment":[{"href":"https:\/\/www.europesays.com\/fr\/wp-json\/wp\/v2\/media?parent=105118"}],"wp:term":[{"taxonomy":"category","embeddable":true,"href":"https:\/\/www.europesays.com\/fr\/wp-json\/wp\/v2\/categories?post=105118"},{"taxonomy":"post_tag","embeddable":true,"href":"https:\/\/www.europesays.com\/fr\/wp-json\/wp\/v2\/tags?post=105118"}],"curies":[{"name":"wp","href":"https:\/\/api.w.org\/{rel}","templated":true}]}}