{"id":105120,"date":"2025-05-16T19:05:12","date_gmt":"2025-05-16T19:05:12","guid":{"rendered":"https:\/\/www.europesays.com\/fr\/105120\/"},"modified":"2025-05-16T19:05:12","modified_gmt":"2025-05-16T19:05:12","slug":"emmanuel-macron-annonce-plus-de-20-milliards-deuros-dinvestissements-etrangers-liberation","status":"publish","type":"post","link":"https:\/\/www.europesays.com\/fr\/105120\/","title":{"rendered":"Emmanuel Macron annonce plus de 20\u00a0milliards d\u2019euros d\u2019investissements \u00e9trangers \u2013 Lib\u00e9ration"},"content":{"rendered":"<p class=\"sc-ksZaOG ehjQrN text-element\">Que du biff, que du biff, que du biff. Plus de 20\u00a0milliards d\u2019euros d\u2019investissements \u00e9trangers en France seront annonc\u00e9s lundi 19\u00a0mai lors du huiti\u00e8me sommet Choose France, a annonc\u00e9 ce vendredi 16\u00a0mai Emmanuel Macron. Il y aura \u00abplus d\u2019une cinquantaine\u00bb d\u2019annonces, \u00abet on passera le cap des 20 milliards d\u2019euros\u00bb, a d\u00e9clar\u00e9 le Pr\u00e9sident lors d\u2019une interview \u00e0 une dizaine de titres de la presse r\u00e9gionale. Cette moisson constituerait la plus importante jamais communiqu\u00e9e depuis le lancement de cet \u00e9v\u00e9nement. <a href=\"https:\/\/www.liberation.fr\/economie\/choose-france-macron-poursuit-son-operation-seduction-des-grands-patrons-20240513_TTGUHKRSK5FY7G2FQ7DM7K26AI\/\" target=\"_blank\" rel=\"noreferrer nofollow noopener\" title=\"https:\/\/www.liberation.fr\/economie\/choose-france-macron-poursuit-son-operation-seduction-des-grands-patrons-20240513_TTGUHKRSK5FY7G2FQ7DM7K26AI\/\">L\u2019an dernier, 15\u00a0milliards d\u2019euros de projets<\/a> avaient \u00e9t\u00e9 annonc\u00e9s.<\/p>\n<p class=\"sc-ksZaOG ehjQrN text-element\">Plus de 200 patrons du monde entier sont attendus lundi \u00e0 Versailles, \u00e0 l\u2019ouest de Paris, pour cet \u00e9v\u00e9nement \u00e9conomique qui leur permet \u00e0 la fois de rencontrer leurs pairs et les membres du gouvernement fran\u00e7ais, ainsi que le Pr\u00e9sident en personne pour certains, afin d\u2019y discuter de projets d\u2019investissement en France. 178 projets ont ainsi \u00e9t\u00e9 annonc\u00e9s depuis la premi\u00e8re \u00e9dition, dont seulement 11 ont \u00e9t\u00e9 abandonn\u00e9s, selon Emmanuel Macron.<\/p>\n<p class=\"sc-ksZaOG ehjQrN text-element\">Selon le barom\u00e8tre annuel du cabinet EY, la France a \u00e9t\u00e9 class\u00e9e <a href=\"https:\/\/www.liberation.fr\/economie\/la-france-reste-le-pays-le-plus-attractif-en-europe-pour-les-investisseurs-etrangers-20250514_WMU5RWFO75HHTI32M37PL62PZQ\/\" target=\"_blank\" rel=\"noreferrer nofollow noopener\" title=\"https:\/\/www.liberation.fr\/economie\/la-france-reste-le-pays-le-plus-attractif-en-europe-pour-les-investisseurs-etrangers-20250514_WMU5RWFO75HHTI32M37PL62PZQ\/\">pays le plus attractif d\u2019Europe pour le nombre d\u2019investissements \u00e9trangers en\u00a02024<\/a>, avec 1\u00a0025 entreprises internationales ayant choisi l\u2019Hexagone. Mais reste loin derri\u00e8re en nombre d\u2019emplois cr\u00e9\u00e9s par projet, avec seulement 30, contre 48 en Allemagne et m\u00eame 125 en Espagne. \u00abNous sommes tr\u00e8s forts en termes de recherche et d\u00e9veloppement, activit\u00e9s moins intensives en emplois. [\u2026] Mais derri\u00e8re, cela cr\u00e9e de l\u2019innovation en France\u00bb, explique Emmanuel Macron, pour qui il s\u2019agit d\u2019un secteur \u00abcl\u00e9\u00bb.<\/p>\n<p class=\"sc-ksZaOG ehjQrN text-element\">Il faut \u00abacc\u00e9l\u00e9rer les simplifications au niveau national et europ\u00e9en, approfondir le march\u00e9 unique, avoir une politique \u00e9nerg\u00e9tique beaucoup plus offensive\u00bb, ajoute-t-il. Il faut aussi avoir \u00abune politique de protection de notre march\u00e9 int\u00e9rieur beaucoup plus forte\u00bb, d\u00e9clare Emmanuel Macron car \u00abc\u2019est clairement ce qui aujourd\u2019hui nous pose un probl\u00e8me par rapport aux comp\u00e9titeurs asiatiques\u00bb.<\/p>\n","protected":false},"excerpt":{"rendered":"Que du biff, que du biff, que du biff. Plus de 20\u00a0milliards d\u2019euros d\u2019investissements \u00e9trangers en France seront&hellip;\n","protected":false},"author":2,"featured_media":105121,"comment_status":"","ping_status":"","sticky":false,"template":"","format":"standard","meta":{"footnotes":""},"categories":[4],"tags":[11,1073,1011,27,10805,12,25],"class_list":{"0":"post-105120","1":"post","2":"type-post","3":"status-publish","4":"format-standard","5":"has-post-thumbnail","7":"category-france","8":"tag-actualites","9":"tag-emmanuel-macron","10":"tag-fr","11":"tag-france","12":"tag-industries","13":"tag-news","14":"tag-republique-francaise"},"share_on_mastodon":{"url":"https:\/\/pubeurope.com\/@fr\/114519076446485838","error":""},"_links":{"self":[{"href":"https:\/\/www.europesays.com\/fr\/wp-json\/wp\/v2\/posts\/105120","targetHints":{"allow":["GET"]}}],"collection":[{"href":"https:\/\/www.europesays.com\/fr\/wp-json\/wp\/v2\/posts"}],"about":[{"href":"https:\/\/www.europesays.com\/fr\/wp-json\/wp\/v2\/types\/post"}],"author":[{"embeddable":true,"href":"https:\/\/www.europesays.com\/fr\/wp-json\/wp\/v2\/users\/2"}],"replies":[{"embeddable":true,"href":"https:\/\/www.europesays.com\/fr\/wp-json\/wp\/v2\/comments?post=105120"}],"version-history":[{"count":0,"href":"https:\/\/www.europesays.com\/fr\/wp-json\/wp\/v2\/posts\/105120\/revisions"}],"wp:featuredmedia":[{"embeddable":true,"href":"https:\/\/www.europesays.com\/fr\/wp-json\/wp\/v2\/media\/105121"}],"wp:attachment":[{"href":"https:\/\/www.europesays.com\/fr\/wp-json\/wp\/v2\/media?parent=105120"}],"wp:term":[{"taxonomy":"category","embeddable":true,"href":"https:\/\/www.europesays.com\/fr\/wp-json\/wp\/v2\/categories?post=105120"},{"taxonomy":"post_tag","embeddable":true,"href":"https:\/\/www.europesays.com\/fr\/wp-json\/wp\/v2\/tags?post=105120"}],"curies":[{"name":"wp","href":"https:\/\/api.w.org\/{rel}","templated":true}]}}