{"id":105131,"date":"2025-05-16T19:13:09","date_gmt":"2025-05-16T19:13:09","guid":{"rendered":"https:\/\/www.europesays.com\/fr\/105131\/"},"modified":"2025-05-16T19:13:09","modified_gmt":"2025-05-16T19:13:09","slug":"challenge-dv-junior-la-paix-sacre-johan-blanc-actualite","status":"publish","type":"post","link":"https:\/\/www.europesays.com\/fr\/105131\/","title":{"rendered":"Challenge DV Junior : La Paix sacre Johan Blanc &#8211; Actualit\u00e9"},"content":{"rendered":"<p style=\"text-align: justify;\">La\u00a0 Course de la Paix a influenc\u00e9 le classement du Challenge DV Junior. Johan Blanc, 6e du classement g\u00e9n\u00e9ral final, prend la t\u00eate du Challenge avec 365 points. Dans la manche tch\u00e8que de la Coupe des Nations, le soci\u00e9taire du VC Rodez a empil\u00e9 90 points gr\u00e2ce \u00e0 sa 4e place dans la 3e \u00e9tape. Le 9e du Championnat de France de cyclo-cross a d\u00e9j\u00e0 gagn\u00e9 le Tour du Carmausin S\u00e9gala (1.1) et s&rsquo;est class\u00e9 3e de la Bernaudeau (1.1) et 4e de la Penn Ar Bed (2.1) depuis le d\u00e9but de saison au niveau UCI. Avec 365 points, Johan Blanc en compte 19 de plus que Luc Royer (VC Pays de Loud\u00e9ac) l&rsquo;ancien leader qui occupe maintenant la 2e place du Challenge DV Junior.<\/p>\n<p>Alex Doltaire aussi \u00e9tait de la s\u00e9lection fran\u00e7aise de la Course de la Paix. Le dernier jour, il a pris place dans l&rsquo;\u00e9chapp\u00e9e qui va au bout et s&rsquo;est class\u00e9 8e de l&rsquo;\u00e9tape. Gr\u00e2ce \u00e0 ces 27 points, le soci\u00e9taire du V\u00e9loce Vannetais revient \u00e0 sept longueurs de Luc Royer.<\/p>\n<p>Mais il n&rsquo;y avait pas que la Course de la Paix au calendrier des Juniors la semaine derni\u00e8re. Tim\u00e9o Gantois a remport\u00e9 le Tour d&rsquo;Ambert Livradois Forez. D\u00e9j\u00e0 2e du Tour Carmausin S\u00e9gala, le soci\u00e9taire du CC Etupes est en forme et fait des bonds au Challenge DV Junior : 31 places gagn\u00e9es en quinze jours. Le voil\u00e0 5e ex-aequo avec Yann Dubois. Ce dernier, avec Arthur Alexandre, 4e, porte haut les couleurs rose et bleu d&rsquo;Argenteuil Val de Seine, avec Paul Hawrylak toujours leader du classement des J1 du Challenge DV.\u00a0 Avec trois coureurs parmi les quinze premiers, Argenteuil Val de Seine reste en t\u00eate du classement par \u00e9quipes devant le V\u00e9loce Vannetais.<\/p>\n<p>Suivez le classement du Challenge DV Junior <a href=\"https:\/\/www.directvelo.com\/challenge\/juniors\/2025\/5\" target=\"_blank\" rel=\"noopener\"><strong>en cliquant ici<\/strong><\/a>.<\/p>\n<p><strong>Classement du Challenge DV Junior<\/strong> :<\/p>\n<p style=\"text-align: justify;\"><strong>Classement J1 du Challenge DV Junior<\/strong> :<\/p>\n<p style=\"text-align: justify;\"><strong>Classement par \u00e9quipes du Challenge DV Junior<\/strong> :<\/p>\n","protected":false},"excerpt":{"rendered":"La\u00a0 Course de la Paix a influenc\u00e9 le classement du Challenge DV Junior. Johan Blanc, 6e du classement&hellip;\n","protected":false},"author":2,"featured_media":105132,"comment_status":"","ping_status":"","sticky":false,"template":"","format":"standard","meta":{"footnotes":""},"categories":[1411],"tags":[834,828,836,829,837,827,83,826,824,823,1154,207,814,817,815,816,822,821,832,211,839,1011,27,820,818,819,835,831,830,833,838,60,212,208,825],"class_list":{"0":"post-105131","1":"post","2":"type-post","3":"status-publish","4":"format-standard","5":"has-post-thumbnail","7":"category-cyclisme","8":"tag-attaque","9":"tag-belgique","10":"tag-braquet","11":"tag-bretagne","12":"tag-chute","13":"tag-competition","14":"tag-coupe-de-france","15":"tag-coureur","16":"tag-course-cyclisme","17":"tag-course-cycliste","18":"tag-cycling","19":"tag-cyclisme","20":"tag-direct","21":"tag-direct-velo","22":"tag-directvelo","23":"tag-directvelo-com","24":"tag-epreuve","25":"tag-epreuve-cycliste","26":"tag-federation-francaise-de-cyclisme","27":"tag-ffc","28":"tag-flandres","29":"tag-fr","30":"tag-france","31":"tag-live","32":"tag-live-course","33":"tag-live-epreuve","34":"tag-peloton","35":"tag-radio-peloton","36":"tag-radio-tour","37":"tag-ravitaillement","38":"tag-relance","39":"tag-sports","40":"tag-uci","41":"tag-velo","42":"tag-velos"},"share_on_mastodon":{"url":"https:\/\/pubeurope.com\/@fr\/114519107616929295","error":""},"_links":{"self":[{"href":"https:\/\/www.europesays.com\/fr\/wp-json\/wp\/v2\/posts\/105131","targetHints":{"allow":["GET"]}}],"collection":[{"href":"https:\/\/www.europesays.com\/fr\/wp-json\/wp\/v2\/posts"}],"about":[{"href":"https:\/\/www.europesays.com\/fr\/wp-json\/wp\/v2\/types\/post"}],"author":[{"embeddable":true,"href":"https:\/\/www.europesays.com\/fr\/wp-json\/wp\/v2\/users\/2"}],"replies":[{"embeddable":true,"href":"https:\/\/www.europesays.com\/fr\/wp-json\/wp\/v2\/comments?post=105131"}],"version-history":[{"count":0,"href":"https:\/\/www.europesays.com\/fr\/wp-json\/wp\/v2\/posts\/105131\/revisions"}],"wp:featuredmedia":[{"embeddable":true,"href":"https:\/\/www.europesays.com\/fr\/wp-json\/wp\/v2\/media\/105132"}],"wp:attachment":[{"href":"https:\/\/www.europesays.com\/fr\/wp-json\/wp\/v2\/media?parent=105131"}],"wp:term":[{"taxonomy":"category","embeddable":true,"href":"https:\/\/www.europesays.com\/fr\/wp-json\/wp\/v2\/categories?post=105131"},{"taxonomy":"post_tag","embeddable":true,"href":"https:\/\/www.europesays.com\/fr\/wp-json\/wp\/v2\/tags?post=105131"}],"curies":[{"name":"wp","href":"https:\/\/api.w.org\/{rel}","templated":true}]}}