{"id":105137,"date":"2025-05-16T19:16:12","date_gmt":"2025-05-16T19:16:12","guid":{"rendered":"https:\/\/www.europesays.com\/fr\/105137\/"},"modified":"2025-05-16T19:16:12","modified_gmt":"2025-05-16T19:16:12","slug":"le-loctudiste-didier-lefevre-photographie-les-stars-mais-pas-que","status":"publish","type":"post","link":"https:\/\/www.europesays.com\/fr\/105137\/","title":{"rendered":"Le Loctudiste Didier Lefevre photographie les stars, mais pas que\u00a0!"},"content":{"rendered":"<p>Il est difficile de ne pas remarquer sa pr\u00e9sence \u00e0 presque toutes les manifestations loctudistes, avec son sac photo et ses appareils en bandouli\u00e8re. Membre du comit\u00e9 des f\u00eates Far, charg\u00e9 de sa communication, Didier Lefevre en est aussi le photographe \u00ab\u00a0officiel\u00a0\u00bb. Et il n\u2019h\u00e9site pas \u00e0 intervenir aussi occasionnellement pour d\u2019autres associations loctudistes et m\u00eame pour la mairie, et tout cela b\u00e9n\u00e9volement. \u00ab\u00a0Mon statut de photographe au service de la vie locale commence \u00e0 bien se faire ressentir\u00a0\u00bb, s\u2019amuse-t-il.<\/p>\n<p>Transmettre l\u2019\u00e9motion<\/p>\n<p>Il est vrai que c\u00f4t\u00e9 photo, Didier Lefevre en conna\u00eet un rayon. Et s\u2019il n\u2019est pas tomb\u00e9 dans un chaudron de potion magique comme Ob\u00e9lix, sa passion pour le troisi\u00e8me \u0153il ne date pas d\u2019hier.<\/p>\n<p>Install\u00e9 \u00e0 Loctudy depuis bient\u00f4t six ans, Didier Lefevre a derri\u00e8re lui un demi-si\u00e8cle de photographie, nourri d\u2019exp\u00e9riences vari\u00e9es et d\u2019une passion intacte. Il a travers\u00e9 les \u00e9poques, de l\u2019argentique au num\u00e9rique, sans jamais perdre de vue ce qui le motive\u00a0: capturer l\u2019instant et transmettre l\u2019\u00e9motion.<\/p>\n<p>\u00ab\u00a0Tout a commenc\u00e9 \u00e0 l\u2019adolescence, dans les rues de Paris, avec mes premiers reportages \u00e0 la vol\u00e9e. Cette passion s\u2019est confirm\u00e9e durant mon service militaire dans la Marine nationale, o\u00f9 la photographie de voyage prend tout son sens. J\u2019ai embarqu\u00e9 plusieurs mois dans les Cara\u00efbes et j\u2019ai convaincu ma hi\u00e9rarchie de se doter d\u2019un laboratoire photo pour documenter le p\u00e9riple. De retour \u00e0 terre, j\u2019ai pris les r\u00eanes d\u2019un club photo que j\u2019ai anim\u00e9 pendant douze ans, formant quelques centaines de passionn\u00e9s aux techniques de prise de vue, de d\u00e9veloppement et de tirage\u00a0\u00bb.<\/p>\n<p>Une phototh\u00e8que de 500\u00a0000 clich\u00e9s<\/p>\n<p>Parall\u00e8lement, sa carri\u00e8re professionnelle l\u2019oriente d\u2019abord vers la publicit\u00e9, puis vers la communication \u00e9v\u00e9nementielle.<\/p>\n<p>Un tournant d\u00e9cisif qui lui permet d\u2019allier sa passion de la photo \u00e0 ses missions. Les \u00e9v\u00e9nements majeurs et les photos s\u2019encha\u00eenent\u00a0: pendant 10 ans au <a href=\"https:\/\/www.letelegramme.fr\/recherche\/?keywords[]=festival-de-cannes\" title=\"www.letelegramme.fr\" target=\"_blank\" rel=\"noopener\">Festival de Cannes<\/a>, aux 20 km de Paris, au <a href=\"https:\/\/www.letelegramme.fr\/sports\/voile\/vendee-globe\/\" title=\"www.letelegramme.fr\" target=\"_blank\" rel=\"noopener\">Vend\u00e9e Globe<\/a>, etc. Une couverture professionnelle qui ne l\u2019emp\u00eache pas d\u2019explorer, pour lui, la photographie de voyage. Sa phototh\u00e8que est aujourd\u2019hui colossale\u00a0: environ 500\u00a0000 clich\u00e9s.<\/p>\n<p>Depuis deux ans, il s\u2019est lanc\u00e9 dans le chantier de la cr\u00e9ation d\u2019une galerie en ligne pour partager le fruit de son travail et pr\u00e9senter des s\u00e9lections d\u2019images selon diff\u00e9rents th\u00e8mes, sans aucune d\u00e9marche lucrative. Une premi\u00e8re s\u00e9lection de 2\u00a0876 photos est d\u00e9j\u00e0 visible sur son site nakunoeil.com, clin d\u2019\u0153il \u00e0 son surnom photographique.<\/p>\n","protected":false},"excerpt":{"rendered":"Il est difficile de ne pas remarquer sa pr\u00e9sence \u00e0 presque toutes les manifestations loctudistes, avec son sac&hellip;\n","protected":false},"author":2,"featured_media":105138,"comment_status":"","ping_status":"","sticky":false,"template":"","format":"standard","meta":{"footnotes":""},"categories":[1358],"tags":[1348,1384,1385,1386,58,59,1011,27,1335,1756,3323],"class_list":{"0":"post-105137","1":"post","2":"type-post","3":"status-publish","4":"format-standard","5":"has-post-thumbnail","7":"category-arts-et-design","8":"tag-arts","9":"tag-arts-and-design","10":"tag-arts-et-design","11":"tag-design","12":"tag-divertissement","13":"tag-entertainment","14":"tag-fr","15":"tag-france","16":"tag-loctudy","17":"tag-photographie","18":"tag-pont-labbe"},"share_on_mastodon":{"url":"https:\/\/pubeurope.com\/@fr\/114519119241668416","error":""},"_links":{"self":[{"href":"https:\/\/www.europesays.com\/fr\/wp-json\/wp\/v2\/posts\/105137","targetHints":{"allow":["GET"]}}],"collection":[{"href":"https:\/\/www.europesays.com\/fr\/wp-json\/wp\/v2\/posts"}],"about":[{"href":"https:\/\/www.europesays.com\/fr\/wp-json\/wp\/v2\/types\/post"}],"author":[{"embeddable":true,"href":"https:\/\/www.europesays.com\/fr\/wp-json\/wp\/v2\/users\/2"}],"replies":[{"embeddable":true,"href":"https:\/\/www.europesays.com\/fr\/wp-json\/wp\/v2\/comments?post=105137"}],"version-history":[{"count":0,"href":"https:\/\/www.europesays.com\/fr\/wp-json\/wp\/v2\/posts\/105137\/revisions"}],"wp:featuredmedia":[{"embeddable":true,"href":"https:\/\/www.europesays.com\/fr\/wp-json\/wp\/v2\/media\/105138"}],"wp:attachment":[{"href":"https:\/\/www.europesays.com\/fr\/wp-json\/wp\/v2\/media?parent=105137"}],"wp:term":[{"taxonomy":"category","embeddable":true,"href":"https:\/\/www.europesays.com\/fr\/wp-json\/wp\/v2\/categories?post=105137"},{"taxonomy":"post_tag","embeddable":true,"href":"https:\/\/www.europesays.com\/fr\/wp-json\/wp\/v2\/tags?post=105137"}],"curies":[{"name":"wp","href":"https:\/\/api.w.org\/{rel}","templated":true}]}}