{"id":105139,"date":"2025-05-16T19:17:21","date_gmt":"2025-05-16T19:17:21","guid":{"rendered":"https:\/\/www.europesays.com\/fr\/105139\/"},"modified":"2025-05-16T19:17:21","modified_gmt":"2025-05-16T19:17:21","slug":"saint-mihiel-une-bourse-aux-livres-a-venir-a-la-bibliotheque-municipale","status":"publish","type":"post","link":"https:\/\/www.europesays.com\/fr\/105139\/","title":{"rendered":"Saint-Mihiel. Une bourse aux livres \u00e0 venir \u00e0 la biblioth\u00e8que municipale"},"content":{"rendered":"<p>La Biblioth\u00e8que municipale organise une bourse aux livres.<\/p>\n<p>Des livres d\u2019occasion \u00e0 prix cass\u00e9s pour toute la famille, c\u2019est le principe de la bourse avec cette vente de livres sortis des collections de la biblioth\u00e8que.<\/p>\n<p>  Animation musicale<\/p>\n<p>Le Club P\u00e9n\u00e9lope proposera \u00e0 la vente de la mercerie d\u2019occasion, le Conservatoire de Musique offrira une animation musicale et les \u00ab\u00a0Bonnes gueules\u00a0\u00bb assureront la vente de g\u00e2teaux.<\/p>\n<p><strong>Samedi 24\u00a0mai<\/strong> 2025 dans la cour de la biblioth\u00e8que municipale &#8211; 13, rue des \u00e9coles de 9\u00a0h \u00e0 17\u00a0h.<\/p>\n","protected":false},"excerpt":{"rendered":"La Biblioth\u00e8que municipale organise une bourse aux livres. Des livres d\u2019occasion \u00e0 prix cass\u00e9s pour toute la famille,&hellip;\n","protected":false},"author":2,"featured_media":105140,"comment_status":"","ping_status":"","sticky":false,"template":"","format":"standard","meta":{"footnotes":""},"categories":[1357],"tags":[1379,22197,1687,58,3602,59,1011,27,1380,2410,22196],"class_list":{"0":"post-105139","1":"post","2":"type-post","3":"status-publish","4":"format-standard","5":"has-post-thumbnail","7":"category-livres","8":"tag-books","9":"tag-cc-du-sammiellois-55a","10":"tag-culture-loisirs","11":"tag-divertissement","12":"tag-edition-bar-le-duc","13":"tag-entertainment","14":"tag-fr","15":"tag-france","16":"tag-livres","17":"tag-livres-bd","18":"tag-saint-mihiel"},"share_on_mastodon":{"url":"https:\/\/pubeurope.com\/@fr\/114519123186008608","error":""},"_links":{"self":[{"href":"https:\/\/www.europesays.com\/fr\/wp-json\/wp\/v2\/posts\/105139","targetHints":{"allow":["GET"]}}],"collection":[{"href":"https:\/\/www.europesays.com\/fr\/wp-json\/wp\/v2\/posts"}],"about":[{"href":"https:\/\/www.europesays.com\/fr\/wp-json\/wp\/v2\/types\/post"}],"author":[{"embeddable":true,"href":"https:\/\/www.europesays.com\/fr\/wp-json\/wp\/v2\/users\/2"}],"replies":[{"embeddable":true,"href":"https:\/\/www.europesays.com\/fr\/wp-json\/wp\/v2\/comments?post=105139"}],"version-history":[{"count":0,"href":"https:\/\/www.europesays.com\/fr\/wp-json\/wp\/v2\/posts\/105139\/revisions"}],"wp:featuredmedia":[{"embeddable":true,"href":"https:\/\/www.europesays.com\/fr\/wp-json\/wp\/v2\/media\/105140"}],"wp:attachment":[{"href":"https:\/\/www.europesays.com\/fr\/wp-json\/wp\/v2\/media?parent=105139"}],"wp:term":[{"taxonomy":"category","embeddable":true,"href":"https:\/\/www.europesays.com\/fr\/wp-json\/wp\/v2\/categories?post=105139"},{"taxonomy":"post_tag","embeddable":true,"href":"https:\/\/www.europesays.com\/fr\/wp-json\/wp\/v2\/tags?post=105139"}],"curies":[{"name":"wp","href":"https:\/\/api.w.org\/{rel}","templated":true}]}}