{"id":105141,"date":"2025-05-16T19:18:17","date_gmt":"2025-05-16T19:18:17","guid":{"rendered":"https:\/\/www.europesays.com\/fr\/105141\/"},"modified":"2025-05-16T19:18:17","modified_gmt":"2025-05-16T19:18:17","slug":"on-a-enfin-des-nouvelles-de-la-saison-6-et-vous-allez-etre-tres-contents","status":"publish","type":"post","link":"https:\/\/www.europesays.com\/fr\/105141\/","title":{"rendered":"On a enfin des nouvelles de la saison 6 (et vous allez \u00eatre tr\u00e8s contents !)"},"content":{"rendered":"<p>Diffus\u00e9e entre novembre et d\u00e9cembre 2024 sur France 2, la saison 5 d&rsquo;Astrid et Rapha\u00eblle a laiss\u00e9 ses fans sur un \u00e9norme cliffhanger \u00e0 propos de ses deux h\u00e9ro\u00efnes jou\u00e9es par Sara Mortensen et Lola Dewaere. Il va falloir se montrer encore un peu patient pour la suite, mais voici une bonne nouvelle !<\/p>\n<p>Fin d\u00e9cembre 2024, les fans d&rsquo;<b>Astrid et Rapha\u00eblle<\/b> ont d\u00e9couvert le dernier \u00e9pisode de la saison 5 sur France 2. Ce final les a laiss\u00e9s face \u00e0 un suspens d&rsquo;importance : <b>Rapha\u00eblle <\/b>(<a href=\"https:\/\/www.programme-tv.net\/news\/series-tv\/367421-astrid-et-raphaelle-raphaelle-va-t-elle-mourir-ou-non-lola-dewaere-reagit-au-final-choc-de-la-saison-5\/\" data-api-deeplink=\"teleloisirs:\/\/news\/367421\" target=\"_blank\" rel=\"noopener\"><b>Lola Dewaere <\/b>qui a r\u00e9agi \u00e0 cette sc\u00e8ne<\/a>) va-t-elle survivre \u00e0 l&#8217;empoisonnement dont elle a \u00e9t\u00e9 victime au beau milieu du mariage d&rsquo;Astrid <b>(Sara Mortensen)<\/b> et Tetsuo (<a href=\"https:\/\/www.programme-tv.net\/news\/series-tv\/308237-astrid-et-raphaelle-france-2-qui-est-kengo-saito-linterprete-de-tetsuo-tanaka\/\" data-api-deeplink=\"teleloisirs:\/\/news\/308237\" target=\"_blank\" rel=\"noopener\">Kengo Saito<\/a>) ? Cette saison 5 avait accueilli un nouveau personnage &#8211; la profileuse <a href=\"https:\/\/www.programme-tv.net\/news\/series-tv\/366423-astrid-et-raphaelle-le-personnage-de-delphine-charlotte-gaccio-va-t-il-revenir-lola-dewaere-et-charlotte-gaccio-repondent\/\" data-api-deeplink=\"teleloisirs:\/\/news\/366423\" target=\"_blank\" rel=\"noopener\">Delphine Simon &#8211; interpr\u00e9t\u00e9 par Charlotte Gaccio, qui devrait revenir<\/a> dans la suite de la s\u00e9rie polici\u00e8re.<\/p>\n<p>Astrid et Rapha\u00eblle : Le tournage de la saison 6 in\u00e9dite est fini !<\/p>\n<p>En janvier 2025, Lola Dewaere, Sara Mortensen et toute l&rsquo;\u00e9quipe d&rsquo;<a href=\"https:\/\/www.programme-tv.net\/news\/series-tv\/368597-astrid-et-raphaelle-bonne-nouvelle-le-tournage-de-la-saison-6-a-commence-avec-sara-mortensen-mais-sans-lola-dewaere\/\" data-api-deeplink=\"teleloisirs:\/\/news\/368597\" target=\"_blank\" rel=\"noopener\">Astrid et Rapha\u00eblle sont reparties sur les plateaux pour mettre en bo\u00eete la saison 6<\/a>. Ces derni\u00e8res ann\u00e9es, chaque saison (8 \u00e9pisodes, tous disponibles sur france.tv) se tourne en deux blocs durant plusieurs mois. Le deuxi\u00e8me bloc avait d\u00e9but\u00e9 \u00e0 la fin du mois de mars 2025 et vient de s&rsquo;achever cette semaine. Les deux com\u00e9diennes ont en effet partag\u00e9 avec leurs abonn\u00e9s Instagram des stories dans lesquelles elles assistent \u00e0 la f\u00eate de fin de tournage de cette saison 6. Etant donn\u00e9 que les saisons 4 et 5 ont \u00e9t\u00e9 diffus\u00e9es entre novembre et d\u00e9cembre, on peut imaginer la m\u00eame chose pour les prochains \u00e9pisodes. Pour le moment, aucune date officielle n&rsquo;a \u00e9t\u00e9 annonc\u00e9e.<\/p>\n<p>                        Astrid et Rapha\u00eblle : Ce qui vous attend dans la saison 6 de la s\u00e9rie avec Lola Dewaere et Sara Mortensen<\/p>\n<p>Dans la saison 6 d&rsquo;Astrid et Rapha\u00eblle, il sera bien entendu question de d\u00e9couvrir comment Rapha\u00eblle va se sortir de son empoisonnement. Par ailleurs, Astrid et Tetsuo se sont-ils bien mari\u00e9s ? Le personnage de Delphine (Charlotte Gaccio) devrait donc revenir mais d&rsquo;autres guest stars seront aussi de la partie. Parmi elles, une <a href=\"https:\/\/www.programme-tv.net\/news\/series-tv\/372490-astrid-et-raphaelle-une-star-de-sous-le-soleil-et-camera-cafe-va-jouer-dans-la-saison-6-de-la-serie-de-france-2-avec-lola-dewaere-et-sara-mortensen\/\" data-api-deeplink=\"teleloisirs:\/\/news\/372490\" target=\"_blank\" rel=\"noopener\">star de Cam\u00e9ra Caf\u00e9 et Sous le soleil rejoint le casting<\/a>, tout comme la com\u00e9dienne Alix B\u00e9n\u00e9zech (Mission : Impossible &#8211; Fallout), l&rsquo;acteur et metteur en sc\u00e8ne \u00c9ric Laug\u00e9rias, mais aussi <a href=\"https:\/\/www.programme-tv.net\/news\/series-tv\/372230-astrid-et-raphaelle-la-fille-de-clovis-cornillac-va-jouer-dans-la-saison-6-inedite-de-la-serie-avec-sara-mortensen-et-lola-dewaere-une-photo-devoilee\/\" data-api-deeplink=\"teleloisirs:\/\/news\/372230\" target=\"_blank\" rel=\"noopener\">Alice Cornillac, la fille du com\u00e9dien Clovis Cornillac<\/a>.<\/p>\n","protected":false},"excerpt":{"rendered":"Diffus\u00e9e entre novembre et d\u00e9cembre 2024 sur France 2, la saison 5 d&rsquo;Astrid et Rapha\u00eblle a laiss\u00e9 ses&hellip;\n","protected":false},"author":2,"featured_media":105142,"comment_status":"","ping_status":"","sticky":false,"template":"","format":"standard","meta":{"footnotes":""},"categories":[1356],"tags":[22201,244,58,59,1011,27,594,22198,22199,22200,252,1364],"class_list":{"0":"post-105141","1":"post","2":"type-post","3":"status-publish","4":"format-standard","5":"has-post-thumbnail","7":"category-television","8":"tag-astrid-et-raphau00eblle","9":"tag-commentaire","10":"tag-divertissement","11":"tag-entertainment","12":"tag-fr","13":"tag-france","14":"tag-france-2","15":"tag-france-tv","16":"tag-lola-dewaere","17":"tag-sara-mortensen","18":"tag-television","19":"tag-tv"},"share_on_mastodon":{"url":"https:\/\/pubeurope.com\/@fr\/114519127188438854","error":""},"_links":{"self":[{"href":"https:\/\/www.europesays.com\/fr\/wp-json\/wp\/v2\/posts\/105141","targetHints":{"allow":["GET"]}}],"collection":[{"href":"https:\/\/www.europesays.com\/fr\/wp-json\/wp\/v2\/posts"}],"about":[{"href":"https:\/\/www.europesays.com\/fr\/wp-json\/wp\/v2\/types\/post"}],"author":[{"embeddable":true,"href":"https:\/\/www.europesays.com\/fr\/wp-json\/wp\/v2\/users\/2"}],"replies":[{"embeddable":true,"href":"https:\/\/www.europesays.com\/fr\/wp-json\/wp\/v2\/comments?post=105141"}],"version-history":[{"count":0,"href":"https:\/\/www.europesays.com\/fr\/wp-json\/wp\/v2\/posts\/105141\/revisions"}],"wp:featuredmedia":[{"embeddable":true,"href":"https:\/\/www.europesays.com\/fr\/wp-json\/wp\/v2\/media\/105142"}],"wp:attachment":[{"href":"https:\/\/www.europesays.com\/fr\/wp-json\/wp\/v2\/media?parent=105141"}],"wp:term":[{"taxonomy":"category","embeddable":true,"href":"https:\/\/www.europesays.com\/fr\/wp-json\/wp\/v2\/categories?post=105141"},{"taxonomy":"post_tag","embeddable":true,"href":"https:\/\/www.europesays.com\/fr\/wp-json\/wp\/v2\/tags?post=105141"}],"curies":[{"name":"wp","href":"https:\/\/api.w.org\/{rel}","templated":true}]}}