{"id":10515,"date":"2025-04-08T15:19:10","date_gmt":"2025-04-08T15:19:10","guid":{"rendered":"https:\/\/www.europesays.com\/fr\/10515\/"},"modified":"2025-04-08T15:19:10","modified_gmt":"2025-04-08T15:19:10","slug":"deux-zebres-une-antilope-six-singes-des-animaux-exotiques-decouverts-dans-une-camionnette-par-la-police","status":"publish","type":"post","link":"https:\/\/www.europesays.com\/fr\/10515\/","title":{"rendered":"Deux z\u00e8bres, une antilope, six singes\u2026 des animaux exotiques d\u00e9couverts dans une camionnette par la police"},"content":{"rendered":"<p>Pas un cirque ambulant mais une camionnette transportant en toute ill\u00e9galit\u00e9 une flop\u00e9e d\u2019<a href=\"https:\/\/www.20minutes.fr\/planete\/animaux\/\" class=\"color-ultramarine c-link\" target=\"_blank\" rel=\"noopener\">animaux <\/a>sauvages. Des policiers <a href=\"https:\/\/www.20minutes.fr\/dossier\/allemagne\" class=\"color-ultramarine c-link\" target=\"_blank\" rel=\"noopener\">allemands <\/a>ont trouv\u00e9 ce lundi deux z\u00e8bres, une antilope, six singes et plusieurs autres animaux exotiques qu\u2019ils contr\u00f4laient \u00e0 la fronti\u00e8re n\u00e9erlandaise, a indiqu\u00e9 la <a href=\"https:\/\/www.20minutes.fr\/dossier\/police\" class=\"color-ultramarine c-link\" target=\"_blank\" rel=\"noopener\">police <\/a>f\u00e9d\u00e9rale.<\/p>\n<p>Un cygne, une buse et un serval (petit chat sauvage originaire d\u2019Afrique) se trouvaient \u00e9galement \u00e0 bord du v\u00e9hicule, a pr\u00e9cis\u00e9 la police dans un communiqu\u00e9.<\/p>\n<p>Les policiers ont contr\u00f4l\u00e9 le v\u00e9hicule immatricul\u00e9 en Pologne alors qu\u2019il allait p\u00e9n\u00e9trer en Allemagne via le poste-fronti\u00e8re de Bund, dans le nord-ouest de l\u2019Allemagne, en provenance des Pays-Bas.<\/p>\n<p>Les animaux mis \u00e0 l\u2019abri en refuge<\/p>\n<p>Les deux occupants polonais, \u00e2g\u00e9s de 23 et 31 ans, n\u2019ont pu fournir aucune preuve de l\u2019origine des animaux ni les documents requis.<\/p>\n<p>La police allemande a indiqu\u00e9 que les b\u00eates n\u2019\u00e9taient pas charg\u00e9es en toute s\u00e9curit\u00e9 dans la camionnette et qu\u2019elle avait ouvert une enqu\u00eate sur des violations pr\u00e9sum\u00e9es des r\u00e8gles de protection des animaux.<\/p>\n<\/p>\n<p>La fourgonnette a \u00e9t\u00e9 emp\u00each\u00e9e d\u2019entrer en Allemagne. Les animaux ont \u00e9t\u00e9 remis aux autorit\u00e9s n\u00e9erlandaises, o\u00f9 ils ont \u00e9t\u00e9 plac\u00e9s dans un refuge, a pr\u00e9cis\u00e9 la police.<\/p>\n","protected":false},"excerpt":{"rendered":"Pas un cirque ambulant mais une camionnette transportant en toute ill\u00e9galit\u00e9 une flop\u00e9e d\u2019animaux sauvages. Des policiers allemands&hellip;\n","protected":false},"author":2,"featured_media":10516,"comment_status":"","ping_status":"","sticky":false,"template":"","format":"standard","meta":{"footnotes":""},"categories":[1587],"tags":[47,11,672,1867,1804,1805,1803,1777,674,118,1801,12,2437,1802],"class_list":{"0":"post-10515","1":"post","2":"type-post","3":"status-publish","4":"format-standard","5":"has-post-thumbnail","7":"category-allemagne","8":"tag-actualite","9":"tag-actualites","10":"tag-allemagne","11":"tag-animaux","12":"tag-bundesrepublik-deutschland","13":"tag-de","14":"tag-deutschland","15":"tag-eu","16":"tag-europe","17":"tag-faits-divers","18":"tag-germany","19":"tag-news","20":"tag-pologne","21":"tag-republique-federale-dallemagne"},"share_on_mastodon":{"url":"https:\/\/pubeurope.com\/@fr\/114303019469181943","error":""},"_links":{"self":[{"href":"https:\/\/www.europesays.com\/fr\/wp-json\/wp\/v2\/posts\/10515","targetHints":{"allow":["GET"]}}],"collection":[{"href":"https:\/\/www.europesays.com\/fr\/wp-json\/wp\/v2\/posts"}],"about":[{"href":"https:\/\/www.europesays.com\/fr\/wp-json\/wp\/v2\/types\/post"}],"author":[{"embeddable":true,"href":"https:\/\/www.europesays.com\/fr\/wp-json\/wp\/v2\/users\/2"}],"replies":[{"embeddable":true,"href":"https:\/\/www.europesays.com\/fr\/wp-json\/wp\/v2\/comments?post=10515"}],"version-history":[{"count":0,"href":"https:\/\/www.europesays.com\/fr\/wp-json\/wp\/v2\/posts\/10515\/revisions"}],"wp:featuredmedia":[{"embeddable":true,"href":"https:\/\/www.europesays.com\/fr\/wp-json\/wp\/v2\/media\/10516"}],"wp:attachment":[{"href":"https:\/\/www.europesays.com\/fr\/wp-json\/wp\/v2\/media?parent=10515"}],"wp:term":[{"taxonomy":"category","embeddable":true,"href":"https:\/\/www.europesays.com\/fr\/wp-json\/wp\/v2\/categories?post=10515"},{"taxonomy":"post_tag","embeddable":true,"href":"https:\/\/www.europesays.com\/fr\/wp-json\/wp\/v2\/tags?post=10515"}],"curies":[{"name":"wp","href":"https:\/\/api.w.org\/{rel}","templated":true}]}}