{"id":105160,"date":"2025-05-16T19:28:11","date_gmt":"2025-05-16T19:28:11","guid":{"rendered":"https:\/\/www.europesays.com\/fr\/105160\/"},"modified":"2025-05-16T19:28:11","modified_gmt":"2025-05-16T19:28:11","slug":"le-procureur-de-la-cpi-quitte-temporairement-ses-fonctions-vise-par-une-enquete-de-lonu","status":"publish","type":"post","link":"https:\/\/www.europesays.com\/fr\/105160\/","title":{"rendered":"Le procureur de la CPI quitte temporairement ses fonctions, vis\u00e9 par une enqu\u00eate de l\u2019ONU"},"content":{"rendered":"<p class=\"fig-paragraph\">Le procureur de la<a href=\"http:\/\/www.lefigaro.fr\/international\/la-cour-penale-internationale-peut-elle-se-defendre-contre-les-sanctions-inedites-de-donald-trump-20250207\" target=\"_blank\" data-fig-type=\"Article\" rel=\"noopener\" data-gtm-custom-categorie=\"navigation\" data-gtm-custom-action=\"crossclick\" data-gtm-custom-label=\"Contextuel\" data-gtm-event=\"customEventSPE\" data-fig-domain=\"LEFIGARO\">\u00a0Cour p\u00e9nale internationale<\/a>\u00a0(CPI),\u00a0<a href=\"https:\/\/www.lefigaro.fr\/international\/karim-khan-la-justice-a-sa-place-dans-les-ruines-et-la-desolation-des-champs-de-bataille-20221005\" target=\"_blank\" data-fig-type=\"Article\" rel=\"noopener\" data-gtm-custom-categorie=\"navigation\" data-gtm-custom-action=\"crossclick\" data-gtm-custom-label=\"Contextuel\" data-gtm-event=\"customEventSPE\" data-fig-domain=\"LEFIGARO\">Karim Khan<\/a>, vis\u00e9 depuis novembre par une enqu\u00eate pour \u00abfaute pr\u00e9sum\u00e9e\u00bb, a temporairement quitt\u00e9 ses fonctions, a indiqu\u00e9 son bureau vendredi 16 mai 2025. \u00abLe procureur a fait part de sa d\u00e9cision de prendre cong\u00e9 jusqu&rsquo;\u00e0 la fin de la proc\u00e9dure\u00bb men\u00e9e par des enqu\u00eateurs de l&rsquo;ONU, a d\u00e9clar\u00e9 le bureau du procureur dans un communiqu\u00e9, plusieurs m\u00e9dias ayant fait \u00e9tat d&rsquo;accusations de comportement sexuel inappropri\u00e9 \u00e0 son encontre.<\/p>\n<p class=\"fig-paragraph\">Karim Khan a ni\u00e9 les accusations. \u00abLes procureurs adjoints seront charg\u00e9s de la gestion du bureau du procureur pendant son absence\u00bb, a ajout\u00e9 son bureau. L\u2019organe de surveillance de la CPI avait annonc\u00e9 en novembre 2024 avoir sollicit\u00e9 une enqu\u00eate externe sur des all\u00e9gations de \u00abfaute pr\u00e9sum\u00e9e\u00bb du procureur g\u00e9n\u00e9ral, sans donner plus de d\u00e9tails. Le Britannique a fait les gros titres en mai lorsqu\u2019il a demand\u00e9 \u00e0 la CPI d\u2019\u00e9mettre des mandats d\u2019arr\u00eat \u00e0 l\u2019encontre du premier ministre isra\u00e9lien<a href=\"http:\/\/www.lefigaro.fr\/international\/gaza-liban-syrie-les-guerres-incertaines-de-benyamin-netanyahou-au-moyen-orient-20250507\" target=\"_blank\" data-fig-type=\"Article\" rel=\"noopener\" data-gtm-custom-categorie=\"navigation\" data-gtm-custom-action=\"crossclick\" data-gtm-custom-label=\"Contextuel\" data-gtm-event=\"customEventSPE\" data-fig-domain=\"LEFIGARO\">\u00a0Benyamin Netanyahou<\/a>, de l\u2019ancien ministre de la D\u00e9fense Yoav Gallant et de trois hauts responsables du\u00a0<a href=\"https:\/\/www.lefigaro.fr\/tag\/hamas\" target=\"_blank\" rel=\"noopener\" data-gtm-custom-categorie=\"navigation\" data-gtm-custom-action=\"crossclick\" data-gtm-custom-label=\"Contextuel\" data-gtm-event=\"customEventSPE\">Hamas<\/a>.<\/p>\n<p class=\"fig-paragraph\">D\u2019apr\u00e8s plusieurs m\u00e9dias, le procureur g\u00e9n\u00e9ral de la CPI aurait \u00e9t\u00e9 accus\u00e9 de comportement sexuel inappropri\u00e9 \u00e0 l\u2019\u00e9gard d\u2019une membre de son personnel, des suggestions qu\u2019il a d\u00e9clar\u00e9es infond\u00e9es. La CPI, dont le si\u00e8ge est \u00e0 La Haye, enqu\u00eate et poursuit les\u00a0<a href=\"http:\/\/www.lefigaro.fr\/livres\/quand-l-ideologie-decime-un-peuple-rithy-panh-le-cinema-et-le-travail-de-memoire-du-genocide-des-khmers-rouges-20250403\" target=\"_blank\" data-fig-type=\"Article\" rel=\"noopener\" data-gtm-custom-categorie=\"navigation\" data-gtm-custom-action=\"crossclick\" data-gtm-custom-label=\"Contextuel\" data-gtm-event=\"customEventSPE\" data-fig-domain=\"LEFIGARO\">g\u00e9nocides<\/a>, les crimes de guerre, les crimes contre l\u2019humanit\u00e9 et le crime d\u2019agression. La juridiction fait face \u00e0 de nombreuses critiques et est m\u00eame sous le coup de sanctions am\u00e9ricaines.<\/p>\n","protected":false},"excerpt":{"rendered":"Le procureur de la\u00a0Cour p\u00e9nale internationale\u00a0(CPI),\u00a0Karim Khan, vis\u00e9 depuis novembre par une enqu\u00eate pour \u00abfaute pr\u00e9sum\u00e9e\u00bb, a temporairement&hellip;\n","protected":false},"author":2,"featured_media":105161,"comment_status":"","ping_status":"","sticky":false,"template":"","format":"standard","meta":{"footnotes":""},"categories":[2],"tags":[1111,47,11,1109,22206,1112,118,1108,107,1106,1107,1011,27,1110,1114,14,12,1113,3521,316],"class_list":{"0":"post-105160","1":"post","2":"type-post","3":"status-publish","4":"format-standard","5":"has-post-thumbnail","7":"category-actualites","8":"tag-actu","9":"tag-actualite","10":"tag-actualites","11":"tag-breves","12":"tag-cpi","13":"tag-depeches","14":"tag-faits-divers","15":"tag-fil","16":"tag-fil-info","17":"tag-flash","18":"tag-flash-actu","19":"tag-fr","20":"tag-france","21":"tag-informations","22":"tag-infos","23":"tag-international","24":"tag-news","25":"tag-nouvelles","26":"tag-onu","27":"tag-politique"},"share_on_mastodon":{"url":"https:\/\/pubeurope.com\/@fr\/114519166421430294","error":""},"_links":{"self":[{"href":"https:\/\/www.europesays.com\/fr\/wp-json\/wp\/v2\/posts\/105160","targetHints":{"allow":["GET"]}}],"collection":[{"href":"https:\/\/www.europesays.com\/fr\/wp-json\/wp\/v2\/posts"}],"about":[{"href":"https:\/\/www.europesays.com\/fr\/wp-json\/wp\/v2\/types\/post"}],"author":[{"embeddable":true,"href":"https:\/\/www.europesays.com\/fr\/wp-json\/wp\/v2\/users\/2"}],"replies":[{"embeddable":true,"href":"https:\/\/www.europesays.com\/fr\/wp-json\/wp\/v2\/comments?post=105160"}],"version-history":[{"count":0,"href":"https:\/\/www.europesays.com\/fr\/wp-json\/wp\/v2\/posts\/105160\/revisions"}],"wp:featuredmedia":[{"embeddable":true,"href":"https:\/\/www.europesays.com\/fr\/wp-json\/wp\/v2\/media\/105161"}],"wp:attachment":[{"href":"https:\/\/www.europesays.com\/fr\/wp-json\/wp\/v2\/media?parent=105160"}],"wp:term":[{"taxonomy":"category","embeddable":true,"href":"https:\/\/www.europesays.com\/fr\/wp-json\/wp\/v2\/categories?post=105160"},{"taxonomy":"post_tag","embeddable":true,"href":"https:\/\/www.europesays.com\/fr\/wp-json\/wp\/v2\/tags?post=105160"}],"curies":[{"name":"wp","href":"https:\/\/api.w.org\/{rel}","templated":true}]}}