{"id":105162,"date":"2025-05-16T19:29:10","date_gmt":"2025-05-16T19:29:10","guid":{"rendered":"https:\/\/www.europesays.com\/fr\/105162\/"},"modified":"2025-05-16T19:29:10","modified_gmt":"2025-05-16T19:29:10","slug":"saint-victor-sur-loire-travaux-securite-habitat-de-nombreux-sujets-evoques-en-reunion-publique","status":"publish","type":"post","link":"https:\/\/www.europesays.com\/fr\/105162\/","title":{"rendered":"Saint-Victor-sur-Loire. Travaux, s\u00e9curit\u00e9, habitat\u2026 de nombreux sujets \u00e9voqu\u00e9s en r\u00e9union publique"},"content":{"rendered":"<p>Une belle affluence pour la r\u00e9union publique organis\u00e9e ce mercredi \u00e0 la salle de la Croix des Sagnes. En pr\u00e9sence de Ga\u00ebl Perdriau, maire de Saint-\u00c9tienne et pr\u00e9sident de Saint-\u00c9tienne M\u00e9tropole, de Jean-Pierre Berger, adjoint au maire et de Charles Dallara adjoint en charge des parcs, des jardins, de l\u2019\u00e9clairage public et du secteur Nord-Ouest, les Croque-Cerises ont pris la parole pour exprimer leurs dol\u00e9ances sur diff\u00e9rents sujets du quotidien.<\/p>\n<p>Mais avant ces interventions, les trois membres de l\u2019\u00e9quipe municipale sont revenus sur les diff\u00e9rentes r\u00e9alisations et projets en cours. Et de citer, par exemple, le parking de&#8230;<\/p>\n","protected":false},"excerpt":{"rendered":"Une belle affluence pour la r\u00e9union publique organis\u00e9e ce mercredi \u00e0 la salle de la Croix des Sagnes.&hellip;\n","protected":false},"author":2,"featured_media":105163,"comment_status":"","ping_status":"","sticky":false,"template":"","format":"standard","meta":{"footnotes":""},"categories":[9653],"tags":[1111,11,2430,7539,1777,674,1011,27,12,316,25,12491,4001,17929],"class_list":{"0":"post-105162","1":"post","2":"type-post","3":"status-publish","4":"format-standard","5":"has-post-thumbnail","7":"category-saint-etienne","8":"tag-actu","9":"tag-actualites","10":"tag-auvergne-rhone-alpes","11":"tag-edition-loire-sud","12":"tag-eu","13":"tag-europe","14":"tag-fr","15":"tag-france","16":"tag-news","17":"tag-politique","18":"tag-republique-francaise","19":"tag-roche-la-moliere-bassin","20":"tag-saint-etienne","21":"tag-saint-genest-lerpt"},"share_on_mastodon":{"url":"https:\/\/pubeurope.com\/@fr\/114519170307148521","error":""},"_links":{"self":[{"href":"https:\/\/www.europesays.com\/fr\/wp-json\/wp\/v2\/posts\/105162","targetHints":{"allow":["GET"]}}],"collection":[{"href":"https:\/\/www.europesays.com\/fr\/wp-json\/wp\/v2\/posts"}],"about":[{"href":"https:\/\/www.europesays.com\/fr\/wp-json\/wp\/v2\/types\/post"}],"author":[{"embeddable":true,"href":"https:\/\/www.europesays.com\/fr\/wp-json\/wp\/v2\/users\/2"}],"replies":[{"embeddable":true,"href":"https:\/\/www.europesays.com\/fr\/wp-json\/wp\/v2\/comments?post=105162"}],"version-history":[{"count":0,"href":"https:\/\/www.europesays.com\/fr\/wp-json\/wp\/v2\/posts\/105162\/revisions"}],"wp:featuredmedia":[{"embeddable":true,"href":"https:\/\/www.europesays.com\/fr\/wp-json\/wp\/v2\/media\/105163"}],"wp:attachment":[{"href":"https:\/\/www.europesays.com\/fr\/wp-json\/wp\/v2\/media?parent=105162"}],"wp:term":[{"taxonomy":"category","embeddable":true,"href":"https:\/\/www.europesays.com\/fr\/wp-json\/wp\/v2\/categories?post=105162"},{"taxonomy":"post_tag","embeddable":true,"href":"https:\/\/www.europesays.com\/fr\/wp-json\/wp\/v2\/tags?post=105162"}],"curies":[{"name":"wp","href":"https:\/\/api.w.org\/{rel}","templated":true}]}}