{"id":1051639,"date":"2026-07-08T15:18:20","date_gmt":"2026-07-08T15:18:20","guid":{"rendered":"https:\/\/www.europesays.com\/fr\/1051639\/"},"modified":"2026-07-08T15:18:20","modified_gmt":"2026-07-08T15:18:20","slug":"essey-les-nancy-145-millions-deuros-pour-propulser-le-creps-au-sommet","status":"publish","type":"post","link":"https:\/\/www.europesays.com\/fr\/1051639\/","title":{"rendered":"Essey-l\u00e8s-Nancy. 14,5\u00a0millions d\u2019euros pour propulser le Creps au sommet"},"content":{"rendered":"<p>Mardi 7\u00a0juillet, Franck Leroy, pr\u00e9sident de la R\u00e9gion Grand Est, a inaugur\u00e9 la halle des sports et la r\u00e9sidence d\u2019h\u00e9bergement du CREPS d\u2019Essey-l\u00e8s-Nancy. Un investissement majeur pour le sport\u00a0!<\/p>\n<p>Le Grand Est s\u2019affirme comme une place forte du sport de haut niveau. Seule r\u00e9gion de France \u00e0 disposer de trois CREPS (Reims, Strasbourg, Nancy), la collectivit\u00e9 vient de moderniser son site d\u2019Essey&#8230;<\/p>\n","protected":false},"excerpt":{"rendered":"Mardi 7\u00a0juillet, Franck Leroy, pr\u00e9sident de la R\u00e9gion Grand Est, a inaugur\u00e9 la halle des sports et la&hellip;\n","protected":false},"author":2,"featured_media":1051640,"comment_status":"","ping_status":"","sticky":false,"template":"","format":"standard","meta":{"footnotes":"","_share_on_mastodon":"0"},"categories":[9635],"tags":[1111,11,33,1704,11361,1777,674,1011,27,775,11362,1702,12,25],"class_list":["post-1051639","post","type-post","status-publish","format-standard","has-post-thumbnail","category-nancy","tag-actu","tag-actualites","tag-economie","tag-edition-nancy-et-agglomeration","tag-essey-les-nancy","tag-eu","tag-europe","tag-fr","tag-france","tag-grand-est","tag-metropole-du-grand-nancy-54b3","tag-nancy","tag-news","tag-republique-francaise"],"share_on_mastodon":{"url":"https:\/\/pubeurope.com\/@fr\/116885029860483204","error":""},"_links":{"self":[{"href":"https:\/\/www.europesays.com\/fr\/wp-json\/wp\/v2\/posts\/1051639","targetHints":{"allow":["GET"]}}],"collection":[{"href":"https:\/\/www.europesays.com\/fr\/wp-json\/wp\/v2\/posts"}],"about":[{"href":"https:\/\/www.europesays.com\/fr\/wp-json\/wp\/v2\/types\/post"}],"author":[{"embeddable":true,"href":"https:\/\/www.europesays.com\/fr\/wp-json\/wp\/v2\/users\/2"}],"replies":[{"embeddable":true,"href":"https:\/\/www.europesays.com\/fr\/wp-json\/wp\/v2\/comments?post=1051639"}],"version-history":[{"count":0,"href":"https:\/\/www.europesays.com\/fr\/wp-json\/wp\/v2\/posts\/1051639\/revisions"}],"wp:featuredmedia":[{"embeddable":true,"href":"https:\/\/www.europesays.com\/fr\/wp-json\/wp\/v2\/media\/1051640"}],"wp:attachment":[{"href":"https:\/\/www.europesays.com\/fr\/wp-json\/wp\/v2\/media?parent=1051639"}],"wp:term":[{"taxonomy":"category","embeddable":true,"href":"https:\/\/www.europesays.com\/fr\/wp-json\/wp\/v2\/categories?post=1051639"},{"taxonomy":"post_tag","embeddable":true,"href":"https:\/\/www.europesays.com\/fr\/wp-json\/wp\/v2\/tags?post=1051639"}],"curies":[{"name":"wp","href":"https:\/\/api.w.org\/{rel}","templated":true}]}}