{"id":105174,"date":"2025-05-16T19:35:07","date_gmt":"2025-05-16T19:35:07","guid":{"rendered":"https:\/\/www.europesays.com\/fr\/105174\/"},"modified":"2025-05-16T19:35:07","modified_gmt":"2025-05-16T19:35:07","slug":"un-entrepot-industriel-est-en-feu-a-saint-jean-de-vedas","status":"publish","type":"post","link":"https:\/\/www.europesays.com\/fr\/105174\/","title":{"rendered":"un entrep\u00f4t industriel est en feu \u00e0 Saint-Jean-de-V\u00e9das"},"content":{"rendered":"<p>            Par<br \/>\n        <strong><br \/>\n            <a href=\"https:\/\/actu.fr\/auteur\/jm-aubert\" title=\"Consulter tous les articles de Jean-Marc Aubert\" rel=\"nofollow noopener\" target=\"_blank\">Jean-Marc Aubert<\/a><br \/>\n        <\/strong><\/p>\n<p>        Publi\u00e9 le<\/p>\n<p>            16 mai 2025 \u00e0 21h10<br \/>\n        ; mis \u00e0 jour le 16 mai 2025 \u00e0 21h34    <\/p>\n<p>\/ DERNI\u00c8RE MINUTE \/\u00a0<\/p>\n<p class=\" wall-content\">Un <strong>entrep\u00f4t industriel<\/strong> est en feu, ce vendredi soir, dans la zone de la Lauze, route de S\u00e8te, \u00e0 <strong>Saint-Jean-de-V\u00e9das<\/strong>, \u00e0 l\u2019ouest de Montpellier. Une \u00e9paisse fum\u00e9e noire est visible de plusieurs kilom\u00e8tres \u00e0 la ronde, jusqu\u2019\u00e0 Montpellier.<\/p>\n<p class=\" wall-content\">L\u2019alerte a \u00e9t\u00e9 donn\u00e9e au <strong>Sdis 34<\/strong> vers 20h30, ce vendredi 16 mai 2025 pour un incendie dans un entrep\u00f4t, o\u00f9, selon nos informations, des bouteilles de gaz sont entrepos\u00e9s \u00e0 l\u2019ext\u00e9rieur, \u00e0 proximit\u00e9.<\/p>\n<p>    <a href=\"https:\/\/www.google.com\/maps\/embed?pb=!1m18!1m12!1m3!1d2252.6375950501197!2d3.839529035635789!3d43.562935704292144!2m3!1f0!2f0!3f0!3m2!1i1024!2i768!4f13.1!3m3!1m2!1s0x12b6b1e88e0f7373%3A0x7cdbbd203789a45!2s16%20Rue%20St%20Exupery%2C%2034430%20Saint-Jean-de-V%C3%A9das!5e0!3m2!1sfr!2sfr!4v1747422441742!5m2!1sfr!2sfr\" title=\"Ouvrie le lien\" rel=\"nofollow noopener\" target=\"_blank\">Cliquez ici pour visualiser le contenu<\/a><\/p>\n<p class=\" wall-content\">Les premi\u00e8res sapeurs-pompiers ont pu p\u00e9n\u00e9trer sur le site, au 16 de la rue Saint-Exup\u00e9ry. Les lieux sont vides d\u2019occupant. Des renforts sont d\u00e9p\u00each\u00e9s, avec notamment une grande \u00e9chelle pivotante automatique. <strong>50 femmes et hommes<\/strong> sont mobilis\u00e9s. L\u2019entrep\u00f4t d\u2019une agence de location de mat\u00e9riel comprend 2 500m2.<\/p>\n<p class=\" wall-content\">Une partie de la toiture de l\u2019entrep\u00f4t vient de s\u2019effondrer. Les<strong> gendarmes<\/strong> de la compagnie de Castelnau-le-Lez sont sur place. \u00c9vitez de vous rendre sur les lieux pour ne pas g\u00eaner l\u2019op\u00e9ration des pompiers.<\/p>\n<p>Vid\u00e9os : en ce moment sur Actu<\/p>\n<p class=\" wall-content\"><strong>&gt; Plus d\u2019informations \u00e0 suivre<\/strong><\/p>\n<p class=\" wall-content\">Suivez toute l\u2019actualit\u00e9 de vos villes et m\u00e9dias favoris en vous inscrivant \u00e0 <a href=\"https:\/\/moncompte.actu.fr\" title=\"D\u00e9couvez Mon Actu\" rel=\"nofollow noopener\" data-trk=\"{&quot;cta&quot;:{&quot;action&quot;:&quot;https:\\\/\\\/moncompte.actu.fr&quot;,&quot;category&quot;:&quot;mon compte&quot;,&quot;from&quot;:&quot;article footer&quot;,&quot;name&quot;:&quot;Mon actu&quot;,&quot;type&quot;:&quot;cta&quot;}}\" target=\"_blank\">Mon Actu<\/a>.<\/p>\n","protected":false},"excerpt":{"rendered":"Par Jean-Marc Aubert Publi\u00e9 le 16 mai 2025 \u00e0 21h10 ; mis \u00e0 jour le 16 mai 2025&hellip;\n","protected":false},"author":2,"featured_media":105175,"comment_status":"","ping_status":"","sticky":false,"template":"","format":"standard","meta":{"footnotes":""},"categories":[9599],"tags":[1111,11,1777,674,118,1011,27,3381,1310,2208,12,2680,1311,25],"class_list":{"0":"post-105174","1":"post","2":"type-post","3":"status-publish","4":"format-standard","5":"has-post-thumbnail","7":"category-montpellier","8":"tag-actu","9":"tag-actualites","10":"tag-eu","11":"tag-europe","12":"tag-faits-divers","13":"tag-fr","14":"tag-france","15":"tag-gendarmerie","16":"tag-incendie","17":"tag-montpellier","18":"tag-news","19":"tag-occitanie","20":"tag-pompiers","21":"tag-republique-francaise"},"share_on_mastodon":{"url":"https:\/\/pubeurope.com\/@fr\/114519193948898159","error":""},"_links":{"self":[{"href":"https:\/\/www.europesays.com\/fr\/wp-json\/wp\/v2\/posts\/105174","targetHints":{"allow":["GET"]}}],"collection":[{"href":"https:\/\/www.europesays.com\/fr\/wp-json\/wp\/v2\/posts"}],"about":[{"href":"https:\/\/www.europesays.com\/fr\/wp-json\/wp\/v2\/types\/post"}],"author":[{"embeddable":true,"href":"https:\/\/www.europesays.com\/fr\/wp-json\/wp\/v2\/users\/2"}],"replies":[{"embeddable":true,"href":"https:\/\/www.europesays.com\/fr\/wp-json\/wp\/v2\/comments?post=105174"}],"version-history":[{"count":0,"href":"https:\/\/www.europesays.com\/fr\/wp-json\/wp\/v2\/posts\/105174\/revisions"}],"wp:featuredmedia":[{"embeddable":true,"href":"https:\/\/www.europesays.com\/fr\/wp-json\/wp\/v2\/media\/105175"}],"wp:attachment":[{"href":"https:\/\/www.europesays.com\/fr\/wp-json\/wp\/v2\/media?parent=105174"}],"wp:term":[{"taxonomy":"category","embeddable":true,"href":"https:\/\/www.europesays.com\/fr\/wp-json\/wp\/v2\/categories?post=105174"},{"taxonomy":"post_tag","embeddable":true,"href":"https:\/\/www.europesays.com\/fr\/wp-json\/wp\/v2\/tags?post=105174"}],"curies":[{"name":"wp","href":"https:\/\/api.w.org\/{rel}","templated":true}]}}