{"id":105176,"date":"2025-05-16T19:36:11","date_gmt":"2025-05-16T19:36:11","guid":{"rendered":"https:\/\/www.europesays.com\/fr\/105176\/"},"modified":"2025-05-16T19:36:11","modified_gmt":"2025-05-16T19:36:11","slug":"a-montpellier-un-employe-civil-de-la-gendarmerie-tente-de-se-suicider-dans-sa-caserne","status":"publish","type":"post","link":"https:\/\/www.europesays.com\/fr\/105176\/","title":{"rendered":"A Montpellier, un employ\u00e9 civil de la Gendarmerie tente de se suicider dans sa caserne"},"content":{"rendered":"<p>L\u2019homme, qui exerce le m\u00e9tier de menuisier dans la caserne, a \u00e9t\u00e9 hospitalis\u00e9 dans un \u00e9tat grave. Des gendarmes l\u2019ont d\u00e9couvert, le 16 mai au matin.<\/p>\n<p>Un <strong>employ\u00e9 civil de la Gendarmerie<\/strong> a tent\u00e9 de mettre fin \u00e0 ses jours, le 16 mai 2025, dans une caserne de <strong>Montpellier<\/strong>. R\u00e9v\u00e9l\u00e9e par<a href=\"https:\/\/actu.fr\/occitanie\/montpellier_34172\/montpellier-decouvert-pendu-un-gendarme-decroche-par-des-collegues-il-est-dans-un-etat-grave_62644078.html\" target=\"_blank\" rel=\"noopener\"> Ici H\u00e9rault<\/a>, l\u2019information a \u00e9t\u00e9 confirm\u00e9e \u00e0\u00a0 <a href=\"https:\/\/www.bfmtv.com\/police-justice\/montpellier-un-employe-civil-de-la-gendarmerie-tente-de-se-suicider-dans-sa-caserne-des-militaires-le-decrochent_AN-202505160524.html\" target=\"_blank\" rel=\"noopener\">BFMTV.com<\/a> par le <strong>procureur de la R\u00e9publique\u00a0 Fabrice B\u00e9largent<\/strong>. L\u2019employ\u00e9, un menuisier, a \u00e9t\u00e9 transport\u00e9 \u00e0 l\u2019h\u00f4pital dans un \u00e9tat grave.<\/p>\n<p>Il a \u00e9t\u00e9 d\u00e9couvert pendu par des gendarmes du groupement de l\u2019H\u00e9rault qui arrivaient au travail. Ils sont intervenus suffisamment t\u00f4t pour le d\u00e9crocher. Le parquet pr\u00e9cise que qu\u2019aucune enqu\u00eate n\u2019a \u00e9t\u00e9 ouverte pour l\u2019instant. \u00a0Pour l\u2019heure, les raisons de cette tentative de suicide restent inconnues.<\/p>\n<p>Contact\u00e9 par L\u2019Essor, le groupement de la gendarmerie de l\u2019H\u00e9rault n\u2019a pas donn\u00e9 suite.<\/p>\n<p><strong><a href=\"https:\/\/lessor.org\/vie-des-personnels\/une-gendarme-de-45-ans-retrouvee-morte-dans-lorne-probable-suicide\/\" target=\"_blank\" rel=\"noopener\">Lire aussi : Suicide d\u2019une gendarme de 45 ans, commandante d\u2019une communaut\u00e9 de brigades dans l\u2019Orne<\/a><\/strong><\/p>\n<p>Suicide : qui appeler \u00e0 l\u2019aide ?<\/p>\n<p>En cas de besoin, les gendarmes ont diff\u00e9rents dispositifs \u00e0 leur disposition. Tout d\u2019abord, ils peuvent contacter le r\u00e9seau d\u2019accompagnement psychologique de l\u2019Institution. Il est compos\u00e9 de 39 psychologues cliniciens implant\u00e9s en m\u00e9tropole et, depuis 2016, en outre-mer. Les m\u00e9decins du Service de sant\u00e9 des arm\u00e9es (SSA) peuvent \u00e9galement les assister dans ces moments difficiles.<\/p>\n<p>Par ailleurs, ils peuvent se tourner vers les assistants sociaux des groupements, les aum\u00f4niers ou les repr\u00e9sentants de la concertation qui ont un r\u00f4le d\u2019accompagnement et de lanceurs d\u2019alerte. Enfin, le commandement, aux diff\u00e9rents \u00e9chelons hi\u00e9rarchiques, est \u00e9galement susceptible de les aider.<\/p>\n<p>Hors de l\u2019Institution, diff\u00e9rents dispositifs d\u2019\u00e9coute existent en cas de crise suicidaire, comme le num\u00e9ro national de pr\u00e9vention du suicide (3114), accessible gratuitement 24h\/24, ou encore l\u2019association SOS Amiti\u00e9s qui propose de l\u2019\u00e9coute aux personnes en d\u00e9tresse psychologique, joignable en permanence au 09.72.39.40.50 ou via un\u00a0<a href=\"https:\/\/www.sos-amitie.com\/\" target=\"_blank\" rel=\"noopener\">chat en ligne<\/a>. La majorit\u00e9 de ces dispositifs sont recens\u00e9s par le\u00a0<a href=\"https:\/\/solidarites-sante.gouv.fr\/prevention-en-sante\/sante-mentale\/la-prevention-du-suicide\/\" target=\"_blank\" rel=\"noopener\">minist\u00e8re de la Sant\u00e9 et de la Pr\u00e9vention<\/a>. Des conseils et des contacts sont \u00e9galement pr\u00e9sents sur le site du minist\u00e8re, \u00e0 destination des familles ou des proches endeuill\u00e9s par un suicide.<\/p>\n","protected":false},"excerpt":{"rendered":"L\u2019homme, qui exerce le m\u00e9tier de menuisier dans la caserne, a \u00e9t\u00e9 hospitalis\u00e9 dans un \u00e9tat grave. Des&hellip;\n","protected":false},"author":2,"featured_media":105177,"comment_status":"","ping_status":"","sticky":false,"template":"","format":"standard","meta":{"footnotes":""},"categories":[9599],"tags":[1111,11,22207,1777,674,22130,1011,27,2208,12,2680,25,22208,22209,5748,22128],"class_list":{"0":"post-105176","1":"post","2":"type-post","3":"status-publish","4":"format-standard","5":"has-post-thumbnail","7":"category-montpellier","8":"tag-actu","9":"tag-actualites","10":"tag-employe-civil","11":"tag-eu","12":"tag-europe","13":"tag-fabrice-belargent","14":"tag-fr","15":"tag-france","16":"tag-montpellier","17":"tag-news","18":"tag-occitanie","19":"tag-republique-francaise","20":"tag-sos-amities","21":"tag-ssa","22":"tag-suicide","23":"tag-tentative-de-suicide"},"share_on_mastodon":{"url":"https:\/\/pubeurope.com\/@fr\/114519197906223737","error":""},"_links":{"self":[{"href":"https:\/\/www.europesays.com\/fr\/wp-json\/wp\/v2\/posts\/105176","targetHints":{"allow":["GET"]}}],"collection":[{"href":"https:\/\/www.europesays.com\/fr\/wp-json\/wp\/v2\/posts"}],"about":[{"href":"https:\/\/www.europesays.com\/fr\/wp-json\/wp\/v2\/types\/post"}],"author":[{"embeddable":true,"href":"https:\/\/www.europesays.com\/fr\/wp-json\/wp\/v2\/users\/2"}],"replies":[{"embeddable":true,"href":"https:\/\/www.europesays.com\/fr\/wp-json\/wp\/v2\/comments?post=105176"}],"version-history":[{"count":0,"href":"https:\/\/www.europesays.com\/fr\/wp-json\/wp\/v2\/posts\/105176\/revisions"}],"wp:featuredmedia":[{"embeddable":true,"href":"https:\/\/www.europesays.com\/fr\/wp-json\/wp\/v2\/media\/105177"}],"wp:attachment":[{"href":"https:\/\/www.europesays.com\/fr\/wp-json\/wp\/v2\/media?parent=105176"}],"wp:term":[{"taxonomy":"category","embeddable":true,"href":"https:\/\/www.europesays.com\/fr\/wp-json\/wp\/v2\/categories?post=105176"},{"taxonomy":"post_tag","embeddable":true,"href":"https:\/\/www.europesays.com\/fr\/wp-json\/wp\/v2\/tags?post=105176"}],"curies":[{"name":"wp","href":"https:\/\/api.w.org\/{rel}","templated":true}]}}