{"id":105180,"date":"2025-05-16T19:38:27","date_gmt":"2025-05-16T19:38:27","guid":{"rendered":"https:\/\/www.europesays.com\/fr\/105180\/"},"modified":"2025-05-16T19:38:27","modified_gmt":"2025-05-16T19:38:27","slug":"apres-lincendie-de-son-abri-pour-chats-errants-une-benevole-attristee","status":"publish","type":"post","link":"https:\/\/www.europesays.com\/fr\/105180\/","title":{"rendered":"apr\u00e8s l\u2019incendie de son abri pour chats errants, une b\u00e9n\u00e9vole attrist\u00e9e"},"content":{"rendered":"<p>            Par<br \/>\n        <strong><br \/>\n            <a href=\"https:\/\/actu.fr\/auteur\/chloe-lentier\" title=\"Consulter tous les articles de Chlo\u00e9 LENTIER\" rel=\"nofollow noopener\" target=\"_blank\">Chlo\u00e9 LENTIER<\/a><br \/>\n        <\/strong><\/p>\n<p>        Publi\u00e9 le<\/p>\n<p>            16 mai 2025 \u00e0 17h10        <\/p>\n<p>Des t\u00f4les calcin\u00e9es, une odeur \u00e2cre qui flotte encore dans l\u2019air et une dalle de b\u00e9ton vide. C\u2019est tout ce qu\u2019il reste de la <b>chatterie<\/b> construite par Fran\u00e7oise Guillotte et son mari, au c\u0153ur des jardins ouvriers de <a href=\"https:\/\/actu.fr\/normandie\/cleon_76178\" rel=\"nofollow noopener\" target=\"_blank\">Cl\u00e9on (Seine-Maritime)<\/a>, le long de la Seine.<\/p>\n<p class=\" wall-content\">Dans la nuit du jeudi 1er au vendredi 2 mai 2025, un <b>incendie<\/b> a r\u00e9duit \u00e0 n\u00e9ant plusieurs ann\u00e9es de d\u00e9vouement au service des <b>chats errants<\/b>.<\/p>\n<p class=\" wall-content\">\u00ab\u00a0Les chats nous regardent avec un air \u00e9trange, comme pour demander : o\u00f9 est notre maison ?\u00a0\u00bb\u00a0souffle-t-elle, attrist\u00e9e par ce qu\u2019elle voit. Il ne reste que les cendres d\u2019un lieu n\u00e9 de l\u2019amour et de la col\u00e8re m\u00eal\u00e9s.<\/p>\n<p>Une initiative n\u00e9e du confinement<\/p>\n<p class=\" wall-content\">Pour comprendre ce qu\u2019\u00e9tait cet abri, il faut revenir au confinement de 2020.<\/p>\n<p class=\" wall-content\">Fran\u00e7oise, b\u00e9n\u00e9vole de <a href=\"https:\/\/actu.fr\/normandie\/hectomare_27327\/pres-du-neubourg-le-refuge-pour-felins-revit-grace-aux-dons_61156885.html\" rel=\"nofollow noopener\" target=\"_blank\">l\u2019association Cappa, bas\u00e9e \u00e0 Hectomare<\/a>, depuis sa cr\u00e9ation, se balade sur les berges de la Seine. Elle y croise des silhouettes furtives, efflanqu\u00e9es : une arm\u00e9e de chats errants, invisibles en temps normal.<\/p>\n<p>Vid\u00e9os : en ce moment sur Actu<\/p>\n<p class=\" wall-content\">\u00ab\u00a0Ce n\u2019est pas possible de voir \u00e7a \u00e0 notre \u00e9poque\u00a0\u00bb, se r\u00e9volte-t-elle. Alors elle d\u00e9cide d\u2019agir. Un jardinier, sensible \u00e0 sa cause, lui propose de construire un <b>abri \u00e0 chats<\/b> sur une partie de sa parcelle.<\/p>\n<p class=\" wall-content\">Avec son mari, elle installe un plancher en b\u00e9ton, isole l\u2019abri, ajoute des caisses, du polystyr\u00e8ne, un coin douillet o\u00f9 les f\u00e9lins pourront passer l\u2019hiver.<\/p>\n<p>Jusqu\u2019\u00e0 trente pensionnaires<\/p>\n<p class=\" wall-content\">Tr\u00e8s vite, ils sont une trentaine \u00e0 y trouver refuge. Chaque jour, le couple vient nourrir, surveiller, soigner parfois. \u00ab\u00a0Certains chats avaient \u00e9t\u00e9 abandonn\u00e9s, d\u2019autres \u00e9taient n\u00e9s dehors. On voulait leur offrir un lieu s\u00fbr, loin des pr\u00e9dateurs comme les rats ou les renards.\u00a0\u00bb<\/p>\n<p class=\" wall-content\">Avec l\u2019aide du Cappa, Fran\u00e7oise organise aussi des collectes de nourriture. Il y a quelques semaines, ils n\u2019\u00e9taient plus qu\u2019une douzaine \u00e0 venir se r\u00e9fugier dans ce coin discret, nich\u00e9 entre les parcelles et les roseaux.<\/p>\n<p>Un \u00e9quilibre fragile, d\u00e9sormais rompu<\/p>\n<p class=\" wall-content\">Ce que Fran\u00e7oise constate, c\u2019est l\u2019absence. Les chats se sont dispers\u00e9s. Et avec eux, c\u2019est tout un lien patient qui s\u2019est bris\u00e9.<\/p>\n<p>    <img   decoding=\"async\" loading=\"lazy\" class=\"size-large\" src=\"https:\/\/www.europesays.com\/fr\/wp-content\/uploads\/2025\/05\/80f76c38a028674f76c38a02848f76v-960x640.jpg\" alt=\"Chlo\u00e9 Lentier\" width=\"960\" height=\"640\"\/><br \/>\n    Les causes de l\u2019incendie restent inexplicables.\u00a0 \u00a9Chlo\u00e9 Lentier<\/p>\n<p class=\" wall-content\">Elle ne baisse pas les bras pour autant. Avec la pr\u00e9sidente du Cappa, Martine Fouques, elle cherche des solutions de repli : quelques niches, un autre abri, un peu d\u2019aide.<\/p>\n<p class=\" wall-content\">\u00ab\u00a0La dur\u00e9e de vie moyenne d\u2019un chat errant, c\u2019est deux ans. Le plus grand pr\u00e9dateur, \u00e7a reste l\u2019homme\u00a0\u00bb, rappelle-t-elle, en esp\u00e9rant que cet incendie ne signe pas la fin de son engagement.<\/p>\n<p class=\" wall-content\">Suivez toute l\u2019actualit\u00e9 de vos villes et m\u00e9dias favoris en vous inscrivant \u00e0 <a href=\"https:\/\/moncompte.actu.fr\" title=\"D\u00e9couvez Mon Actu\" rel=\"nofollow noopener\" data-trk=\"{&quot;cta&quot;:{&quot;action&quot;:&quot;https:\\\/\\\/moncompte.actu.fr&quot;,&quot;category&quot;:&quot;mon compte&quot;,&quot;from&quot;:&quot;article footer&quot;,&quot;name&quot;:&quot;Mon actu&quot;,&quot;type&quot;:&quot;cta&quot;}}\" target=\"_blank\">Mon Actu<\/a>.<\/p>\n","protected":false},"excerpt":{"rendered":"Par Chlo\u00e9 LENTIER Publi\u00e9 le 16 mai 2025 \u00e0 17h10 Des t\u00f4les calcin\u00e9es, une odeur \u00e2cre qui flotte&hellip;\n","protected":false},"author":2,"featured_media":105181,"comment_status":"","ping_status":"","sticky":false,"template":"","format":"standard","meta":{"footnotes":""},"categories":[9587],"tags":[1111,11,1867,7654,1777,674,1011,27,6795,12,5161,25,9590,104],"class_list":{"0":"post-105180","1":"post","2":"type-post","3":"status-publish","4":"format-standard","5":"has-post-thumbnail","7":"category-rouen","8":"tag-actu","9":"tag-actualites","10":"tag-animaux","11":"tag-chat","12":"tag-eu","13":"tag-europe","14":"tag-fr","15":"tag-france","16":"tag-maltraitance-animale","17":"tag-news","18":"tag-normandie","19":"tag-republique-francaise","20":"tag-rouen","21":"tag-societe"},"share_on_mastodon":{"url":"https:\/\/pubeurope.com\/@fr\/114519205759242681","error":""},"_links":{"self":[{"href":"https:\/\/www.europesays.com\/fr\/wp-json\/wp\/v2\/posts\/105180","targetHints":{"allow":["GET"]}}],"collection":[{"href":"https:\/\/www.europesays.com\/fr\/wp-json\/wp\/v2\/posts"}],"about":[{"href":"https:\/\/www.europesays.com\/fr\/wp-json\/wp\/v2\/types\/post"}],"author":[{"embeddable":true,"href":"https:\/\/www.europesays.com\/fr\/wp-json\/wp\/v2\/users\/2"}],"replies":[{"embeddable":true,"href":"https:\/\/www.europesays.com\/fr\/wp-json\/wp\/v2\/comments?post=105180"}],"version-history":[{"count":0,"href":"https:\/\/www.europesays.com\/fr\/wp-json\/wp\/v2\/posts\/105180\/revisions"}],"wp:featuredmedia":[{"embeddable":true,"href":"https:\/\/www.europesays.com\/fr\/wp-json\/wp\/v2\/media\/105181"}],"wp:attachment":[{"href":"https:\/\/www.europesays.com\/fr\/wp-json\/wp\/v2\/media?parent=105180"}],"wp:term":[{"taxonomy":"category","embeddable":true,"href":"https:\/\/www.europesays.com\/fr\/wp-json\/wp\/v2\/categories?post=105180"},{"taxonomy":"post_tag","embeddable":true,"href":"https:\/\/www.europesays.com\/fr\/wp-json\/wp\/v2\/tags?post=105180"}],"curies":[{"name":"wp","href":"https:\/\/api.w.org\/{rel}","templated":true}]}}