{"id":105184,"date":"2025-05-16T19:40:25","date_gmt":"2025-05-16T19:40:25","guid":{"rendered":"https:\/\/www.europesays.com\/fr\/105184\/"},"modified":"2025-05-16T19:40:25","modified_gmt":"2025-05-16T19:40:25","slug":"les-representations-se-poursuivent-jusqua-mardi-au-summum","status":"publish","type":"post","link":"https:\/\/www.europesays.com\/fr\/105184\/","title":{"rendered":"les repr\u00e9sentations se poursuivent jusqu\u2019\u00e0 mardi au Summum"},"content":{"rendered":"<p>Les repr\u00e9sentations de la nouvelle cr\u00e9ation de la Fabrique Op\u00e9ra, West Side Story, se poursuivent jusqu\u2019\u00e0 mardi au Summum \u00e0 Grenoble. L\u2019occasion de d\u00e9couvrir une com\u00e9die musicale mythique cr\u00e9\u00e9e en 1957 par Leonard Bernstein. Pas moins de 20 professionnels sont sur sc\u00e8ne, ayant pour la plupart jou\u00e9 dans les plus grandes com\u00e9dies musicales du moment. Ils sont accompagn\u00e9s d\u2019un ch\u0153ur de 60 chanteurs et de 70 musiciens.<\/p>\n<p class=\"note\">Les 17, 18 et 20\u00a0mai au Summum \u00e0 Grenoble. Informations\u00a0: <a href=\"http:\/\/www.lafabriqueopera-grenoble.com\" rel=\"nofollow noopener\" target=\"_blank\">www.lafabriqueopera-grenoble.com<\/a>\u00a0<\/p>\n","protected":false},"excerpt":{"rendered":"Les repr\u00e9sentations de la nouvelle cr\u00e9ation de la Fabrique Op\u00e9ra, West Side Story, se poursuivent jusqu\u2019\u00e0 mardi au&hellip;\n","protected":false},"author":2,"featured_media":105185,"comment_status":"","ping_status":"","sticky":false,"template":"","format":"standard","meta":{"footnotes":""},"categories":[9566],"tags":[1111,11,2430,1687,112,1777,674,1011,27,2731,2732,108,12,25,3140],"class_list":{"0":"post-105184","1":"post","2":"type-post","3":"status-publish","4":"format-standard","5":"has-post-thumbnail","7":"category-grenoble","8":"tag-actu","9":"tag-actualites","10":"tag-auvergne-rhone-alpes","11":"tag-culture-loisirs","12":"tag-edition-grenoble-agglomeration","13":"tag-eu","14":"tag-europe","15":"tag-fr","16":"tag-france","17":"tag-grenoble","18":"tag-grenoble-bassin","19":"tag-isere","20":"tag-news","21":"tag-republique-francaise","22":"tag-spectacle"},"share_on_mastodon":{"url":"https:\/\/pubeurope.com\/@fr\/114519213599006887","error":""},"_links":{"self":[{"href":"https:\/\/www.europesays.com\/fr\/wp-json\/wp\/v2\/posts\/105184","targetHints":{"allow":["GET"]}}],"collection":[{"href":"https:\/\/www.europesays.com\/fr\/wp-json\/wp\/v2\/posts"}],"about":[{"href":"https:\/\/www.europesays.com\/fr\/wp-json\/wp\/v2\/types\/post"}],"author":[{"embeddable":true,"href":"https:\/\/www.europesays.com\/fr\/wp-json\/wp\/v2\/users\/2"}],"replies":[{"embeddable":true,"href":"https:\/\/www.europesays.com\/fr\/wp-json\/wp\/v2\/comments?post=105184"}],"version-history":[{"count":0,"href":"https:\/\/www.europesays.com\/fr\/wp-json\/wp\/v2\/posts\/105184\/revisions"}],"wp:featuredmedia":[{"embeddable":true,"href":"https:\/\/www.europesays.com\/fr\/wp-json\/wp\/v2\/media\/105185"}],"wp:attachment":[{"href":"https:\/\/www.europesays.com\/fr\/wp-json\/wp\/v2\/media?parent=105184"}],"wp:term":[{"taxonomy":"category","embeddable":true,"href":"https:\/\/www.europesays.com\/fr\/wp-json\/wp\/v2\/categories?post=105184"},{"taxonomy":"post_tag","embeddable":true,"href":"https:\/\/www.europesays.com\/fr\/wp-json\/wp\/v2\/tags?post=105184"}],"curies":[{"name":"wp","href":"https:\/\/api.w.org\/{rel}","templated":true}]}}