{"id":105186,"date":"2025-05-16T19:41:23","date_gmt":"2025-05-16T19:41:23","guid":{"rendered":"https:\/\/www.europesays.com\/fr\/105186\/"},"modified":"2025-05-16T19:41:23","modified_gmt":"2025-05-16T19:41:23","slug":"deploiement-de-la-fibre-en-bretagne-des-sous-traitants-attaquent-le-syndicat-megalis-en-justice","status":"publish","type":"post","link":"https:\/\/www.europesays.com\/fr\/105186\/","title":{"rendered":"D\u00e9ploiement de la fibre en Bretagne\u00a0: des sous-traitants attaquent le syndicat Megalis en justice"},"content":{"rendered":"<p>Ce sera au tribunal administratif de Rennes de trancher. Dans un communiqu\u00e9 publi\u00e9 d\u00e9but mai, le syndicat public Megalis Bretagne, responsable du d\u00e9ploiement de la fibre optique dans une grande partie du territoire breton, a annonc\u00e9 \u00eatre vis\u00e9 par des centaines de recours \u00e9manant de six anciens prestataires. Des requ\u00eates qui doivent permettre \u00e0 ces entreprises, charg\u00e9es de la construction du r\u00e9seau, de r\u00e9cup\u00e9rer plus de 30 M\u20ac de surco\u00fbts et p\u00e9nalit\u00e9s de retard li\u00e9s au chantier.<\/p>\n<p>Pour comprendre ce bras de fer judiciaire, il faut remonter \u00e0 fin 2016. Megalis &#8211; une entit\u00e9 qui regroupe la R\u00e9gion, les d\u00e9partements et les intercommunalit\u00e9s &#8211; d\u00e9cide alors de confier une partie de la premi\u00e8re phase des travaux de raccordement \u00e0 un groupement d\u2019entreprises compos\u00e9 de Sogetrel, Circet, Cegelec Ouest (groupe Vinci), Imoptel (idem), Bage Groupe et Allez. Ces soci\u00e9t\u00e9s sont charg\u00e9es de livrer environ 82 000 prises en Ille-et-Vilaine et dans les C\u00f4tes-d\u2019Armor, notamment dans des grosses communes comme Dinard, Dinan, Paimpol et Loud\u00e9ac. Montant du chantier : 110 M\u20ac (sur un total de 1,7 milliard d\u2019euros pour l\u2019ensemble du projet).<\/p>\n<p>La Bretagne \u00e0 la tra\u00eene<\/p>\n<p>Tr\u00e8s vite, les travaux, d\u00e9coup\u00e9s en une kyrielle de petits march\u00e9s, prennent du retard. Alors que le chantier devait \u00eatre boucl\u00e9 au plus tard en 2020, il n\u2019est achev\u00e9 que fin 2024. Cet allongement des d\u00e9lais, point\u00e9 par la Chambre r\u00e9gionale des comptes dans <a href=\"https:\/\/www.letelegramme.fr\/economie\/retards-de-la-fibre-optique-en-bretagne-ce-rapport-qui-enfonce-le-clou-exclusif-188119.php\" target=\"_blank\" rel=\"nofollow noopener\">un rapport<\/a> de 2021, n\u2019est pas sans cons\u00e9quence : il rel\u00e8gue la Bretagne tout en bas du classement des r\u00e9gions m\u00e9tropolitaines pour le d\u00e9ploiement du tr\u00e8s haut d\u00e9bit (69,5 % du territoire breton couvert \u00e0 fin d\u00e9cembre 2024, il doit l\u2019\u00eatre totalement d\u2019ici fin 2026). Il est aussi synonyme de surco\u00fbts et de p\u00e9nalit\u00e9s pour les prestataires. Des sommes sur lesquelles ils ne parviennent pas \u00e0 s\u2019entendre avec Megalis, qu\u2019ils d\u00e9cident donc d\u2019attaquer en justice pour r\u00e9gler le diff\u00e9rend.<\/p>\n<p>Qui est responsable de quoi ?<\/p>\n<p>Dans ce dossier, le syndicat estime qu\u2019au vu des retards constat\u00e9s, \u00ab il n\u2019est pas contestable que les entreprises qui ont conduit les travaux ont une large part de responsabilit\u00e9 \u00bb, avance le directeur g\u00e9n\u00e9ral de Megalis, Patrick Malfait. Pour lui, les sous-traitants ont \u00e9t\u00e9 \u00ab d\u00e9faillants \u00bb, notamment parce qu\u2019\u00ab il n\u2019y a pas eu suffisamment d\u2019\u00e9quipes organis\u00e9es pour tenir les \u00e9ch\u00e9ances \u00bb. S\u2019agissant des d\u00e9fauts de pilotage \u00e9voqu\u00e9 par la Chambre r\u00e9gionale des comptes, le dirigeant consid\u00e8re que ce sujet ne rel\u00e8ve pas forc\u00e9ment de Megalis et souligne que le pilotage des op\u00e9rations a notamment \u00e9t\u00e9 compliqu\u00e9 par la multiplication des sous-traitants sollicit\u00e9s par le groupement d\u2019entreprises.<\/p>\n<p>Contact\u00e9es, ces soci\u00e9t\u00e9s n\u2019ont pas encore r\u00e9pondu \u00e0 nos sollicitations. Une source proche du dossier confirme au T\u00e9l\u00e9gramme la somme de 30 M\u20ac r\u00e9clam\u00e9e \u00e0 Megalis, tout en soulignant que ce genre de contentieux est \u00ab classique \u00bb dans des projets aussi importants. \u00ab Il y a toujours des \u00e9carts importants entre le d\u00e9but et la fin, on ne s\u2019entend pas toujours dessus \u00bb, explique notre source.<\/p>\n","protected":false},"excerpt":{"rendered":"Ce sera au tribunal administratif de Rennes de trancher. Dans un communiqu\u00e9 publi\u00e9 d\u00e9but mai, le syndicat public&hellip;\n","protected":false},"author":2,"featured_media":105187,"comment_status":"","ping_status":"","sticky":false,"template":"","format":"standard","meta":{"footnotes":""},"categories":[2821],"tags":[1111,11,829,2171,1777,674,1011,27,848,310,720,12,584,25],"class_list":{"0":"post-105186","1":"post","2":"type-post","3":"status-publish","4":"format-standard","5":"has-post-thumbnail","7":"category-rennes","8":"tag-actu","9":"tag-actualites","10":"tag-bretagne","11":"tag-cotes-darmor","12":"tag-eu","13":"tag-europe","14":"tag-fr","15":"tag-france","16":"tag-ille-et-vilaine","17":"tag-internet","18":"tag-multimedia","19":"tag-news","20":"tag-rennes","21":"tag-republique-francaise"},"share_on_mastodon":{"url":"https:\/\/pubeurope.com\/@fr\/114519217480470073","error":""},"_links":{"self":[{"href":"https:\/\/www.europesays.com\/fr\/wp-json\/wp\/v2\/posts\/105186","targetHints":{"allow":["GET"]}}],"collection":[{"href":"https:\/\/www.europesays.com\/fr\/wp-json\/wp\/v2\/posts"}],"about":[{"href":"https:\/\/www.europesays.com\/fr\/wp-json\/wp\/v2\/types\/post"}],"author":[{"embeddable":true,"href":"https:\/\/www.europesays.com\/fr\/wp-json\/wp\/v2\/users\/2"}],"replies":[{"embeddable":true,"href":"https:\/\/www.europesays.com\/fr\/wp-json\/wp\/v2\/comments?post=105186"}],"version-history":[{"count":0,"href":"https:\/\/www.europesays.com\/fr\/wp-json\/wp\/v2\/posts\/105186\/revisions"}],"wp:featuredmedia":[{"embeddable":true,"href":"https:\/\/www.europesays.com\/fr\/wp-json\/wp\/v2\/media\/105187"}],"wp:attachment":[{"href":"https:\/\/www.europesays.com\/fr\/wp-json\/wp\/v2\/media?parent=105186"}],"wp:term":[{"taxonomy":"category","embeddable":true,"href":"https:\/\/www.europesays.com\/fr\/wp-json\/wp\/v2\/categories?post=105186"},{"taxonomy":"post_tag","embeddable":true,"href":"https:\/\/www.europesays.com\/fr\/wp-json\/wp\/v2\/tags?post=105186"}],"curies":[{"name":"wp","href":"https:\/\/api.w.org\/{rel}","templated":true}]}}