{"id":105194,"date":"2025-05-16T19:45:10","date_gmt":"2025-05-16T19:45:10","guid":{"rendered":"https:\/\/www.europesays.com\/fr\/105194\/"},"modified":"2025-05-16T19:45:10","modified_gmt":"2025-05-16T19:45:10","slug":"vents-violents-sur-la-cote-dazur-plusieurs-yachts-de-luxe-et-bateaux-de-croisieres-rapatries-en-urgence-dans-la-rade-de-villefranche","status":"publish","type":"post","link":"https:\/\/www.europesays.com\/fr\/105194\/","title":{"rendered":"Vents violents sur la C\u00f4te d&rsquo;Azur: plusieurs yachts de luxe et bateaux de croisi\u00e8res rapatri\u00e9s en urgence dans la rade de Villefranche"},"content":{"rendered":"<p>\u00c7a bouchonne dans la rade!\u00a0Immenses bateaux de croisi\u00e8re, yachts de luxe, petites embarcations de p\u00eacheurs&#8230;\u00a0Face aux <strong>fortes rafales qui balaient le large de la C\u00f4te d&rsquo;Azur<\/strong>, de nombreux b\u00e2timents sont venus se mettre \u00e0 l&rsquo;abri du vent et de la mer d\u00e9mont\u00e9e \u00e0 Villefranche-sur-mer.\u00a0<\/p>\n<p>Les plus visibles? Le <strong>Wind Surf, paquebot de 5 m\u00e2ts et 187 m\u00e8tres de long<\/strong>, qui assure les croisi\u00e8res pour le Club Med et <a href=\"https:\/\/www.nicematin.com\/vie-locale\/le-renaissance-un-des-35-plus-grands-yachts-de-la-planete-a-saint-jean-cap-ferrat-921752\" rel=\"nofollow noopener\" target=\"_blank\">le Renaissance, yacht de luxe de 112 m\u00e8tres<\/a>, propri\u00e9t\u00e9 d&rsquo;un richissime homme d&rsquo;affaires am\u00e9ricains.\u00a0<\/p>\n<p>              <img ci-src=\"https:\/\/www.nicematin.com\/vie-locale\/Capture+%282%29-RhMFWccE.JPG?vh=64f7c4&amp;ci_seal=2411d50852\" alt=\"\"\/><br \/>\n        Le trafic maritime dans la rade de Villefranche, vendredi 16 mai. <\/p>\n<p>                                Les Alpes-Maritimes en vigilance jaune<\/p>\n<p>La C\u00f4te d&rsquo;Azur est touch\u00e9e par des bourrasques de plus de 60 km\/h depuis le milieu de la matin\u00e9e. Le d\u00e9partement des Alpes-Maritimes a d&rsquo;ailleurs \u00e9t\u00e9 plac\u00e9 en vigilance jaune aux orages jusqu&rsquo;\u00e0 21h ce vendredi.\u00a0<\/p>\n<p>Depuis la plus haute Antiquit\u00e9, la rade de Villefranche est un abri incontournable pour toutes les civilisations de la mer qui sont venues en ce lieu mouiller les ancres de navires de guerre ou de commerce.<\/p>\n<p>Ils ont laiss\u00e9, ici et l\u00e0, au fond de l&rsquo;eau, les traces de leurs escales forc\u00e9es en ce lieu charg\u00e9 d&rsquo;histoires maritimes incomparables.<\/p>\n","protected":false},"excerpt":{"rendered":"\u00c7a bouchonne dans la rade!\u00a0Immenses bateaux de croisi\u00e8re, yachts de luxe, petites embarcations de p\u00eacheurs&#8230;\u00a0Face aux fortes rafales&hellip;\n","protected":false},"author":2,"featured_media":105195,"comment_status":"","ping_status":"","sticky":false,"template":"","format":"standard","meta":{"footnotes":""},"categories":[2819],"tags":[1111,11,1777,674,1011,27,12,2401,882,25,3366],"class_list":{"0":"post-105194","1":"post","2":"type-post","3":"status-publish","4":"format-standard","5":"has-post-thumbnail","7":"category-nice","8":"tag-actu","9":"tag-actualites","10":"tag-eu","11":"tag-europe","12":"tag-fr","13":"tag-france","14":"tag-news","15":"tag-nice","16":"tag-provence-alpes-cote-dazur","17":"tag-republique-francaise","18":"tag-vie-locale"},"share_on_mastodon":{"url":"https:\/\/pubeurope.com\/@fr\/114519233207645391","error":""},"_links":{"self":[{"href":"https:\/\/www.europesays.com\/fr\/wp-json\/wp\/v2\/posts\/105194","targetHints":{"allow":["GET"]}}],"collection":[{"href":"https:\/\/www.europesays.com\/fr\/wp-json\/wp\/v2\/posts"}],"about":[{"href":"https:\/\/www.europesays.com\/fr\/wp-json\/wp\/v2\/types\/post"}],"author":[{"embeddable":true,"href":"https:\/\/www.europesays.com\/fr\/wp-json\/wp\/v2\/users\/2"}],"replies":[{"embeddable":true,"href":"https:\/\/www.europesays.com\/fr\/wp-json\/wp\/v2\/comments?post=105194"}],"version-history":[{"count":0,"href":"https:\/\/www.europesays.com\/fr\/wp-json\/wp\/v2\/posts\/105194\/revisions"}],"wp:featuredmedia":[{"embeddable":true,"href":"https:\/\/www.europesays.com\/fr\/wp-json\/wp\/v2\/media\/105195"}],"wp:attachment":[{"href":"https:\/\/www.europesays.com\/fr\/wp-json\/wp\/v2\/media?parent=105194"}],"wp:term":[{"taxonomy":"category","embeddable":true,"href":"https:\/\/www.europesays.com\/fr\/wp-json\/wp\/v2\/categories?post=105194"},{"taxonomy":"post_tag","embeddable":true,"href":"https:\/\/www.europesays.com\/fr\/wp-json\/wp\/v2\/tags?post=105194"}],"curies":[{"name":"wp","href":"https:\/\/api.w.org\/{rel}","templated":true}]}}