{"id":105216,"date":"2025-05-16T19:56:09","date_gmt":"2025-05-16T19:56:09","guid":{"rendered":"https:\/\/www.europesays.com\/fr\/105216\/"},"modified":"2025-05-16T19:56:09","modified_gmt":"2025-05-16T19:56:09","slug":"quand-je-la-vois-jai-des-frissons-la-statue-de-tapie-accueillie-dans-la-joie-devant-le-velodrome","status":"publish","type":"post","link":"https:\/\/www.europesays.com\/fr\/105216\/","title":{"rendered":"\u00ab Quand je la vois, j\u2019ai des frissons \u00bb, la statue de Tapie accueillie dans la joie devant le V\u00e9lodrome"},"content":{"rendered":"<p><strong>Hommage &#8211; La ville de Marseille a inaugur\u00e9 ce vendredi devant le V\u00e9lodrome une statue de Bernard Tapie, port\u00e9 en triomphe par ses joueurs. Un petit millier de personnes est venu accueillir dans la joie le triomphe \u00e0 jamais fig\u00e9 du \u00ab Boss \u00bb<\/strong><\/p>\n<p>\u00ab Elle est incroyable \u00bb, \u00ab magnifique \u00bb, \u00ab trop belle \u00bb, \u00ab quand je la vois j\u2019ai des frissons dans le dos \u00bb\u2026 Et, c\u2019est bien connu, les Marseillais, qui manifestent en toutes occasions un amour inconditionnel pour <a href=\"https:\/\/www.20minutes.fr\/dossier\/bernard_tapie?at_medium=RSS%20feed&amp;at_campaign=ynews&amp;utm_source=yahoo&amp;utm_medium=rss&amp;utm_campaign=news_feed&amp;utm_content=in_article_link\" rel=\"nofollow noopener\" target=\"_blank\" data-ylk=\"slk:Bernard Tapie;elm:context_link;itc:0;sec:content-canvas\" class=\"link \">Bernard Tapie<\/a>, n\u2019exag\u00e8rent jamais.<\/p>\n<p>Un amour qu\u2019un bon millier d\u2019entre eux est venu redire ce vendredi en toute fin de journ\u00e9e devant le <a href=\"https:\/\/www.20minutes.fr\/dossier\/stade_velodrome?at_medium=RSS%20feed&amp;at_campaign=ynews&amp;utm_source=yahoo&amp;utm_medium=rss&amp;utm_campaign=news_feed&amp;utm_content=in_article_link\" rel=\"nofollow noopener\" target=\"_blank\" data-ylk=\"slk:V\u00e9lodrome;elm:context_link;itc:0;sec:content-canvas\" class=\"link \">V\u00e9lodrome<\/a>, \u00e0 l\u2019occasion de l\u2019inauguration par la ville de <a href=\"https:\/\/www.20minutes.fr\/marseille\/?at_medium=RSS%20feed&amp;at_campaign=ynews&amp;utm_source=yahoo&amp;utm_medium=rss&amp;utm_campaign=news_feed&amp;utm_content=in_article_link\" rel=\"nofollow noopener\" target=\"_blank\" data-ylk=\"slk:Marseille;elm:context_link;itc:0;sec:content-canvas\" class=\"link \">Marseille <\/a>d\u2019une <a href=\"https:\/\/www.20minutes.fr\/dossier\/statue?at_medium=RSS%20feed&amp;at_campaign=ynews&amp;utm_source=yahoo&amp;utm_medium=rss&amp;utm_campaign=news_feed&amp;utm_content=in_article_link\" rel=\"nofollow noopener\" target=\"_blank\" data-ylk=\"slk:statue;elm:context_link;itc:0;sec:content-canvas\" class=\"link \">statue <\/a>repr\u00e9sentant \u00ab le boss \u00bb, port\u00e9 en triomphe par six de ses joueurs, la coupe d\u2019Europe \u00e0 la main. Drapeaux et banni\u00e8res \u00e0 l\u2019honneur de Tapie qui d\u2019ordinaire flottent dans les virages sont de sorties. Une fois la statue d\u00e9voil\u00e9e, des chants \u2013 \u00ab Tapie, Tapie \u00bb, \u00ab C\u2019\u00e9tait le 26 mai \u00bb \u2013 finissent par \u00e9maner spontan\u00e9ment des supporteurs difficilement chauff\u00e9s par un speaker durant la longue attente.<\/p>\n<p>Premier week-end estival et veille de derni\u00e8re de journ\u00e9e de Ligue 1 obligent, ils sont plusieurs dans la foule \u00eatre venus des quatre coins de la France. A l\u2019image d\u2019Emilie et Milan, arriv\u00e9s de Metz avec leur jeune fils, qui a une comp\u00e9tition de Karat\u00e9 \u00e0 Marseille dimanche. \u00ab On vient pour le match de demain aussi (contre Rennes) et on en profite d\u00e9j\u00e0 avec cette inauguration \u00bb, indique celui qui a eu \u00ab la chair de poule lors de sa premi\u00e8re au stade \u00bb, un soir de 2008 et d\u00e9j\u00e0 avec Madame. \u00ab Tapie a vou\u00e9 sa vie \u00e0 ce club, et c\u2019est tr\u00e8s tr\u00e8s bien qu\u2019il ait une statue \u00e0 sa gloire \u00bb.<\/p>\n<p>Son voisin, v\u00eatu d\u2019un maillot vintage Panasonic de circonstance, est descendu de Rode(&#8230;)<\/p>\n<p><a href=\"https:\/\/www.20minutes.fr\/societe\/4153968-20250516-marseille-quand-vois-frissons-statue-tapie-accueillie-joie-devant-velodrome?at_medium=RSS%20feed&amp;at_campaign=ynews&amp;utm_source=yahoo&amp;utm_medium=rss&amp;utm_campaign=news_feed&amp;utm_content=read_more_link\" rel=\"nofollow noopener\" target=\"_blank\" data-ylk=\"slk:Lire la suite sur 20minutes;elm:context_link;itc:0;sec:content-canvas\" class=\"link \">Lire la suite sur 20minutes<\/a><\/p>\n<p>\u00c0 lire aussi :<br \/><a href=\"https:\/\/www.20minutes.fr\/societe\/4153096-20250512-marseille-statue-bernard-tapie-inauguree-pied-velodrome-vendredi?at_medium=RSS%20feed&amp;at_campaign=ynews&amp;utm_source=yahoo&amp;utm_medium=rss&amp;utm_campaign=news_feed&amp;utm_content=related_content_link\" rel=\"nofollow noopener\" target=\"_blank\" data-ylk=\"slk:Marseille : Une statue de Bernard Tapie inaugur\u00e9e au pied du V\u00e9lodrome ce vendredi;elm:context_link;itc:0;sec:content-canvas\" class=\"link \">Marseille : Une statue de Bernard Tapie inaugur\u00e9e au pied du V\u00e9lodrome ce vendredi<\/a><br \/><a href=\"https:\/\/www.20minutes.fr\/sport\/football\/4038265-20230524-om-devenu-cimetiere-bernard-tapie-tombe-boss-nouveau-lieu-pelerinage-marseille?at_medium=RSS%20feed&amp;at_campaign=ynews&amp;utm_source=yahoo&amp;utm_medium=rss&amp;utm_campaign=news_feed&amp;utm_content=related_content_link\" rel=\"nofollow noopener\" target=\"_blank\" data-ylk=\"slk:OM : \u00ab C\u2019est devenu le cimeti\u00e8re de Bernard Tapie \u00bb, la tombe du Boss, nouveau lieu de \u00ab p\u00e8lerinage \u00bb \u00e0 Marseille;elm:context_link;itc:0;sec:content-canvas\" class=\"link \">OM : \u00ab C\u2019est devenu le cimeti\u00e8re de Bernard Tapie \u00bb, la tombe du Boss, nouveau lieu de \u00ab p\u00e8lerinage \u00bb \u00e0 Marseille<\/a><\/p>\n","protected":false},"excerpt":{"rendered":"Hommage &#8211; La ville de Marseille a inaugur\u00e9 ce vendredi devant le V\u00e9lodrome une statue de Bernard Tapie,&hellip;\n","protected":false},"author":2,"featured_media":105217,"comment_status":"","ping_status":"","sticky":false,"template":"","format":"standard","meta":{"footnotes":""},"categories":[2814],"tags":[1111,11,1191,22213,1777,674,1011,27,1913,884,8628,12,149,882,584,25,11600,957],"class_list":{"0":"post-105216","1":"post","2":"type-post","3":"status-publish","4":"format-standard","5":"has-post-thumbnail","7":"category-marseille","8":"tag-actu","9":"tag-actualites","10":"tag-bernard-tapie","11":"tag-competition-de-karate","12":"tag-eu","13":"tag-europe","14":"tag-fr","15":"tag-france","16":"tag-la-ville","17":"tag-marseille","18":"tag-milan","19":"tag-news","20":"tag-om","21":"tag-provence-alpes-cote-dazur","22":"tag-rennes","23":"tag-republique-francaise","24":"tag-statue","25":"tag-velodrome"},"share_on_mastodon":{"url":"https:\/\/pubeurope.com\/@fr\/114519276539580042","error":""},"_links":{"self":[{"href":"https:\/\/www.europesays.com\/fr\/wp-json\/wp\/v2\/posts\/105216","targetHints":{"allow":["GET"]}}],"collection":[{"href":"https:\/\/www.europesays.com\/fr\/wp-json\/wp\/v2\/posts"}],"about":[{"href":"https:\/\/www.europesays.com\/fr\/wp-json\/wp\/v2\/types\/post"}],"author":[{"embeddable":true,"href":"https:\/\/www.europesays.com\/fr\/wp-json\/wp\/v2\/users\/2"}],"replies":[{"embeddable":true,"href":"https:\/\/www.europesays.com\/fr\/wp-json\/wp\/v2\/comments?post=105216"}],"version-history":[{"count":0,"href":"https:\/\/www.europesays.com\/fr\/wp-json\/wp\/v2\/posts\/105216\/revisions"}],"wp:featuredmedia":[{"embeddable":true,"href":"https:\/\/www.europesays.com\/fr\/wp-json\/wp\/v2\/media\/105217"}],"wp:attachment":[{"href":"https:\/\/www.europesays.com\/fr\/wp-json\/wp\/v2\/media?parent=105216"}],"wp:term":[{"taxonomy":"category","embeddable":true,"href":"https:\/\/www.europesays.com\/fr\/wp-json\/wp\/v2\/categories?post=105216"},{"taxonomy":"post_tag","embeddable":true,"href":"https:\/\/www.europesays.com\/fr\/wp-json\/wp\/v2\/tags?post=105216"}],"curies":[{"name":"wp","href":"https:\/\/api.w.org\/{rel}","templated":true}]}}