{"id":105222,"date":"2025-05-16T20:00:11","date_gmt":"2025-05-16T20:00:11","guid":{"rendered":"https:\/\/www.europesays.com\/fr\/105222\/"},"modified":"2025-05-16T20:00:11","modified_gmt":"2025-05-16T20:00:11","slug":"la-fin-des-tickets-cartons-se-precise-dans-les-transports-dile-de-france-jusqua-quand-les-utiliser","status":"publish","type":"post","link":"https:\/\/www.europesays.com\/fr\/105222\/","title":{"rendered":"La fin des tickets cartons se pr\u00e9cise dans les transports d&rsquo;\u00cele-de-France : jusqu&rsquo;\u00e0 quand les utiliser\u00a0?"},"content":{"rendered":"<p>            Par<br \/>\n        <strong><br \/>\n            <a href=\"https:\/\/actu.fr\/auteur\/redaction-paris\" title=\"Consulter tous les articles de R\u00e9daction Paris\" target=\"_blank\" rel=\"noopener\">R\u00e9daction Paris<\/a><br \/>\n        <\/strong><\/p>\n<p>        Publi\u00e9 le<\/p>\n<p>            16 mai 2025 \u00e0 20h18        <\/p>\n<p>Cette fois, c\u2019est vraiment la fin. \u00cele-de-France Mobilit\u00e9s (<a href=\"https:\/\/actu.fr\/tag\/ile-de-france-mobilites\" target=\"_blank\" rel=\"noopener\">IDFM<\/a>) a d\u00e9voil\u00e9 ce vendredi 16\u00a0mai 2025 les derni\u00e8res \u00e9ch\u00e9ances pour <a href=\"https:\/\/actu.fr\/societe\/validite-compostage-cinq-questions-que-vous-vous-posez-sur-la-fin-des-tickets-cartons-en-ile-de-france_62100970.html\" target=\"_blank\" rel=\"noopener\">le<strong> ticket en carton<\/strong>.<\/a> Le dernier tour de piste des historiques billets de transport du r\u00e9seau francilien, qui a d\u00e9j\u00e0 bien commenc\u00e9 avec le <a href=\"https:\/\/actu.fr\/societe\/tarif-unique-correspondance-offerte-ce-qui-va-changer-dans-les-transports-en-ile-de-france_61618789.html\" target=\"_blank\" rel=\"noopener\">d\u00e9veloppement rapide de titres d\u00e9mat\u00e9rialis\u00e9s<\/a>, s\u2019accompagne d\u00e9sormais de nouvelles <strong>mesures restrictives<\/strong>. Depuis le 13\u00a0mai, 400 gares et stations ont cess\u00e9 de vendre des tickets, soit 50\u2009% du r\u00e9seau. Et les<strong> adieux d\u00e9finitifs<\/strong> se rapprochent\u2009: le petit bout de rectangle magn\u00e9tis\u00e9 ne sera plus valide \u00e0 partir de la fin de l\u2019\u00e9t\u00e9 2026.<\/p>\n<p>Une fin progressive<\/p>\n<p class=\" wall-content\">IDFM a d\u00e9voil\u00e9 les modalit\u00e9s progressives de la fin du ticket en carton, qui va s\u2019\u00e9taler sur plusieurs mois. D\u00e8s l\u2019\u00e9t\u00e9 2025, certains bus et tramways ne les accepteront plus. \u00ab\u2009Ils seront encore accept\u00e9s temporairement dans les v\u00e9hicules \u00e9quip\u00e9s d\u2019anciens appareils de validation jusqu\u2019en mai\u00a02026\u2009\u00bb, pr\u00e9cise l\u2019autorit\u00e9 r\u00e9gulatrice des transports. \u00c0 partir de fin octobre\u00a02025, la quasi-totalit\u00e9 des gares ne le proposera plus \u00e0 la vente. L\u2019\u00e9t\u00e9 2026 marquera la <strong>fin de validit\u00e9 d\u00e9finitive<\/strong> sur l\u2019ensemble du r\u00e9seau m\u00e9tro, train et RER.<\/p>\n<p class=\" wall-content\">Pour les <strong>usagers occasionnels<\/strong> qui poss\u00e8dent encore des tickets en carton, ils pourront les \u00e9couler jusqu\u2019au 1er\u00a0novembre 2025 dans les bus et tramways, ou jusqu\u2019\u00e0 l\u2019\u00e9t\u00e9 2026 pour le reste du r\u00e9seau. \u00ab\u00a0Une proc\u00e9dure d\u2019\u00e9change sera mise en place d\u2019ici la fin du ticket<br \/>magn\u00e9tique, dont les modalit\u00e9s seront pr\u00e9cis\u00e9es ult\u00e9rieurement\u00a0\u00bb, ajoute IDFM.<\/p>\n<p class=\" wall-content\">L\u2019instance encourage fortement les voyageurs \u00e0 basculer sur l\u2019une des formules d\u00e9mat\u00e9rialis\u00e9es propos\u00e9es \u00e0 la vente, comme le <a href=\"https:\/\/actu.fr\/ile-de-france\/paris_75056\/transports-vers-une-generalisation-du-navigo-liberte-dans-toute-l-ile-de-france-en-2025_61083829.html\" target=\"_blank\" rel=\"noopener\">pass Libert\u00e9 +<\/a>, le <a href=\"https:\/\/actu.fr\/ile-de-france\/paris_75056\/ratp-fin-du-carnet-de-tickets-et-maintenant-on-fait-comment_60109997.html\" target=\"_blank\" rel=\"noopener\">pass Navigo Easy<\/a>, ou l\u2019achat de titres directement s.<\/p>\n<p class=\" wall-content\">Suivez toute l\u2019actualit\u00e9 de vos villes et m\u00e9dias favoris en vous inscrivant \u00e0 <a href=\"https:\/\/moncompte.actu.fr\" title=\"D\u00e9couvez Mon Actu\" rel=\"nofollow noopener\" data-trk=\"{&quot;cta&quot;:{&quot;action&quot;:&quot;https:\\\/\\\/moncompte.actu.fr&quot;,&quot;category&quot;:&quot;mon compte&quot;,&quot;from&quot;:&quot;article footer&quot;,&quot;name&quot;:&quot;Mon actu&quot;,&quot;type&quot;:&quot;cta&quot;}}\" target=\"_blank\">Mon Actu<\/a>.<\/p>\n","protected":false},"excerpt":{"rendered":"Par R\u00e9daction Paris Publi\u00e9 le 16 mai 2025 \u00e0 20h18 Cette fois, c\u2019est vraiment la fin. \u00cele-de-France Mobilit\u00e9s&hellip;\n","protected":false},"author":2,"featured_media":105223,"comment_status":"","ping_status":"","sticky":false,"template":"","format":"standard","meta":{"footnotes":""},"categories":[1592],"tags":[1111,11,1777,674,1011,27,662,10883,12,626,14377,25,104,2803],"class_list":{"0":"post-105222","1":"post","2":"type-post","3":"status-publish","4":"format-standard","5":"has-post-thumbnail","7":"category-ile-de-france","8":"tag-actu","9":"tag-actualites","10":"tag-eu","11":"tag-europe","12":"tag-fr","13":"tag-france","14":"tag-ile-de-france","15":"tag-ile-de-france-mobilites","16":"tag-news","17":"tag-paris","18":"tag-pass-navigo","19":"tag-republique-francaise","20":"tag-societe","21":"tag-transport"},"share_on_mastodon":{"url":"https:\/\/pubeurope.com\/@fr\/114519292325355616","error":""},"_links":{"self":[{"href":"https:\/\/www.europesays.com\/fr\/wp-json\/wp\/v2\/posts\/105222","targetHints":{"allow":["GET"]}}],"collection":[{"href":"https:\/\/www.europesays.com\/fr\/wp-json\/wp\/v2\/posts"}],"about":[{"href":"https:\/\/www.europesays.com\/fr\/wp-json\/wp\/v2\/types\/post"}],"author":[{"embeddable":true,"href":"https:\/\/www.europesays.com\/fr\/wp-json\/wp\/v2\/users\/2"}],"replies":[{"embeddable":true,"href":"https:\/\/www.europesays.com\/fr\/wp-json\/wp\/v2\/comments?post=105222"}],"version-history":[{"count":0,"href":"https:\/\/www.europesays.com\/fr\/wp-json\/wp\/v2\/posts\/105222\/revisions"}],"wp:featuredmedia":[{"embeddable":true,"href":"https:\/\/www.europesays.com\/fr\/wp-json\/wp\/v2\/media\/105223"}],"wp:attachment":[{"href":"https:\/\/www.europesays.com\/fr\/wp-json\/wp\/v2\/media?parent=105222"}],"wp:term":[{"taxonomy":"category","embeddable":true,"href":"https:\/\/www.europesays.com\/fr\/wp-json\/wp\/v2\/categories?post=105222"},{"taxonomy":"post_tag","embeddable":true,"href":"https:\/\/www.europesays.com\/fr\/wp-json\/wp\/v2\/tags?post=105222"}],"curies":[{"name":"wp","href":"https:\/\/api.w.org\/{rel}","templated":true}]}}