{"id":105224,"date":"2025-05-16T20:01:07","date_gmt":"2025-05-16T20:01:07","guid":{"rendered":"https:\/\/www.europesays.com\/fr\/105224\/"},"modified":"2025-05-16T20:01:07","modified_gmt":"2025-05-16T20:01:07","slug":"primark-epinglee-par-la-prefecture-pour-le-manque-dinformations-sur-la-qualite-de-ses-produits","status":"publish","type":"post","link":"https:\/\/www.europesays.com\/fr\/105224\/","title":{"rendered":"Primark \u00e9pingl\u00e9e par la pr\u00e9fecture pour le manque d&rsquo;informations sur la qualit\u00e9 de ses produits"},"content":{"rendered":"<p>            Par<br \/>\n        <strong><br \/>\n            <a href=\"https:\/\/actu.fr\/auteur\/redaction-paris\" title=\"Consulter tous les articles de R\u00e9daction Paris\" target=\"_blank\" rel=\"noopener\">R\u00e9daction Paris<\/a><br \/>\n        <\/strong><\/p>\n<p>        Publi\u00e9 le<\/p>\n<p>            16 mai 2025 \u00e0 10h24        <\/p>\n<p>Depuis la cr\u00e9ation de <a href=\"https:\/\/actu.fr\/tag\/primark\" target=\"_blank\" rel=\"noopener\">Primark<\/a> \u00e0 Dublin \u00e0 la fin des ann\u00e9es 1960, la soci\u00e9t\u00e9 a \u00e9volu\u00e9 et la <strong>crise climatique<\/strong> s\u2019est accentu\u00e9e. Peu \u00e0 peu, les consciences s\u2019\u00e9veillent sur l\u2019impact de certaines entreprises, dont celles du textile, qui comptent parmi les plus <a href=\"https:\/\/actu.fr\/paris\/pollution\" target=\"_blank\" rel=\"noopener\">polluantes<\/a> au monde. En France, le 14\u00a0mars 2025, l\u2019<a href=\"https:\/\/actu.fr\/tag\/assemblee-nationale\" target=\"_blank\" rel=\"noopener\">Assembl\u00e9e nationale<\/a> a vot\u00e9 \u00e0 l\u2019unanimit\u00e9 pour une proposition de loi visant \u00e0 <a href=\"https:\/\/actu.fr\/societe\/fast-fashion-l-assemblee-nationale-adopte-a-l-unanimite-des-mesures-contre-cette-mode-a-bas-prix_60821055.html\" target=\"_blank\" rel=\"noopener\">r\u00e9duire l\u2019impact environnemental de l\u2019industrie du v\u00eatement<\/a>. Deux mois plus tard, le 15\u00a0mai 2025, la <a href=\"https:\/\/actu.fr\/tag\/prefecture-du-val-de-marne\" target=\"_blank\" rel=\"noopener\">pr\u00e9fecture du Val-de-Marne<\/a> a \u00e9mis une injonction \u00e0 l\u2019\u00e9gard l\u2019entreprise irlandaise.<\/p>\n<p>Les consommateurs dans le flou<\/p>\n<p class=\" wall-content\">Avec des v\u00eatements \u00e0 (tout) petit prix, Primark est bien implant\u00e9e dans le d\u00e9partement avec une enseigne \u00e0 <a href=\"https:\/\/actu.fr\/ile-de-france\/thiais_94073\" target=\"_blank\" rel=\"noopener\">Thiais<\/a> et une \u00e0 <a href=\"https:\/\/actu.fr\/ile-de-france\/creteil_94028\" target=\"_blank\" rel=\"noopener\">Cr\u00e9teil<\/a>. La direction d\u00e9partementale de la protection des populations a donc investigu\u00e9 sur <strong>l\u2019enseigne de fast-fashion<\/strong>. R\u00e9sultat\u2009? L\u2019enqu\u00eate \u00ab\u2009a mis en \u00e9vidence que la SAS Primark France mettait en vente des v\u00eatements et des chaussures, sans mettre \u00e0 disposition des consommateurs les informations obligatoires relatives aux qualit\u00e9s et caract\u00e9ristiques environnementales des produits\u2009\u00bb, d\u00e9taille la pr\u00e9fecture.<\/p>\n<p class=\" wall-content\">Des manquements qui, pour les autorit\u00e9s, \u00ab\u2009privent les consommateurs d\u2019une information pr\u00e9cise et compl\u00e8te sur les <strong>caract\u00e9ristiques environnementales<\/strong> des articles et sur la tra\u00e7abilit\u00e9 des \u00e9tapes de leur fabrication\u2009\u00bb.\u00a0Primark est donc pri\u00e9e de \u00ab\u2009se mettre en conformit\u00e9 avec la r\u00e9glementation.\u2009\u00bb<\/p>\n<p class=\" wall-content\">Suivez toute l\u2019actualit\u00e9 de vos villes et m\u00e9dias favoris en vous inscrivant \u00e0 <a href=\"https:\/\/moncompte.actu.fr\" title=\"D\u00e9couvez Mon Actu\" rel=\"nofollow noopener\" data-trk=\"{&quot;cta&quot;:{&quot;action&quot;:&quot;https:\\\/\\\/moncompte.actu.fr&quot;,&quot;category&quot;:&quot;mon compte&quot;,&quot;from&quot;:&quot;article footer&quot;,&quot;name&quot;:&quot;Mon actu&quot;,&quot;type&quot;:&quot;cta&quot;}}\" target=\"_blank\">Mon Actu<\/a>.<\/p>\n","protected":false},"excerpt":{"rendered":"Par R\u00e9daction Paris Publi\u00e9 le 16 mai 2025 \u00e0 10h24 Depuis la cr\u00e9ation de Primark \u00e0 Dublin \u00e0&hellip;\n","protected":false},"author":2,"featured_media":105225,"comment_status":"","ping_status":"","sticky":false,"template":"","format":"standard","meta":{"footnotes":""},"categories":[1888],"tags":[1111,1928,11,1927,215,1777,674,1011,27,12,1926,626,1925,22214,17697,25,104],"class_list":{"0":"post-105224","1":"post","2":"type-post","3":"status-publish","4":"format-standard","5":"has-post-thumbnail","7":"category-paris","8":"tag-actu","9":"tag-actu-paris","10":"tag-actualites","11":"tag-actualites-paris","12":"tag-commerce","13":"tag-eu","14":"tag-europe","15":"tag-fr","16":"tag-france","17":"tag-news","18":"tag-news-paris","19":"tag-paris","20":"tag-paris-news","21":"tag-prefecture-du-val-de-marne","22":"tag-primark","23":"tag-republique-francaise","24":"tag-societe"},"share_on_mastodon":{"url":"https:\/\/pubeurope.com\/@fr\/114519296187317669","error":""},"_links":{"self":[{"href":"https:\/\/www.europesays.com\/fr\/wp-json\/wp\/v2\/posts\/105224","targetHints":{"allow":["GET"]}}],"collection":[{"href":"https:\/\/www.europesays.com\/fr\/wp-json\/wp\/v2\/posts"}],"about":[{"href":"https:\/\/www.europesays.com\/fr\/wp-json\/wp\/v2\/types\/post"}],"author":[{"embeddable":true,"href":"https:\/\/www.europesays.com\/fr\/wp-json\/wp\/v2\/users\/2"}],"replies":[{"embeddable":true,"href":"https:\/\/www.europesays.com\/fr\/wp-json\/wp\/v2\/comments?post=105224"}],"version-history":[{"count":0,"href":"https:\/\/www.europesays.com\/fr\/wp-json\/wp\/v2\/posts\/105224\/revisions"}],"wp:featuredmedia":[{"embeddable":true,"href":"https:\/\/www.europesays.com\/fr\/wp-json\/wp\/v2\/media\/105225"}],"wp:attachment":[{"href":"https:\/\/www.europesays.com\/fr\/wp-json\/wp\/v2\/media?parent=105224"}],"wp:term":[{"taxonomy":"category","embeddable":true,"href":"https:\/\/www.europesays.com\/fr\/wp-json\/wp\/v2\/categories?post=105224"},{"taxonomy":"post_tag","embeddable":true,"href":"https:\/\/www.europesays.com\/fr\/wp-json\/wp\/v2\/tags?post=105224"}],"curies":[{"name":"wp","href":"https:\/\/api.w.org\/{rel}","templated":true}]}}