{"id":1052270,"date":"2026-07-08T21:55:17","date_gmt":"2026-07-08T21:55:17","guid":{"rendered":"https:\/\/www.europesays.com\/fr\/1052270\/"},"modified":"2026-07-08T21:55:17","modified_gmt":"2026-07-08T21:55:17","slug":"bohr-energie-une-levee-pour-mieux-accelerer-au-niveau-europeen","status":"publish","type":"post","link":"https:\/\/www.europesays.com\/fr\/1052270\/","title":{"rendered":"Bohr Energie. Une lev\u00e9e pour mieux acc\u00e9l\u00e9rer au niveau europ\u00e9en"},"content":{"rendered":"<p>Pour <a href=\"https:\/\/www.touleco-green.fr\/Bohr-Energie-l-agregateur-toulousain-de-bonnes-energies,50117\" class=\"spip_out\" rel=\"external nofollow noopener\" target=\"_blank\">Bohr Energie<\/a> le premier semestre 2026 s\u2019ach\u00e8ve de mani\u00e8re \u00e9tincelante. La plateforme d\u2019agr\u00e9gation multi\u00e9nergies (photovolta\u00efque, \u00e9olien, hydro\u00e9lectricit\u00e9, etc.) toulousaine, qui accompagne ses clients producteurs d\u2019\u00e9nergies renouvelables (EnR)\u00a0[<a href=\"#nb1\" class=\"spip_note\" rel=\"appendix\" title=\"L\u2019agr\u00e9gateur \u00e9nerg\u00e9tique s\u2019adresse \u00e0 des clients de taille interm\u00e9diaire,\u00a0(\u2026)\" id=\"nh1\">1<\/a>] sur le march\u00e9 de gros de l\u2019\u00e9lectricit\u00e9, annonce en effet avoir r\u00e9ussi une lev\u00e9e de 10 millions d\u2019euros. Celle-ci est men\u00e9e par le gestionnaire ind\u00e9pendant d\u2019investissement barcelonais Suma Capital. Parmi le tour de table, on retrouve les fonds parisiens Varsity Capital, AFI Ventures et Founders Ventures, qui avaient soutenu Bohr lors de sa pr\u00e9c\u00e9dente lev\u00e9e de fonds, de 4 millions d\u2019euros, en 2024, mais aussi des fonds d\u2019investissements locaux, GSO Capital et Irdi Capital investissement.<\/p>\n<p>\u00ab\u00a0Aider les producteurs ind\u00e9pendants \u00e0 aller chercher la performance \u00e9conomique\u00a0\u00bb<\/p>\n<p>\u00ab\u00a0Cette lev\u00e9e va nous permettre d\u2019am\u00e9liorer techniquement notre suivi en temps r\u00e9el du march\u00e9 de gros \u00e9lectrique. Mais aussi de nous d\u00e9velopper en Espagne, en Italie, au Benelux\u00a0[<a href=\"#nb2\" class=\"spip_note\" rel=\"appendix\" title=\"D\u00e9signe la Belgique, les Pays-Bas et le Luxembourg.\" id=\"nh2\">2<\/a>] et au Royaume-uni\u00a0\u00bb, indique Julien Haure, cofondateur de Bohr Energie. Compos\u00e9e actuellement de vingt-deux collaborateurs, l\u2019entreprise devrait rapidement doubler ses effectifs\u00a0[<a href=\"#nb3\" class=\"spip_note\" rel=\"appendix\" title=\"Dans quelques mois, Bohr Energie devrait commencer \u00e0 embaucher des\u00a0(\u2026)\" id=\"nh3\">3<\/a>]. \u00c0 <a href=\"https:\/\/www.touleco.fr\/+-Cite-des-start-up-+\" class=\"spip_in\" rel=\"nofollow noopener\" target=\"_blank\">La Cit\u00e9<\/a> de Montaudran, o\u00f9 elle est localis\u00e9e, un d\u00e9m\u00e9nagement dans un espace plus grand est pr\u00e9vu dans les jours qui viennent. Bohr Energie semble par ailleurs en mesure d\u2019atteindre les objectifs fix\u00e9s en d\u00e9but d\u2019ann\u00e9e. \u00ab\u00a0On devrait bien atteindre environ 1 gigawatt (GW) sous gestion \u00e0 la fin de l\u2019ann\u00e9e et un volume d\u2019affaires de l\u2019ordre de 20 millions d\u2019euros. Dans notre portefeuille, nous avons, \u00e0 d\u00e9but juillet, aux alentours de 110 actifs financiers\u00a0\u00bb, affirme le dirigeant toulousain.<\/p>\n<p>L\u2019\u00e9quipe de Bohr Energie semble tr\u00e8s confiante dans son avenir. \u00ab\u00a0Avec les \u00e9pisodes caniculaires qui se multiplient, on voit bien que le r\u00e9chauffement est l\u00e0. Il va falloir acc\u00e9l\u00e9rer sur l\u2019\u00e9lectrification des usages, qui est une n\u00e9cessit\u00e9. Aider les producteurs d\u2019\u00e9nergie ind\u00e9pendants \u00e0 aller chercher la performance \u00e9conomique et mieux optimiser leurs productions est quelque chose de particuli\u00e8rement utile\u00a0\u00bb, consid\u00e8re Julien Haure.<br class=\"autobr\"\/><br \/>\nMatthias Hardoy<\/p>\n<p>Sur la photo\u00a0: Julien Haure, cofondateur de Bohr Energie. Avec Luis Urday, ils apportent leur expertise en mati\u00e8re de trading d\u2019\u00e9nergies et leurs connaissances r\u00e8glementaires du secteur. Cr\u00e9dit\u00a0: R\u00e9my Gabalda-Toul\u00c9co.<\/p>\n<p>Notes<\/p>\n<p>[<a href=\"#nh1\" class=\"spip_note\" title=\"Notes 1\" rev=\"appendix\">1<\/a>]\u00a0L\u2019agr\u00e9gateur \u00e9nerg\u00e9tique s\u2019adresse \u00e0 des clients de taille interm\u00e9diaire, sp\u00e9cialis\u00e9s dans le BtoB, ayant entre 100 kilowatts (kW) et 30 M\u00e9gaWatts (MW) de puissance install\u00e9e.<\/p>\n<p>[<a href=\"#nh2\" class=\"spip_note\" title=\"Notes 2\" rev=\"appendix\">2<\/a>]\u00a0D\u00e9signe la Belgique, les Pays-Bas et le Luxembourg.<\/p>\n<p>[<a href=\"#nh3\" class=\"spip_note\" title=\"Notes 3\" rev=\"appendix\">3<\/a>]\u00a0Dans quelques mois, Bohr Energie devrait commencer \u00e0 embaucher des collaborateurs \u00e0 l\u2019\u00e9tranger, des \u201ccountry managers\u201d pour d\u00e9velopper commercialement ses diff\u00e9rents pays cibles.<\/p>\n","protected":false},"excerpt":{"rendered":"Pour Bohr Energie le premier semestre 2026 s\u2019ach\u00e8ve de mani\u00e8re \u00e9tincelante. La plateforme d\u2019agr\u00e9gation multi\u00e9nergies (photovolta\u00efque, \u00e9olien, hydro\u00e9lectricit\u00e9,&hellip;\n","protected":false},"author":2,"featured_media":1052271,"comment_status":"","ping_status":"","sticky":false,"template":"","format":"standard","meta":{"footnotes":"","_share_on_mastodon":"0"},"categories":[2816],"tags":[1111,11,893,2830,1777,674,33863,1011,27,109221,12,2680,25,2312],"class_list":["post-1052270","post","type-post","status-publish","format-standard","has-post-thumbnail","category-toulouse","tag-actu","tag-actualites","tag-energie","tag-energies-renouvelables","tag-eu","tag-europe","tag-fonds-dinvestissement","tag-fr","tag-france","tag-irdi-soridec-gestion","tag-news","tag-occitanie","tag-republique-francaise","tag-toulouse"],"share_on_mastodon":{"url":"","error":""},"_links":{"self":[{"href":"https:\/\/www.europesays.com\/fr\/wp-json\/wp\/v2\/posts\/1052270","targetHints":{"allow":["GET"]}}],"collection":[{"href":"https:\/\/www.europesays.com\/fr\/wp-json\/wp\/v2\/posts"}],"about":[{"href":"https:\/\/www.europesays.com\/fr\/wp-json\/wp\/v2\/types\/post"}],"author":[{"embeddable":true,"href":"https:\/\/www.europesays.com\/fr\/wp-json\/wp\/v2\/users\/2"}],"replies":[{"embeddable":true,"href":"https:\/\/www.europesays.com\/fr\/wp-json\/wp\/v2\/comments?post=1052270"}],"version-history":[{"count":0,"href":"https:\/\/www.europesays.com\/fr\/wp-json\/wp\/v2\/posts\/1052270\/revisions"}],"wp:featuredmedia":[{"embeddable":true,"href":"https:\/\/www.europesays.com\/fr\/wp-json\/wp\/v2\/media\/1052271"}],"wp:attachment":[{"href":"https:\/\/www.europesays.com\/fr\/wp-json\/wp\/v2\/media?parent=1052270"}],"wp:term":[{"taxonomy":"category","embeddable":true,"href":"https:\/\/www.europesays.com\/fr\/wp-json\/wp\/v2\/categories?post=1052270"},{"taxonomy":"post_tag","embeddable":true,"href":"https:\/\/www.europesays.com\/fr\/wp-json\/wp\/v2\/tags?post=1052270"}],"curies":[{"name":"wp","href":"https:\/\/api.w.org\/{rel}","templated":true}]}}