{"id":105248,"date":"2025-05-16T20:13:09","date_gmt":"2025-05-16T20:13:09","guid":{"rendered":"https:\/\/www.europesays.com\/fr\/105248\/"},"modified":"2025-05-16T20:13:09","modified_gmt":"2025-05-16T20:13:09","slug":"devant-gaza-exsangue-des-soldats-de-larmee-israelienne-en-proie-aux-doutes-liberation","status":"publish","type":"post","link":"https:\/\/www.europesays.com\/fr\/105248\/","title":{"rendered":"devant Gaza exsangue, des soldats de l\u2019arm\u00e9e isra\u00e9lienne en proie aux doutes \u2013 Lib\u00e9ration"},"content":{"rendered":"<p class=\"sc-ksZaOG ehjQrN text-element\">Ce devrait \u00eatre la veill\u00e9e d\u2019armes dans les kibboutz et les villages qui bordent la bande de Gaza, alors que Benyamin N\u00e9tanyahou a r\u00e9it\u00e9r\u00e9 mardi 13 mai son intention de lancer tr\u00e8s prochainement <a href=\"https:\/\/www.liberation.fr\/international\/moyen-orient\/avec-les-chariots-de-gedeon-israel-promet-dintensifier-son-offensive-a-gaza-20250505_EYGFKW6PQBA4XOAMX2EBYJCLIU\/\" target=\"_blank\" rel=\"noopener\" title=\"https:\/\/www.liberation.fr\/international\/moyen-orient\/avec-les-chariots-de-gedeon-israel-promet-dintensifier-son-offensive-a-gaza-20250505_EYGFKW6PQBA4XOAMX2EBYJCLIU\/\">l\u2019op\u00e9ration \u00abChariots de G\u00e9d\u00e9on\u00bb<\/a>, et d\u2019\u00abattaquer Gaza de toutes ses forces\u00bb. Pourtant, m\u00eame si les tanks mont\u00e9s sur des poids lourds font des allers-retours entre les diff\u00e9rentes bases <a href=\"https:\/\/www.liberation.fr\/international\/moyen-orient\/dun-7-octobre-a-lautre-le-long-de-la-route-232-entre-la-bande-de-gaza-et-israel-20241006_UFRIHUTT6FEQZHVWC7VJOPULOI\/\" target=\"_blank\" rel=\"noopener\" title=\"https:\/\/www.liberation.fr\/international\/moyen-orient\/dun-7-octobre-a-lautre-le-long-de-la-route-232-entre-la-bande-de-gaza-et-israel-20241006_UFRIHUTT6FEQZHVWC7VJOPULOI\/\">le long de la route 232, la ligne de front du 7 Octobre<\/a>, le calme de la routine r\u00e8gne. Et certains automobilistes se risquent m\u00eame \u00e0 rouler jusqu\u2019\u00e0 la cl\u00f4ture qui marque la fronti\u00e8re avec l\u2019enclave palestinienne, m\u00eame si elle reste herm\u00e9tiquement ferm\u00e9e, y compris aux journalistes, \u00e0 l\u2019encontre du droit international et du droit isra\u00e9lien.<\/p>\n","protected":false},"excerpt":{"rendered":"Ce devrait \u00eatre la veill\u00e9e d\u2019armes dans les kibboutz et les villages qui bordent la bande de Gaza,&hellip;\n","protected":false},"author":2,"featured_media":105249,"comment_status":"","ping_status":"","sticky":false,"template":"","format":"standard","meta":{"footnotes":""},"categories":[2],"tags":[11,952,1011,27,3517,664,3523,12,3518,25],"class_list":{"0":"post-105248","1":"post","2":"type-post","3":"status-publish","4":"format-standard","5":"has-post-thumbnail","7":"category-actualites","8":"tag-actualites","9":"tag-benyamin-netanyahou","10":"tag-fr","11":"tag-france","12":"tag-gaza-l-escalade","13":"tag-israel","14":"tag-israel-palestine-conflit","15":"tag-news","16":"tag-palestine","17":"tag-republique-francaise"},"share_on_mastodon":{"url":"https:\/\/pubeurope.com\/@fr\/114519343331179592","error":""},"_links":{"self":[{"href":"https:\/\/www.europesays.com\/fr\/wp-json\/wp\/v2\/posts\/105248","targetHints":{"allow":["GET"]}}],"collection":[{"href":"https:\/\/www.europesays.com\/fr\/wp-json\/wp\/v2\/posts"}],"about":[{"href":"https:\/\/www.europesays.com\/fr\/wp-json\/wp\/v2\/types\/post"}],"author":[{"embeddable":true,"href":"https:\/\/www.europesays.com\/fr\/wp-json\/wp\/v2\/users\/2"}],"replies":[{"embeddable":true,"href":"https:\/\/www.europesays.com\/fr\/wp-json\/wp\/v2\/comments?post=105248"}],"version-history":[{"count":0,"href":"https:\/\/www.europesays.com\/fr\/wp-json\/wp\/v2\/posts\/105248\/revisions"}],"wp:featuredmedia":[{"embeddable":true,"href":"https:\/\/www.europesays.com\/fr\/wp-json\/wp\/v2\/media\/105249"}],"wp:attachment":[{"href":"https:\/\/www.europesays.com\/fr\/wp-json\/wp\/v2\/media?parent=105248"}],"wp:term":[{"taxonomy":"category","embeddable":true,"href":"https:\/\/www.europesays.com\/fr\/wp-json\/wp\/v2\/categories?post=105248"},{"taxonomy":"post_tag","embeddable":true,"href":"https:\/\/www.europesays.com\/fr\/wp-json\/wp\/v2\/tags?post=105248"}],"curies":[{"name":"wp","href":"https:\/\/api.w.org\/{rel}","templated":true}]}}