{"id":105255,"date":"2025-05-16T20:17:10","date_gmt":"2025-05-16T20:17:10","guid":{"rendered":"https:\/\/www.europesays.com\/fr\/105255\/"},"modified":"2025-05-16T20:17:10","modified_gmt":"2025-05-16T20:17:10","slug":"en-direct-rugby-pro-d2-le-fcg-est-devant-nevers-et-repasse-en-tete-du-championnat-suivez-la-rencontre-le-dauphine-libere","status":"publish","type":"post","link":"https:\/\/www.europesays.com\/fr\/105255\/","title":{"rendered":"En direct Rugby. Pro D2 : le FCG est devant Nevers et repasse en t\u00eate du championnat.. suivez la rencontre &#8211; Le Dauphin\u00e9 Lib\u00e9r\u00e9"},"content":{"rendered":"<ol>\n<li><a href=\"https:\/\/news.google.com\/rss\/articles\/CBMixwFBVV95cUxNVUgyUG5pYjkxWl9xOEF5NEViVUVqOHdDUlJ6aWMzTndYOVZjUFozUXk5RGtGQmZuWGR6X0IyZG9kUVZQTXUzZ3ZHekVRRkhqd1ZwQTBwN09oS0daWE1Uc2ZNNFZwbVJDc2xCTW1ncnBxbDljbGtjVFhhcWNpTW51eGpENElRYlFDcjBHTGJmb3JpN0ZhbXZrSWZ0ekxFeW9BY2NBaFlrV0JTZWhDX3BEWkI5LVBkM25VZ1I1aEctdWpZYlpraGdN?oc=5\" target=\"_blank\" rel=\"noopener\">En direct Rugby. Pro D2 : le FCG est devant Nevers et repasse en t\u00eate du championnat.. suivez la rencontre<\/a>&nbsp;&nbsp;Le Dauphin\u00e9 Lib\u00e9r\u00e9<\/li>\n<li><a href=\"https:\/\/news.google.com\/rss\/articles\/CBMijgFBVV95cUxOWXFVZnJhekUwanJtRlplZXZWZVN4ZGRkcXl1aGktME94VWF3VTB5b3ZkWnkwd1hjZXY2cWU1TTZ5a2lSUUdTbVZBRUNnQWNfQ01zUTRiYjBSY25pemFtSHpzeGQyZjJDQ0JmeHdCLWNUR3JhOGhVOG82bjZCME40Sl85R2JVNnZwZEpxUFN3?oc=5\" target=\"_blank\" rel=\"noopener\">Grenoble &#8211; Nevers \u00e0 suivre en direct, Retour de Pro D2 2024-2025 (16\/05\/2025)<\/a>&nbsp;&nbsp;L&rsquo;\u00c9quipe<\/li>\n<li><a href=\"https:\/\/news.google.com\/rss\/articles\/CBMi3gFBVV95cUxON1l2d2J5bDRGak1CYTVJM0FhZnRzVDNVSU9Ha3RPTzVrM0hzaEY0N2JKSG9iVmdPVk5ZX0pxVDB4MTF5cG5ZU2NWd2I4M2w0blRkMlVFWmJkX3hJelVfNno4VWd6UnVsb3hjZW12SmN3Tm5CTUc5NDRRVlNYcFE3Mnl6cXZ3dWJTZXdRQ2lsdHpoWUZxc1RMRVJsOS1mcFgwaENFd1dwdEo4ZHh6a0xINnJSVzdUbUhPSzZhZm1xVDZBVkRnTThUYUFyVVAyWFNaZXJWRllyWnlvbGdTdWc?oc=5\" target=\"_blank\" rel=\"noopener\">L&rsquo;USON Nevers pour finir sur une bonne note \u00e0 Grenoble ? Suivez la rencontre de Pro D2 en direct<\/a>&nbsp;&nbsp;Le Journal du Centre<\/li>\n<li><a href=\"https:\/\/news.google.com\/rss\/articles\/CBMi-gFBVV95cUxOa1JLQXBGd0dzZk1tYWtLQjJBUHZrUW05amVZbTFvWmpONGYzcmFEaTRVZElPbXMyUUVudHd6b3J3cWNjTm5Bd3AtazNDbV9ueGZkVHZxbGx1WVJWemhGc3lHWTlFMURVY3E2LW5lc0NQT0t1Y3pYcnpzOXltWFJRWi16eXNqN0JJVHBKR3B5SkVjRXUzNDRkN3JRWFlLWm0wRW9hLU96S1JRQzBSWWFRcktyTTY4S0dfbjRTdTN6RXBvc0lnZFc5LWh3ZVZiOEFzLTExdkozbzJXWGwzT2t5ajFvdDJoUlBIQ0NEbGpiNEU3SFNQWWsyMnFR?oc=5\" target=\"_blank\" rel=\"noopener\">En direct. Grenoble \u2013 Nevers : le FCG veut retrouver son tr\u00f4ne, suivez la derni\u00e8re journ\u00e9e de Pro D2<\/a>&nbsp;&nbsp;Rugbyrama<\/li>\n<li><a href=\"https:\/\/news.google.com\/rss\/articles\/CBMifkFVX3lxTE5EaWxlUDFOQUhqVVhpYkVQQ0RpYWw5MHdOeGp6S043RDFISUd2d3FfZFhFd1FaTjZKZEtWcmMxYnY5ZHJUX3NrTFZwaHc3aUZuLWMySlBpVEd0TnZKUHpwNFZQamZqOWF4Nk5zMnlFOGl0d19XQzhYdmV2RXVMQQ?oc=5\" target=\"_blank\" rel=\"noopener\">FC Grenoble Rugby &#8211; La compo&rsquo; du FCG face \u00e0 Nevers<\/a>&nbsp;&nbsp;FC Grenoble Rugby<\/li>\n<\/ol>\n","protected":false},"excerpt":{"rendered":"En direct Rugby. Pro D2 : le FCG est devant Nevers et repasse en t\u00eate du championnat.. suivez&hellip;\n","protected":false},"author":2,"featured_media":105256,"comment_status":"","ping_status":"","sticky":false,"template":"","format":"standard","meta":{"footnotes":""},"categories":[1416],"tags":[3545,112,113,114,2727,107,1701,1011,27,2731,2732,108,1985,2308,479,1468,517,1947,60],"class_list":{"0":"post-105255","1":"post","2":"type-post","3":"status-publish","4":"format-standard","5":"has-post-thumbnail","7":"category-rugby","8":"tag-direct-sport","9":"tag-edition-grenoble-agglomeration","10":"tag-edition-gresivaudan-oisans","11":"tag-edition-voiron-saint-marcellin","12":"tag-fcg-fc-grenoble-rugby","13":"tag-fil-info","14":"tag-fil-info-sport","15":"tag-fr","16":"tag-france","17":"tag-grenoble","18":"tag-grenoble-bassin","19":"tag-isere","20":"tag-metropole-de-grenoble","21":"tag-pro-d2","22":"tag-rugby","23":"tag-rugby-football","24":"tag-sport","25":"tag-sport-national","26":"tag-sports"},"share_on_mastodon":{"url":"https:\/\/pubeurope.com\/@fr\/114519359057590085","error":""},"_links":{"self":[{"href":"https:\/\/www.europesays.com\/fr\/wp-json\/wp\/v2\/posts\/105255","targetHints":{"allow":["GET"]}}],"collection":[{"href":"https:\/\/www.europesays.com\/fr\/wp-json\/wp\/v2\/posts"}],"about":[{"href":"https:\/\/www.europesays.com\/fr\/wp-json\/wp\/v2\/types\/post"}],"author":[{"embeddable":true,"href":"https:\/\/www.europesays.com\/fr\/wp-json\/wp\/v2\/users\/2"}],"replies":[{"embeddable":true,"href":"https:\/\/www.europesays.com\/fr\/wp-json\/wp\/v2\/comments?post=105255"}],"version-history":[{"count":0,"href":"https:\/\/www.europesays.com\/fr\/wp-json\/wp\/v2\/posts\/105255\/revisions"}],"wp:featuredmedia":[{"embeddable":true,"href":"https:\/\/www.europesays.com\/fr\/wp-json\/wp\/v2\/media\/105256"}],"wp:attachment":[{"href":"https:\/\/www.europesays.com\/fr\/wp-json\/wp\/v2\/media?parent=105255"}],"wp:term":[{"taxonomy":"category","embeddable":true,"href":"https:\/\/www.europesays.com\/fr\/wp-json\/wp\/v2\/categories?post=105255"},{"taxonomy":"post_tag","embeddable":true,"href":"https:\/\/www.europesays.com\/fr\/wp-json\/wp\/v2\/tags?post=105255"}],"curies":[{"name":"wp","href":"https:\/\/api.w.org\/{rel}","templated":true}]}}