{"id":1052576,"date":"2026-07-09T01:07:14","date_gmt":"2026-07-09T01:07:14","guid":{"rendered":"https:\/\/www.europesays.com\/fr\/1052576\/"},"modified":"2026-07-09T01:07:14","modified_gmt":"2026-07-09T01:07:14","slug":"saint-martin-la-senatrice-lr-annick-petrus-agressee-a-main-armee-a-son-domicile","status":"publish","type":"post","link":"https:\/\/www.europesays.com\/fr\/1052576\/","title":{"rendered":"Saint-Martin : la s\u00e9natrice LR Annick Petrus agress\u00e9e \u00e0 main arm\u00e9e \u00e0 son domicile"},"content":{"rendered":"<p>\n    La s\u00e9natrice 65 ans a \u00e9t\u00e9 ligot\u00e9e, b\u00e2illonn\u00e9e et s\u00e9questr\u00e9e sous la menace d\u2019une arme \u00e0 son domicile de cette \u00eele des Antilles, dans la nuit de mardi \u00e0 mercredi.<\/p>\n<p class=\"fig-paragraph\">La s\u00e9natrice LR de Saint-Martin\u00a0<a href=\"http:\/\/www.lefigaro.fr\/flash-actu\/saint-martin-condamnation-sans-peine-requise-contre-le-president-de-la-collectivite-20220119\" target=\"_blank\" data-fig-type=\"NewsFlash\" rel=\"noopener nofollow\" data-gtm-custom-categorie=\"navigation\" data-gtm-custom-action=\"crossclick\" data-gtm-custom-label=\"Contextuel\" data-gtm-event=\"customEventSPE\" data-fig-domain=\"LEFIGARO\">Annick Petrus<\/a>\u00a0a \u00e9t\u00e9 ligot\u00e9e, b\u00e2illonn\u00e9e et s\u00e9questr\u00e9e sous la menace d&rsquo;une arme \u00e0 son domicile de cette \u00eele des Antilles, dans la nuit de mardi \u00e0 mercredi, a indiqu\u00e9 \u00e0 l&rsquo;AFP la pr\u00e9fecture, confirmant des propos de l&rsquo;\u00e9lue. \u00abCette nuit, des individus arm\u00e9s se sont introduits chez moi. Sous la menace d&rsquo;une arme \u00e0 feu, j&rsquo;ai \u00e9t\u00e9 s\u00e9questr\u00e9e, ligot\u00e9e et b\u00e2illonn\u00e9e\u00bb, a indiqu\u00e9 la s\u00e9natrice\u00a0<a href=\"https:\/\/www.facebook.com\/annickpetrus\/posts\/pfbid07BMP5XZP3wkSHHPaaeLdgLfjcRG4yb2kAsL6QoKkDC6YiHdRZYyCwv5hCkBzbgz7l\" target=\"_blank\" rel=\"nofollow noopener\" data-gtm-custom-categorie=\"navigation\" data-gtm-custom-action=\"crossclick\" data-gtm-custom-label=\"Contextuel\" data-gtm-event=\"customEventSPE\">sur son compte Facebook<\/a>.<\/p>\n<p class=\"fig-paragraph\">Une enqu\u00eate a \u00e9t\u00e9 ouverte par le parquet de Basse-Terre (Guadeloupe), qui a comp\u00e9tence sur les \u00ab\u00eeles du nord\u00bb, Saint-Martin et Saint-Barth\u00e9lemy. Un dispositif renforc\u00e9 de s\u00e9curisation du domicile de la s\u00e9natrice par la gendarmerie sera mis en place dans les jours \u00e0 venir, a pr\u00e9cis\u00e9 la source pr\u00e9fectorale.<\/p>\n<p>                                            <a class=\"fig-a11y-skip\" href=\"#fig-a11y-skip-main-inarticle\" is=\"fig-a11y-skip\" data-trigger-mode=\"visible-once\"><br \/>\n    Passer la publicit\u00e9<br \/>\n<\/a>            <\/p>\n<p class=\"fig-paragraph\">Annick Petrus, ancienne vice-pr\u00e9sidente de la Collectivit\u00e9 de Saint-Martin, \u00e2g\u00e9e de 65 ans, a indiqu\u00e9 \u00eatre \u00absaine et sauve\u00bb. \u00abSi cette \u00e9preuve peut profond\u00e9ment marquer, mon \u00e9tat de sant\u00e9 est heureusement rassurant\u00bb, a-t-elle ajout\u00e9, affirmant que \u00abcette agression ne remettra pas en cause (son) engagement au service de Saint-Martin et de ses habitants\u00bb.<\/p>\n<p class=\"fig-paragraph\">Les autorit\u00e9s s&rsquo;inqui\u00e8tent du haut niveau de criminalit\u00e9 et de la prolif\u00e9ration des armes \u00e0 feu sur l&rsquo;\u00eele de Saint-Martin, partag\u00e9e entre une partie fran\u00e7aise au nord et une partie n\u00e9erlandaise au sud.<\/p>\n","protected":false},"excerpt":{"rendered":"La s\u00e9natrice 65 ans a \u00e9t\u00e9 ligot\u00e9e, b\u00e2illonn\u00e9e et s\u00e9questr\u00e9e sous la menace d\u2019une arme \u00e0 son domicile&hellip;\n","protected":false},"author":2,"featured_media":1052577,"comment_status":"","ping_status":"","sticky":false,"template":"","format":"standard","meta":{"footnotes":"","_share_on_mastodon":"0"},"categories":[5],"tags":[11,1120,1011,27,14,12,26085,60812,28],"class_list":["post-1052576","post","type-post","status-publish","format-standard","has-post-thumbnail","category-international","tag-actualites","tag-agression","tag-fr","tag-france","tag-international","tag-news","tag-saint-martin","tag-senatrice","tag-world"],"share_on_mastodon":{"url":"https:\/\/pubeurope.com\/@fr\/116887345345219934","error":""},"_links":{"self":[{"href":"https:\/\/www.europesays.com\/fr\/wp-json\/wp\/v2\/posts\/1052576","targetHints":{"allow":["GET"]}}],"collection":[{"href":"https:\/\/www.europesays.com\/fr\/wp-json\/wp\/v2\/posts"}],"about":[{"href":"https:\/\/www.europesays.com\/fr\/wp-json\/wp\/v2\/types\/post"}],"author":[{"embeddable":true,"href":"https:\/\/www.europesays.com\/fr\/wp-json\/wp\/v2\/users\/2"}],"replies":[{"embeddable":true,"href":"https:\/\/www.europesays.com\/fr\/wp-json\/wp\/v2\/comments?post=1052576"}],"version-history":[{"count":0,"href":"https:\/\/www.europesays.com\/fr\/wp-json\/wp\/v2\/posts\/1052576\/revisions"}],"wp:featuredmedia":[{"embeddable":true,"href":"https:\/\/www.europesays.com\/fr\/wp-json\/wp\/v2\/media\/1052577"}],"wp:attachment":[{"href":"https:\/\/www.europesays.com\/fr\/wp-json\/wp\/v2\/media?parent=1052576"}],"wp:term":[{"taxonomy":"category","embeddable":true,"href":"https:\/\/www.europesays.com\/fr\/wp-json\/wp\/v2\/categories?post=1052576"},{"taxonomy":"post_tag","embeddable":true,"href":"https:\/\/www.europesays.com\/fr\/wp-json\/wp\/v2\/tags?post=1052576"}],"curies":[{"name":"wp","href":"https:\/\/api.w.org\/{rel}","templated":true}]}}