{"id":10526,"date":"2025-04-08T15:25:09","date_gmt":"2025-04-08T15:25:09","guid":{"rendered":"https:\/\/www.europesays.com\/fr\/10526\/"},"modified":"2025-04-08T15:25:09","modified_gmt":"2025-04-08T15:25:09","slug":"golf-de-cornouaille-depuis-ses-8-ans-tao-pemerika-brille-sur-tous-les-greens-de-france","status":"publish","type":"post","link":"https:\/\/www.europesays.com\/fr\/10526\/","title":{"rendered":"Golf de Cornouaille\u00a0: depuis ses 8\u200aans, Tao Pemerika brille sur tous les greens de France"},"content":{"rendered":"<p>L\u2019\u00e9cole de golf de Cornouaille, \u00e0 La For\u00eat-Fouesnant, peut s\u2019enorgueillir d\u2019avoir form\u00e9 une graine de champion\u00a0: Tao Pemerika, \u00e2g\u00e9 de 15 ans, s\u00e9lectionn\u00e9 dans l\u2019\u00e9quipe de France dans sa cat\u00e9gorie, d\u00e9j\u00e0 d\u00e9tenteur d\u2019un titre de champion de France en U12, et qui porte les couleurs de Cornouaille en comp\u00e9tition depuis 2018 (il a int\u00e9gr\u00e9 l\u2019\u00e9cole de golf \u00e0 5\u200aans). Il est actuellement \u00e9tudiant au centre de performance du Golf national de la F\u00e9d\u00e9ration fran\u00e7aise de golf, \u00e0 Saint-Quentin-en-Yvelines\u200a(78).<\/p>\n<blockquote><p>\u00ab\u00a0Quand je l\u2019ai vu jouer pour la premi\u00e8re fois, je me suis dit\u00a0: voil\u00e0 un joueur qui a des mains.\u00a0\u00bb<\/p><\/blockquote>\n<p>Surclass\u00e9 depuis ses d\u00e9buts, s\u00e9lectionn\u00e9 en \u00e9quipe de France<\/p>\n<p>Le jeune homme a eu son premier club de golf \u00e0 5 ans, accompagnant son p\u00e8re, Dan, sur le green du golf de Cornouaille et montrant d\u00e9j\u00e0 des capacit\u00e9s hors norme pour un enfant de cet \u00e2ge. Olivier Bottineau, le professeur de golf de l\u2019\u00e9cole, a de suite d\u00e9cel\u00e9 l\u2019immense talent de Tao. \u00ab\u00a0Quand je l\u2019ai vu jouer pour la premi\u00e8re fois, je me suis dit\u00a0: voil\u00e0 un joueur qui a des mains.\u00a0\u00bb<\/p>\n<p>Tao a travaill\u00e9 sous la houlette d\u2019Olivier d\u00e8s 2018, surclass\u00e9 dans les comp\u00e9titions du club d\u00e8s le d\u00e9but. Tr\u00e8s rapidement, il participe aux comp\u00e9titions d\u00e9partementales, puis r\u00e9gionales, puis nationales, raflant en 2022 le titre de champion de France en U12 et se classant 3e en 2023. Tao se souvient avec \u00e9motion de sa premi\u00e8re partie en scramble \u00e0 4. \u00ab\u00a0C\u2019\u00e9tait en famille, avec mes grands-parents, qui sont f\u00e9rus de golf, et mon p\u00e8re.\u00a0\u00bb<\/p>\n<p>Depuis, le jeune homme a bien \u00e9volu\u00e9. Toujours licenci\u00e9 <a href=\"https:\/\/www.letelegramme.fr\/finistere\/la-foret-fouesnant-29940\/400-participants-a-la-11e-edition-du-trophee-des-ambassadeurs-du-golf-de-cornouaille-a-la-foret-fouesnant-6617645.php\" target=\"_blank\" rel=\"noopener\">au golf de Cornouaille<\/a>, il gravit les plus hauts \u00e9chelons nationaux. Il vient de passer dans la cat\u00e9gorie U16 et est toujours s\u00e9lectionn\u00e9 dans l\u2019\u00e9quipe de France. Maniant parfaitement la langue de Shakespeare, un gros atout pour les comp\u00e9titions internationales, il r\u00eave de remporter l\u2019un des tournois majeurs du grand chelem du golf, comme le Masters \u00e0 Augustin. Son joueur pr\u00e9f\u00e9r\u00e9\u00a0? Rory McIlroy, un Nord-Irlandais. Son coup pr\u00e9f\u00e9r\u00e9\u00a0? Le chipping.<\/p>\n<blockquote><p>\u00ab\u00a0Plus il progresse, plus il joue loin. Du coup on le voit de plus rarement. Nous sommes bien s\u00fbr pr\u00e9sents lors des grands tournois\u00a0\u00bb<\/p><\/blockquote>\n<p>\u00ab\u00a0On craignait le co\u00fbt\u00a0\u00bb<\/p>\n<p>\u00ab\u00a0Quand Tao a commenc\u00e9 le golf, on craignait le co\u00fbt. Mais <a href=\"https:\/\/www.letelegramme.fr\/finistere\/la-foret-fouesnant-29940\/lequipe-du-golf-de-cornouaille-accede-a-la-3e-division-nationale-6592004.php\" target=\"_blank\" rel=\"noopener\">le golf de Cornouaille <\/a>pr\u00eate tout le mat\u00e9riel. Lors des comp\u00e9titions, le golf nous soutient beaucoup financi\u00e8rement, tout comme la Sogecor qui g\u00e8re le golf et des sponsors. Plus il progresse, plus il joue loin. Du coup on le voit de plus rarement. Nous sommes bien s\u00fbr pr\u00e9sents lors des grands tournois\u00a0\u00bb, sourit G\u00e9raldine, la m\u00e8re de Tao.<\/p>\n","protected":false},"excerpt":{"rendered":"L\u2019\u00e9cole de golf de Cornouaille, \u00e0 La For\u00eat-Fouesnant, peut s\u2019enorgueillir d\u2019avoir form\u00e9 une graine de champion\u00a0: Tao Pemerika,&hellip;\n","protected":false},"author":2,"featured_media":10527,"comment_status":"","ping_status":"","sticky":false,"template":"","format":"standard","meta":{"footnotes":""},"categories":[1418],"tags":[3322,5127,1011,27,1472,5126,1393,3319,60],"class_list":{"0":"post-10526","1":"post","2":"type-post","3":"status-publish","4":"format-standard","5":"has-post-thumbnail","7":"category-golf","8":"tag-concarneau","9":"tag-fouesnant","10":"tag-fr","11":"tag-france","12":"tag-golf","13":"tag-la-foret-fouesnant","14":"tag-loisirs","15":"tag-quimper","16":"tag-sports"},"share_on_mastodon":{"url":"https:\/\/pubeurope.com\/@fr\/114303043053628120","error":""},"_links":{"self":[{"href":"https:\/\/www.europesays.com\/fr\/wp-json\/wp\/v2\/posts\/10526","targetHints":{"allow":["GET"]}}],"collection":[{"href":"https:\/\/www.europesays.com\/fr\/wp-json\/wp\/v2\/posts"}],"about":[{"href":"https:\/\/www.europesays.com\/fr\/wp-json\/wp\/v2\/types\/post"}],"author":[{"embeddable":true,"href":"https:\/\/www.europesays.com\/fr\/wp-json\/wp\/v2\/users\/2"}],"replies":[{"embeddable":true,"href":"https:\/\/www.europesays.com\/fr\/wp-json\/wp\/v2\/comments?post=10526"}],"version-history":[{"count":0,"href":"https:\/\/www.europesays.com\/fr\/wp-json\/wp\/v2\/posts\/10526\/revisions"}],"wp:featuredmedia":[{"embeddable":true,"href":"https:\/\/www.europesays.com\/fr\/wp-json\/wp\/v2\/media\/10527"}],"wp:attachment":[{"href":"https:\/\/www.europesays.com\/fr\/wp-json\/wp\/v2\/media?parent=10526"}],"wp:term":[{"taxonomy":"category","embeddable":true,"href":"https:\/\/www.europesays.com\/fr\/wp-json\/wp\/v2\/categories?post=10526"},{"taxonomy":"post_tag","embeddable":true,"href":"https:\/\/www.europesays.com\/fr\/wp-json\/wp\/v2\/tags?post=10526"}],"curies":[{"name":"wp","href":"https:\/\/api.w.org\/{rel}","templated":true}]}}