{"id":105277,"date":"2025-05-16T20:29:10","date_gmt":"2025-05-16T20:29:10","guid":{"rendered":"https:\/\/www.europesays.com\/fr\/105277\/"},"modified":"2025-05-16T20:29:10","modified_gmt":"2025-05-16T20:29:10","slug":"laurent-dans-le-vent-a-ski-mieux-mieux-liberation","status":"publish","type":"post","link":"https:\/\/www.europesays.com\/fr\/105277\/","title":{"rendered":"\u00abLaurent dans le vent\u00bb, \u00e0 ski mieux mieux \u2013 Lib\u00e9ration"},"content":{"rendered":"<p class=\"sc-ksZaOG ehjQrN text-element\">Dans l\u2019atmosph\u00e8re quelque peu asphyxiante de \u00abwin attitude\u00bb que promeut le Festival de Cannes \u2013 qui parvient presque \u00e0 nous faire oublier que derri\u00e8re l\u2019armure de ses smokings et robes de soir\u00e9e, ses airs bravaches d\u2019en \u00eatre, se cachent des individus int\u00e9rieurement recroquevill\u00e9s sur leurs angoisses d\u2019abandon et leur sentiment d\u2019ill\u00e9gitimit\u00e9 fondamentale \u2013, il y avait un vrai b\u00e9n\u00e9fice de fra\u00eecheur et de retour au r\u00e9el sans fard \u00e0 d\u00e9couvrir \u00e0 l\u2019Acid Laurent dans le vent du trio Anton Balekdjian, L\u00e9o Couture, Matt\u00e9o Eustachon (d\u00e9couvert en 2022 avec <a href=\"https:\/\/www.liberation.fr\/culture\/cinema\/mourir-a-ibiza-medaille-de-bronzette-20221206_RDO2UZNTOFAZHOYVDSJHSHZPWA\/\" target=\"_blank\" rel=\"noreferrer noopener\" title=\"https:\/\/www.liberation.fr\/culture\/cinema\/mourir-a-ibiza-medaille-de-bronzette-20221206_RDO2UZNTOFAZHOYVDSJHSHZPWA\/\">le d\u00e9j\u00e0 r\u00e9ussi Mourir \u00e0 Ibiza<\/a>). Ce portrait d\u2019un jeune homme flipp\u00e9 cherchant \u00e0 faire une pause ou le point dans une station de ski hors saison o\u00f9 sa s\u0153ur poss\u00e8de un appartement est nettement plus ambitieux que ne peut le faire accroire son air de film rigolo et cool.<\/p>\n<p class=\"sc-ksZaOG ehjQrN text-element\">Pas s\u00fbr a priori que l\u2019esp\u00e8ce de petit vent de contrari\u00e9t\u00e9 existentielle qui souffle sur l\u2019esprit du jeune homme \u00e0 la voix de fausset trouve \u00e0 se r\u00e9chauffer dans cet environnement o\u00f9 croiser un humain rel\u00e8ve du trek. Pourtant au gr\u00e9 de d\u00e9ambulations hasardeuses sur les routes et chemins de randonn\u00e9es, Laurent, \u00e0 la d\u00e9gaine de Droopy en pull flasque, multiplie les rencontres. <\/p>\n","protected":false},"excerpt":{"rendered":"Dans l\u2019atmosph\u00e8re quelque peu asphyxiante de \u00abwin attitude\u00bb que promeut le Festival de Cannes \u2013 qui parvient presque&hellip;\n","protected":false},"author":2,"featured_media":105278,"comment_status":"","ping_status":"","sticky":false,"template":"","format":"standard","meta":{"footnotes":""},"categories":[1354],"tags":[58,59,5634,1346,1011,27,1360],"class_list":{"0":"post-105277","1":"post","2":"type-post","3":"status-publish","4":"format-standard","5":"has-post-thumbnail","7":"category-films","8":"tag-divertissement","9":"tag-entertainment","10":"tag-festival-de-cannes","11":"tag-films","12":"tag-fr","13":"tag-france","14":"tag-movies"},"share_on_mastodon":{"url":"https:\/\/pubeurope.com\/@fr\/114519406286982833","error":""},"_links":{"self":[{"href":"https:\/\/www.europesays.com\/fr\/wp-json\/wp\/v2\/posts\/105277","targetHints":{"allow":["GET"]}}],"collection":[{"href":"https:\/\/www.europesays.com\/fr\/wp-json\/wp\/v2\/posts"}],"about":[{"href":"https:\/\/www.europesays.com\/fr\/wp-json\/wp\/v2\/types\/post"}],"author":[{"embeddable":true,"href":"https:\/\/www.europesays.com\/fr\/wp-json\/wp\/v2\/users\/2"}],"replies":[{"embeddable":true,"href":"https:\/\/www.europesays.com\/fr\/wp-json\/wp\/v2\/comments?post=105277"}],"version-history":[{"count":0,"href":"https:\/\/www.europesays.com\/fr\/wp-json\/wp\/v2\/posts\/105277\/revisions"}],"wp:featuredmedia":[{"embeddable":true,"href":"https:\/\/www.europesays.com\/fr\/wp-json\/wp\/v2\/media\/105278"}],"wp:attachment":[{"href":"https:\/\/www.europesays.com\/fr\/wp-json\/wp\/v2\/media?parent=105277"}],"wp:term":[{"taxonomy":"category","embeddable":true,"href":"https:\/\/www.europesays.com\/fr\/wp-json\/wp\/v2\/categories?post=105277"},{"taxonomy":"post_tag","embeddable":true,"href":"https:\/\/www.europesays.com\/fr\/wp-json\/wp\/v2\/tags?post=105277"}],"curies":[{"name":"wp","href":"https:\/\/api.w.org\/{rel}","templated":true}]}}