{"id":105289,"date":"2025-05-16T20:35:09","date_gmt":"2025-05-16T20:35:09","guid":{"rendered":"https:\/\/www.europesays.com\/fr\/105289\/"},"modified":"2025-05-16T20:35:09","modified_gmt":"2025-05-16T20:35:09","slug":"pourquoi-le-code-8647-apparu-dans-un-post-de-lex-patron-du-fbi-inquiete-la-justice","status":"publish","type":"post","link":"https:\/\/www.europesays.com\/fr\/105289\/","title":{"rendered":"Pourquoi le code \u00ab\u00a08647\u00a0\u00bb apparu dans un post de l\u2019ex-patron du FBI inqui\u00e8te la justice\u00a0?"},"content":{"rendered":"<p>Un simple clich\u00e9 de coquillages publi\u00e9 sur Instagram a suffi \u00e0 d\u00e9clencher une controverse nationale\u00a0: les autorit\u00e9s am\u00e9ricaines enqu\u00eatent sur un message \u00e9nigmatique post\u00e9 par l\u2019ex-directeur du <a href=\"https:\/\/www.20minutes.fr\/dossier\/fbi\" target=\"_blank\" class=\"color-ultramarine c-link\" rel=\"noopener\">FBI<\/a> James Comey, qui a \u00e9t\u00e9 per\u00e7u par des soutiens de <a href=\"https:\/\/www.20minutes.fr\/dossier\/donald_trump\" target=\"_blank\" class=\"color-ultramarine c-link\" rel=\"noopener\">Donald Trump<\/a> comme une menace voil\u00e9e \u00e0 l\u2019encontre de l\u2019ancien pr\u00e9sident, rapportent les m\u00e9dias am\u00e9ricains.<\/p>\n<p>Selon <a href=\"https:\/\/www.reuters.com\/world\/us\/us-officials-looking-into-former-fbi-chief-comeys-8647-post-about-trump-2025-05-16\/\" rel=\"nofollow noopener\" target=\"_blank\" class=\"color-ultramarine c-link\">Reuters<\/a>, le clich\u00e9 montrait une formation de coquillages dessinant le chiffre 8647, accompagn\u00e9 de la l\u00e9gende\u00a0: \u00ab\u00a0Cool shell formation on my beach walk\u00a0\u00bb (\u00ab Belle formation de coquillages lors de ma promenade sur la plage\u00a0\u00bb). Un message que certains internautes ont vite interpr\u00e9t\u00e9 comme un appel \u00e0 la violence contre Donald Trump, 47e pr\u00e9sident des <a href=\"https:\/\/www.20minutes.fr\/monde\/etats-unis\/\" target=\"_blank\" class=\"color-ultramarine c-link\" rel=\"noopener\">Etats-Unis<\/a>, en combinant le \u00ab\u00a086\u00a0\u00bb, un terme d\u2019argot pouvant signifier rejeter ou \u00e9liminer, et le \u00ab\u00a047\u00a0\u00bb.<\/p>\n<p>La publication rapidement supprim\u00e9e<\/p>\n<p>Face \u00e0 la pol\u00e9mique, James Comey a supprim\u00e9 la publication. \u00ab\u00a0Je n\u2019avais pas r\u00e9alis\u00e9 que certains associent ces chiffres \u00e0 la <a href=\"https:\/\/www.20minutes.fr\/monde\/violences\/\" target=\"_blank\" class=\"color-ultramarine c-link\" rel=\"noopener\">violence<\/a>. Cela ne m\u2019\u00e9tait jamais venu \u00e0 l\u2019esprit, mais je suis oppos\u00e9 \u00e0 toute forme de violence, donc j\u2019ai supprim\u00e9 le post\u00a0\u00bb, a-t-il d\u00e9clar\u00e9. L\u2019ancien directeur du FBI a \u00e9t\u00e9 limog\u00e9 en\u00a02017 par Donald Trump alors qu\u2019il dirigeait une enqu\u00eate sur une possible collusion entre l\u2019\u00e9quipe de campagne de Donald Trump et la <a href=\"https:\/\/www.20minutes.fr\/monde\/russie\/\" target=\"_blank\" class=\"color-ultramarine c-link\" rel=\"noopener\">Russie<\/a>.<\/p>\n<\/p>\n<p>D\u2019ailleurs, la <a href=\"https:\/\/www.20minutes.fr\/dossier\/maison_blanche\" target=\"_blank\" class=\"color-ultramarine c-link\" rel=\"noopener\">Maison-Blanche<\/a> n\u2019a pas tard\u00e9 \u00e0 r\u00e9agir. Dan Scavino, vice-chef de cabinet, a accus\u00e9 James Comey d\u2019avoir publi\u00e9 \u00ab\u00a0un appel \u00e0 l\u2019assassinat de Donald Trump\u00a0\u00bb. Le Secret Service, charg\u00e9 de la protection des pr\u00e9sidents, a confirm\u00e9 \u00eatre au courant de l\u2019affaire. \u00ab\u00a0Nous prenons tr\u00e8s au s\u00e9rieux toute rh\u00e9torique pouvant \u00eatre per\u00e7ue comme une menace. Au-del\u00e0 de cela, nous ne commentons pas les affaires de renseignement li\u00e9es \u00e0 la protection\u00a0\u00bb, a pr\u00e9cis\u00e9 Anthony Guglielmi, porte-parole du Secret Service.<\/p>\n<p class=\"mb-m@xs text-l@xs\">En cliquant sur\u00ab J\u2019accepte \u00bb, vous acceptez le d\u00e9p\u00f4t de cookies par des services externes et aurez ainsi acc\u00e8s aux contenus de nos partenaires.<\/p>\n<p class=\"mb-xl@xs text-s@xs\">Plus d\u2019informations sur la page<a href=\"https:\/\/www.20minutes.fr\/gestion-cookies\" class=\"mx-xxs@xs color-ultramarine\" target=\"_blank\" rel=\"noopener\">Politique de gestion des cookies<\/a><\/p>\n<p>J\u2019accepte<\/p>\n<p>La secr\u00e9taire \u00e0 la S\u00e9curit\u00e9 int\u00e9rieure, Kristi Noem, a confirm\u00e9 sur X que ses services \u00ab\u00a0enqu\u00eatent sur cette menace et y r\u00e9pondront de mani\u00e8re appropri\u00e9e\u00a0\u00bb. Le directeur actuel du FBI, Kash Patel, a de son c\u00f4t\u00e9 indiqu\u00e9 que son agence coop\u00e9rait avec le Secret Service et fournirait \u00ab\u00a0tout le soutien n\u00e9cessaire\u00a0\u00bb.<\/p>\n<p><a href=\"https:\/\/www.20minutes.fr\/monde\/etats-unis\/\" target=\"_blank\" class=\"c-link c-btn c-btn--primary\" rel=\"noopener\">Notre dossier sur les Etats-Unis<\/a><\/p>\n<p>Si la Merriam-Webster Dictionary mentionne bien que le verbe \u00ab\u00a0to 86 someone\u00a0\u00bb peut, dans certains usages r\u00e9cents, signifier tuer, elle pr\u00e9cise qu\u2019elle n\u2019a pas int\u00e9gr\u00e9 ce sens \u00e0 son dictionnaire, en raison de son usage encore marginal.<\/p>\n","protected":false},"excerpt":{"rendered":"Un simple clich\u00e9 de coquillages publi\u00e9 sur Instagram a suffi \u00e0 d\u00e9clencher une controverse nationale\u00a0: les autorit\u00e9s am\u00e9ricaines&hellip;\n","protected":false},"author":2,"featured_media":105290,"comment_status":"","ping_status":"","sticky":false,"template":"","format":"standard","meta":{"footnotes":""},"categories":[5],"tags":[47,11,75,1067,73,18120,1011,27,2440,14,78,74,12,809,28],"class_list":{"0":"post-105289","1":"post","2":"type-post","3":"status-publish","4":"format-standard","5":"has-post-thumbnail","7":"category-international","8":"tag-actualite","9":"tag-actualites","10":"tag-donald-trump","11":"tag-enquete","12":"tag-etats-unis","13":"tag-fbi","14":"tag-fr","15":"tag-france","16":"tag-instagram","17":"tag-international","18":"tag-maison-blanche","19":"tag-monde","20":"tag-news","21":"tag-violence","22":"tag-world"},"share_on_mastodon":{"url":"https:\/\/pubeurope.com\/@fr\/114519429817350424","error":""},"_links":{"self":[{"href":"https:\/\/www.europesays.com\/fr\/wp-json\/wp\/v2\/posts\/105289","targetHints":{"allow":["GET"]}}],"collection":[{"href":"https:\/\/www.europesays.com\/fr\/wp-json\/wp\/v2\/posts"}],"about":[{"href":"https:\/\/www.europesays.com\/fr\/wp-json\/wp\/v2\/types\/post"}],"author":[{"embeddable":true,"href":"https:\/\/www.europesays.com\/fr\/wp-json\/wp\/v2\/users\/2"}],"replies":[{"embeddable":true,"href":"https:\/\/www.europesays.com\/fr\/wp-json\/wp\/v2\/comments?post=105289"}],"version-history":[{"count":0,"href":"https:\/\/www.europesays.com\/fr\/wp-json\/wp\/v2\/posts\/105289\/revisions"}],"wp:featuredmedia":[{"embeddable":true,"href":"https:\/\/www.europesays.com\/fr\/wp-json\/wp\/v2\/media\/105290"}],"wp:attachment":[{"href":"https:\/\/www.europesays.com\/fr\/wp-json\/wp\/v2\/media?parent=105289"}],"wp:term":[{"taxonomy":"category","embeddable":true,"href":"https:\/\/www.europesays.com\/fr\/wp-json\/wp\/v2\/categories?post=105289"},{"taxonomy":"post_tag","embeddable":true,"href":"https:\/\/www.europesays.com\/fr\/wp-json\/wp\/v2\/tags?post=105289"}],"curies":[{"name":"wp","href":"https:\/\/api.w.org\/{rel}","templated":true}]}}