{"id":105294,"date":"2025-05-16T20:38:16","date_gmt":"2025-05-16T20:38:16","guid":{"rendered":"https:\/\/www.europesays.com\/fr\/105294\/"},"modified":"2025-05-16T20:38:16","modified_gmt":"2025-05-16T20:38:16","slug":"firminy-la-poste-et-la-croix-rouge-unies-pour-initier-aux-gestes-de-premiers-secours","status":"publish","type":"post","link":"https:\/\/www.europesays.com\/fr\/105294\/","title":{"rendered":"Firminy. La Poste et la Croix-Rouge unies pour initier aux gestes de premiers secours"},"content":{"rendered":"<p>Jeudi 15\u00a0mai, Sandra Deluca, responsable d\u2019\u00e9quipe \u00e0 Firminy, Branche Services Courrier Colis, Arlette Bouchet, pr\u00e9sidente de la Croix-Rouge et Didier Barratier, b\u00e9n\u00e9vole \u00e0 la Croix-Rouge, ont organis\u00e9 une journ\u00e9e de sensibilisation aux gestes de premiers secours, \u00e0 l\u2019Espace Clients Pro La Poste de Firminy.<\/p>\n<p>Des d\u00e9monstrations de massage cardiaque pour les&#8230;                <\/p>\n","protected":false},"excerpt":{"rendered":"Jeudi 15\u00a0mai, Sandra Deluca, responsable d\u2019\u00e9quipe \u00e0 Firminy, Branche Services Courrier Colis, Arlette Bouchet, pr\u00e9sidente de la Croix-Rouge&hellip;\n","protected":false},"author":2,"featured_media":105295,"comment_status":"","ping_status":"","sticky":false,"template":"","format":"standard","meta":{"footnotes":""},"categories":[9653],"tags":[1111,11,2430,7539,1777,674,10282,10283,1011,27,12,25,4001,104,1631],"class_list":{"0":"post-105294","1":"post","2":"type-post","3":"status-publish","4":"format-standard","5":"has-post-thumbnail","7":"category-saint-etienne","8":"tag-actu","9":"tag-actualites","10":"tag-auvergne-rhone-alpes","11":"tag-edition-loire-sud","12":"tag-eu","13":"tag-europe","14":"tag-firminy","15":"tag-firminy-ville","16":"tag-fr","17":"tag-france","18":"tag-news","19":"tag-republique-francaise","20":"tag-saint-etienne","21":"tag-societe","22":"tag-vie-associative"},"share_on_mastodon":{"url":"https:\/\/pubeurope.com\/@fr\/114519441627209899","error":""},"_links":{"self":[{"href":"https:\/\/www.europesays.com\/fr\/wp-json\/wp\/v2\/posts\/105294","targetHints":{"allow":["GET"]}}],"collection":[{"href":"https:\/\/www.europesays.com\/fr\/wp-json\/wp\/v2\/posts"}],"about":[{"href":"https:\/\/www.europesays.com\/fr\/wp-json\/wp\/v2\/types\/post"}],"author":[{"embeddable":true,"href":"https:\/\/www.europesays.com\/fr\/wp-json\/wp\/v2\/users\/2"}],"replies":[{"embeddable":true,"href":"https:\/\/www.europesays.com\/fr\/wp-json\/wp\/v2\/comments?post=105294"}],"version-history":[{"count":0,"href":"https:\/\/www.europesays.com\/fr\/wp-json\/wp\/v2\/posts\/105294\/revisions"}],"wp:featuredmedia":[{"embeddable":true,"href":"https:\/\/www.europesays.com\/fr\/wp-json\/wp\/v2\/media\/105295"}],"wp:attachment":[{"href":"https:\/\/www.europesays.com\/fr\/wp-json\/wp\/v2\/media?parent=105294"}],"wp:term":[{"taxonomy":"category","embeddable":true,"href":"https:\/\/www.europesays.com\/fr\/wp-json\/wp\/v2\/categories?post=105294"},{"taxonomy":"post_tag","embeddable":true,"href":"https:\/\/www.europesays.com\/fr\/wp-json\/wp\/v2\/tags?post=105294"}],"curies":[{"name":"wp","href":"https:\/\/api.w.org\/{rel}","templated":true}]}}