{"id":105298,"date":"2025-05-16T20:40:08","date_gmt":"2025-05-16T20:40:08","guid":{"rendered":"https:\/\/www.europesays.com\/fr\/105298\/"},"modified":"2025-05-16T20:40:08","modified_gmt":"2025-05-16T20:40:08","slug":"la-foire-attractive-de-nancy-devra-etre-delocalisee-pendant-les-travaux","status":"publish","type":"post","link":"https:\/\/www.europesays.com\/fr\/105298\/","title":{"rendered":"la foire attractive de Nancy devra \u00eatre d\u00e9localis\u00e9e pendant les travaux"},"content":{"rendered":"<p>            Par<br \/>\n        <strong><br \/>\n            <a href=\"https:\/\/actu.fr\/auteur\/amandine-mehl\" title=\"Consulter tous les articles de Amandine Mehl\" rel=\"nofollow noopener\" target=\"_blank\">Amandine Mehl<\/a><br \/>\n        <\/strong><\/p>\n<p>        Publi\u00e9 le<\/p>\n<p>            16 mai 2025 \u00e0 16h20        <\/p>\n<p>Tr\u00e8s t\u00f4t, lorsqu\u2019il a \u00e9t\u00e9 question d\u2019\u00e9voquer la <a href=\"https:\/\/actu.fr\/grand-est\/nancy_54395\/transformation-de-l-ensemble-carnot-leopold-a-nancy-des-terrains-de-sport-attendus-des-cet-ete-2025_62630360.html\" rel=\"nofollow noopener\" target=\"_blank\">transformation de l\u2019ensemble Carnot-L\u00e9opold<\/a>, <strong>Mathieu Klein<\/strong>, <a href=\"https:\/\/actu.fr\/grand-est\/nancy_54395\/la-foire-attractive-de-nancy-va-t-elle-bientot-quitter-le-centre-ville-le-maire-repond_56817855.html\" rel=\"nofollow noopener\" target=\"_blank\">maire<\/a> de la cit\u00e9 ducale, a \u00e9t\u00e9 clair quant \u00e0 sa volont\u00e9 de <strong>maintenir<\/strong> la <a href=\"https:\/\/actu.fr\/tag\/foire-attractive-de-nancy\" rel=\"nofollow noopener\" target=\"_blank\">foire attractive de Nancy<\/a> sur le site.<\/p>\n<p class=\" wall-content\">Toutefois, en raison des grands changements attendus et des <a href=\"https:\/\/actu.fr\/tag\/travaux\" rel=\"nofollow noopener\" target=\"_blank\">travaux<\/a> qui s\u2019\u00e9taleront de 2028 \u00e0 2032, des <strong>adaptations<\/strong> seront n\u00e9cessaires. Explications.<\/p>\n<p>Une fois transform\u00e9, l\u2019ensemble Carnot-L\u00e9opold pourra accueillir tous les man\u00e8ges de la foire attractive<\/p>\n<p class=\" wall-content\">Comme l\u2019a rappel\u00e9 <strong>Thomas Souverain<\/strong>, adjoint d\u00e9l\u00e9gu\u00e9 au territoire centre, aux mobilit\u00e9s et au stationnement, au domaine public, \u00e0 la foire attractive et aux grandes manifestations, l\u2019une des <strong>premi\u00e8res contraintes<\/strong> auxquelles le cabinet Leclercq Associ\u00e9s, qui s\u2019est pench\u00e9 sur le dossier, a d\u00fb faire face, concerne le <strong>maintien<\/strong> de la foire en centre-ville.<\/p>\n<p class=\" wall-content\">\u00ab\u00a0Ils ont travaill\u00e9 par rapport au plan d\u2019implantation de la foire et <strong>arrivent \u00e0 replacer 100\u2009% des man\u00e8ges et jusqu\u2019\u00e0 90 % des autres m\u00e9tiers<\/strong>\u00ab\u00a0, a-t-il pr\u00e9cis\u00e9.<\/p>\n<p class=\" wall-content\">Quid des 10 % restants ?<\/p>\n<p>Vid\u00e9os : en ce moment sur Actu<\/p>\n<blockquote class=\"ac-article-quote wall-content\">\n<p>On a encore quatre saisons de foire compl\u00e8tes en format habituel pour discuter avec les forains. Dans le cahier des charges, l&rsquo;objectif fix\u00e9, c&rsquo;est de maintenir le maximum des m\u00e9tiers sur le champ de foire. Je crois que les forains ont appr\u00e9ci\u00e9 que la foire reste sur l&rsquo;ensemble Carnot-L\u00e9opold. Maintenant, il faut qu&rsquo;on discute avec eux. Il y a beaucoup d&rsquo;infrastructures sur le champ de foire qui ne sont pas indispensables. Cela repr\u00e9sente un gain de place. On peut aussi envisager le r\u00e9agencement de certains m\u00e9tiers. Mais, tout cela se fera dans le dialogue avec eux. <\/p>\n<p>    <strong>Mathieu Klein<\/strong><br \/>\n        Maire de Nancy    <\/p><\/blockquote>\n<p>La foire attractive de Nancy d\u00e9localis\u00e9e pour une saison \u00ab\u00a0\u00e0 coup s\u00fbr\u00a0\u00bb<\/p>\n<p class=\" wall-content\">Lorsque les travaux d\u00e9buteront, en revanche, la foire attractive devra \u00eatre <strong>d\u00e9localis\u00e9e<\/strong>. La suppression du <a href=\"https:\/\/actu.fr\/grand-est\/nancy_54395\/a-terme-le-parking-du-cours-leopold-a-nancy-va-etre-supprime-voici-ou-le-stationnement-sera-reporte_62642038.html\" rel=\"nofollow noopener\" target=\"_blank\">parking du cours L\u00e9opold<\/a> va en effet n\u00e9cessiter l\u2019agrandissement du parking souterrain Ville-Vieille-Carnot. Un chantier qui va impacter les forains puisqu\u2019il implique <strong>la neutralisation du site durant 20 mois<\/strong>.<\/p>\n<p class=\" wall-content\">\u00ab\u00a0Cela a \u00e9t\u00e9 vu avec eux. En fonction de la date de d\u00e9marrage des travaux,<strong> on a \u00e0 coup s\u00fbr une saison compl\u00e8te de la foire attractive qui devra \u00eatre d\u00e9localis\u00e9e<\/strong>. L\u2019ann\u00e9e concern\u00e9e, on ne la conna\u00eet pas, car le calendrier des travaux n\u2019est pas assez pr\u00e9cis pour le moment\u00a0\u00bb, a expliqu\u00e9 le maire.<\/p>\n<p class=\" wall-content\">Dans tous les cas, les \u00e9changes vont se poursuivre entre la mairie et les industriels forains. Pour l\u2019heure, aucun lieu pouvant accueillir l\u2019\u00e9v\u00e9nement n\u2019a \u00e9t\u00e9 communiqu\u00e9, mais \u00ab\u00a0<strong>des solutions existent<\/strong>\u00ab\u00a0, a affirm\u00e9 Mathieu Klein.<\/p>\n<p class=\" wall-content\">Suivez toute l\u2019actualit\u00e9 de vos villes et m\u00e9dias favoris en vous inscrivant \u00e0 <a href=\"https:\/\/moncompte.actu.fr\" title=\"D\u00e9couvez Mon Actu\" rel=\"nofollow noopener\" data-trk=\"{&quot;cta&quot;:{&quot;action&quot;:&quot;https:\\\/\\\/moncompte.actu.fr&quot;,&quot;category&quot;:&quot;mon compte&quot;,&quot;from&quot;:&quot;article footer&quot;,&quot;name&quot;:&quot;Mon actu&quot;,&quot;type&quot;:&quot;cta&quot;}}\" target=\"_blank\">Mon Actu<\/a>.<\/p>\n","protected":false},"excerpt":{"rendered":"Par Amandine Mehl Publi\u00e9 le 16 mai 2025 \u00e0 16h20 Tr\u00e8s t\u00f4t, lorsqu\u2019il a \u00e9t\u00e9 question d\u2019\u00e9voquer la&hellip;\n","protected":false},"author":2,"featured_media":105299,"comment_status":"","ping_status":"","sticky":false,"template":"","format":"standard","meta":{"footnotes":""},"categories":[9635],"tags":[1111,11,1777,674,22215,1011,27,775,1702,12,25,104,2086,1352],"class_list":{"0":"post-105298","1":"post","2":"type-post","3":"status-publish","4":"format-standard","5":"has-post-thumbnail","7":"category-nancy","8":"tag-actu","9":"tag-actualites","10":"tag-eu","11":"tag-europe","12":"tag-foire-attractive-de-nancy","13":"tag-fr","14":"tag-france","15":"tag-grand-est","16":"tag-nancy","17":"tag-news","18":"tag-republique-francaise","19":"tag-societe","20":"tag-travaux","21":"tag-urbanisme"},"share_on_mastodon":{"url":"https:\/\/pubeurope.com\/@fr\/114519449501254185","error":""},"_links":{"self":[{"href":"https:\/\/www.europesays.com\/fr\/wp-json\/wp\/v2\/posts\/105298","targetHints":{"allow":["GET"]}}],"collection":[{"href":"https:\/\/www.europesays.com\/fr\/wp-json\/wp\/v2\/posts"}],"about":[{"href":"https:\/\/www.europesays.com\/fr\/wp-json\/wp\/v2\/types\/post"}],"author":[{"embeddable":true,"href":"https:\/\/www.europesays.com\/fr\/wp-json\/wp\/v2\/users\/2"}],"replies":[{"embeddable":true,"href":"https:\/\/www.europesays.com\/fr\/wp-json\/wp\/v2\/comments?post=105298"}],"version-history":[{"count":0,"href":"https:\/\/www.europesays.com\/fr\/wp-json\/wp\/v2\/posts\/105298\/revisions"}],"wp:featuredmedia":[{"embeddable":true,"href":"https:\/\/www.europesays.com\/fr\/wp-json\/wp\/v2\/media\/105299"}],"wp:attachment":[{"href":"https:\/\/www.europesays.com\/fr\/wp-json\/wp\/v2\/media?parent=105298"}],"wp:term":[{"taxonomy":"category","embeddable":true,"href":"https:\/\/www.europesays.com\/fr\/wp-json\/wp\/v2\/categories?post=105298"},{"taxonomy":"post_tag","embeddable":true,"href":"https:\/\/www.europesays.com\/fr\/wp-json\/wp\/v2\/tags?post=105298"}],"curies":[{"name":"wp","href":"https:\/\/api.w.org\/{rel}","templated":true}]}}