{"id":105300,"date":"2025-05-16T20:41:08","date_gmt":"2025-05-16T20:41:08","guid":{"rendered":"https:\/\/www.europesays.com\/fr\/105300\/"},"modified":"2025-05-16T20:41:08","modified_gmt":"2025-05-16T20:41:08","slug":"le-mans-accompagne-nancy-en-ligue-2","status":"publish","type":"post","link":"https:\/\/www.europesays.com\/fr\/105300\/","title":{"rendered":"Le Mans accompagne Nancy en Ligue 2"},"content":{"rendered":"<p><strong>La 32e journ\u00e9e du championnat<br \/>\nNational a souri au Mans FC&#8230;<\/strong><\/p>\n<p>C\u2019est la f\u00eate pour Le Mans FC ! Le club sarthois va faire son<br \/>\nretour en Ligue 2, en compagnie de Nancy, le champion de<br \/>\nNational.<\/p>\n<p>Avant cette 32e et derni\u00e8re journ\u00e9e, Le Mans et Boulogne \u00e9taient<br \/>\nquasiment \u00e0 \u00e9galit\u00e9 (m\u00eame nombre de points, m\u00eame diff\u00e9rence de<br \/>\nbuts), simplement s\u00e9par\u00e9 d\u2019un but au classement des attaques.<\/p>\n<p>Ce vendredi, Le Mans a fait le travail en battant Versailles<br \/>\n(2-0), gr\u00e2ce \u00e0 Gueye (35e) et Lamgahez (45e), alors que Boulogne a<br \/>\n\u00e9t\u00e9 tenu en \u00e9chec par Chateauroux (1-1). L\u2019USBCO devra donc<br \/>\ndisputer un barrage d\u2019accession contre Clermont, le 16e de Ligue 2,<br \/>\nles 20 et 25 mai prochains.<\/p>\n<blockquote class=\"twitter-tweet\"><p><a class=\"twitter-link\" rel=\"noindex, nofollow noopener\" href=\"https:\/\/twitter.com\/LEMANSFC\/status\/1923459823733031039\" target=\"_blank\"><\/p><\/blockquote>\n<p>Dans le bas du tableau, c\u2019est Chateauroux qui est rel\u00e9gu\u00e9<br \/>\nsportivement (en plus de N\u00eemes), malgr\u00e9 ce point pris \u00e0 Boulogne.<br \/>\nVainqueur de Concarneau (2-1), le Paris 13 Atl\u00e9tico assure son<br \/>\nmaintien, tout comme Villefranche, qui \u00e9tait exempt lors de cette<br \/>\nderni\u00e8re journ\u00e9e.<\/p>\n<p>\u00a0<\/p>\n<p><script async src=\"https:\/\/platform.twitter.com\/widgets.js\" charset=\"utf-8\"><\/script><\/p>\n","protected":false},"excerpt":{"rendered":"La 32e journ\u00e9e du championnat National a souri au Mans FC&#8230; C\u2019est la f\u00eate pour Le Mans FC&hellip;\n","protected":false},"author":2,"featured_media":105301,"comment_status":"","ping_status":"","sticky":false,"template":"","format":"standard","meta":{"footnotes":""},"categories":[9635],"tags":[1111,11,2113,1777,674,1011,27,775,1702,12,25],"class_list":{"0":"post-105300","1":"post","2":"type-post","3":"status-publish","4":"format-standard","5":"has-post-thumbnail","7":"category-nancy","8":"tag-actu","9":"tag-actualites","10":"tag-breve","11":"tag-eu","12":"tag-europe","13":"tag-fr","14":"tag-france","15":"tag-grand-est","16":"tag-nancy","17":"tag-news","18":"tag-republique-francaise"},"share_on_mastodon":{"url":"https:\/\/pubeurope.com\/@fr\/114519453430239490","error":""},"_links":{"self":[{"href":"https:\/\/www.europesays.com\/fr\/wp-json\/wp\/v2\/posts\/105300","targetHints":{"allow":["GET"]}}],"collection":[{"href":"https:\/\/www.europesays.com\/fr\/wp-json\/wp\/v2\/posts"}],"about":[{"href":"https:\/\/www.europesays.com\/fr\/wp-json\/wp\/v2\/types\/post"}],"author":[{"embeddable":true,"href":"https:\/\/www.europesays.com\/fr\/wp-json\/wp\/v2\/users\/2"}],"replies":[{"embeddable":true,"href":"https:\/\/www.europesays.com\/fr\/wp-json\/wp\/v2\/comments?post=105300"}],"version-history":[{"count":0,"href":"https:\/\/www.europesays.com\/fr\/wp-json\/wp\/v2\/posts\/105300\/revisions"}],"wp:featuredmedia":[{"embeddable":true,"href":"https:\/\/www.europesays.com\/fr\/wp-json\/wp\/v2\/media\/105301"}],"wp:attachment":[{"href":"https:\/\/www.europesays.com\/fr\/wp-json\/wp\/v2\/media?parent=105300"}],"wp:term":[{"taxonomy":"category","embeddable":true,"href":"https:\/\/www.europesays.com\/fr\/wp-json\/wp\/v2\/categories?post=105300"},{"taxonomy":"post_tag","embeddable":true,"href":"https:\/\/www.europesays.com\/fr\/wp-json\/wp\/v2\/tags?post=105300"}],"curies":[{"name":"wp","href":"https:\/\/api.w.org\/{rel}","templated":true}]}}