{"id":1053026,"date":"2026-07-09T06:17:17","date_gmt":"2026-07-09T06:17:17","guid":{"rendered":"https:\/\/www.europesays.com\/fr\/1053026\/"},"modified":"2026-07-09T06:17:17","modified_gmt":"2026-07-09T06:17:17","slug":"herve-henry-veut-faire-de-sileane-une-eti-europeenne-de-la-robotique","status":"publish","type":"post","link":"https:\/\/www.europesays.com\/fr\/1053026\/","title":{"rendered":"Herv\u00e9 Henry veut faire de Sil\u00e9ane une ETI europ\u00e9enne de la robotique"},"content":{"rendered":"<p class=\"bref-chapo\">Robotique, vision et IA sont le combo de l\u2019industrie 4.0 imagin\u00e9e par Sil\u00e9ane Group qui con\u00e7oit\u00a0et fabrique des robots industriels destin\u00e9s \u00e0 \u00e9voluer dans des environnements aux param\u00e8tres variables. Herv\u00e9 Henry est \u00e0 l\u2019origine de l\u2019entreprise qui vise un chiffre d\u2019affaires de 200\u00a0millions d\u2019euros \u00e0 horizon 2031, dont 70\u00a0% \u00e0 l\u2019international.<\/p>\n<p>\u00ab\u00a0J\u2019ai eu la chance d\u2019avoir un premier client qui m\u2019a fait confiance pour une probl\u00e9matique bien particuli\u00e8re\u00a0: int\u00e9grer un robot dans la fabrication d\u2019une ligne de tartes aux pommes\u2026 Nous avons prouv\u00e9 que c\u2019\u00e9tait possible. L\u2019entreprise a ensuite rapidement d\u00e9coll\u00e9\u00a0\u00bb, t\u00e9moigne Herv\u00e9 Henry, fondateur et pr\u00e9sident de Sil\u00e9ane Group, qui raconte avoir d\u00e9marr\u00e9 son entreprise en 2002 \u00ab\u00a0dans ma cuisine car je n\u2019avais pas de garage\u00a0\u00bb.<\/p>\n<p>Form\u00e9 \u00e0 la technique, pass\u00e9 par des grands groupes, il assure \u00ab\u00a0\u00eatre dans la robotique depuis toujours\u00a0\u00bb. A la cr\u00e9ation de Sil\u00e9ane Group, il conseille les industriels et \u00e9crit les cahiers des charges. Il passe \u00e0 la r\u00e9alisation concr\u00e8te rapidement. Convaincu de son expertise, il mise d\u00e8s le d\u00e9part sur l\u2019innovation pour proposer des robots atypiques. \u00ab\u00a0L\u2019industrie agroalimentaire utilisait tr\u00e8s peu de robots. Nous avons imagin\u00e9 des bras permettant de s\u2019adapter \u00e0 des produits, comme les tartes aux pommes, qui n\u2019ont jamais la m\u00eame forme. Ensuite, sur notre verticale robotique, nous avons construit d\u2019autres modules pour g\u00e9rer par exemple le tri de d\u00e9chets ou la logistique.\u00a0\u00bb<\/p>\n<p><strong>Une dizaine de brevets<\/strong><\/p>\n<p>Chaque ann\u00e9e, 10\u00a0% de son chiffre d\u2019affaires est consacr\u00e9 \u00e0 la R &amp; D. Le groupe d\u00e9tient une dizaine de brevets. \u00ab\u00a0Certaines innovations sont cobrevet\u00e9es avec des entreprises du CAC40\u00a0\u00bb, glisse-t-il. Depuis, toutes les technologies sont exploit\u00e9es pour automatiser les gestes industriels les plus complexes dans les secteurs de l\u2019agroalimentaire, l&rsquo;horlogerie, le nucl\u00e9aire, la sant\u00e9\u2026 La vision et l\u2019IA enrichissent les solutions de Sil\u00e9ane Group.<\/p>\n<p>Depuis 2020, un coup d\u2019acc\u00e9l\u00e9rateur a permis de multiplier le chiffre d\u2019affaires par 4. \u00ab\u00a0Nous r\u00e9alisions 10\u00a0millions d\u2019euros. Nous avons atteint 42\u00a0millions d\u2019euros en 2025 avec une pr\u00e9vision \u00e0 60\u00a0millions d\u2019euros pour 2026.\u00a0\u00bb Pour cela, Herv\u00e9 Henry mise sur les croissances externes, \u00ab\u00a0aupr\u00e8s de PME fran\u00e7aises sp\u00e9cialistes de la robotique\u00a0\u00bb et l\u2019international. \u00ab\u00a0Le groupe est implant\u00e9 en Suisse depuis 2021. Nous avons ouvert une filiale, commerciale et technique, aux Etats-Unis courant 2025.\u00a0\u00bb Cette expansion est concomitante \u00e0 l\u2019entr\u00e9e d\u2019un fonds d\u2019investissement majoritaire, Motion Equity partners, destin\u00e9 aussi \u00e0 pr\u00e9voir la transmission de l\u2019entreprise par le fondateur.<\/p>\n<p class=\"bref-besoin-titre\">Ses perspectives\u00a0?<\/p>\n<p>A horizon cinq ans, Herv\u00e9 Henry entend faire de Sil\u00e9ane Group une ETI r\u00e9alisant 200\u00a0millions d\u2019euros de chiffre d\u2019affaires, dont 70\u00a0% \u00e0 l\u2019international.<\/p>\n","protected":false},"excerpt":{"rendered":"Robotique, vision et IA sont le combo de l\u2019industrie 4.0 imagin\u00e9e par Sil\u00e9ane Group qui con\u00e7oit\u00a0et fabrique des&hellip;\n","protected":false},"author":2,"featured_media":1053027,"comment_status":"","ping_status":"","sticky":false,"template":"","format":"standard","meta":{"footnotes":"","_share_on_mastodon":"0"},"categories":[9653],"tags":[1111,11,2430,1777,674,1011,27,12,25,4001],"class_list":["post-1053026","post","type-post","status-publish","format-standard","has-post-thumbnail","category-saint-etienne","tag-actu","tag-actualites","tag-auvergne-rhone-alpes","tag-eu","tag-europe","tag-fr","tag-france","tag-news","tag-republique-francaise","tag-saint-etienne"],"share_on_mastodon":{"url":"https:\/\/pubeurope.com\/@fr\/116888564379734890","error":""},"_links":{"self":[{"href":"https:\/\/www.europesays.com\/fr\/wp-json\/wp\/v2\/posts\/1053026","targetHints":{"allow":["GET"]}}],"collection":[{"href":"https:\/\/www.europesays.com\/fr\/wp-json\/wp\/v2\/posts"}],"about":[{"href":"https:\/\/www.europesays.com\/fr\/wp-json\/wp\/v2\/types\/post"}],"author":[{"embeddable":true,"href":"https:\/\/www.europesays.com\/fr\/wp-json\/wp\/v2\/users\/2"}],"replies":[{"embeddable":true,"href":"https:\/\/www.europesays.com\/fr\/wp-json\/wp\/v2\/comments?post=1053026"}],"version-history":[{"count":0,"href":"https:\/\/www.europesays.com\/fr\/wp-json\/wp\/v2\/posts\/1053026\/revisions"}],"wp:featuredmedia":[{"embeddable":true,"href":"https:\/\/www.europesays.com\/fr\/wp-json\/wp\/v2\/media\/1053027"}],"wp:attachment":[{"href":"https:\/\/www.europesays.com\/fr\/wp-json\/wp\/v2\/media?parent=1053026"}],"wp:term":[{"taxonomy":"category","embeddable":true,"href":"https:\/\/www.europesays.com\/fr\/wp-json\/wp\/v2\/categories?post=1053026"},{"taxonomy":"post_tag","embeddable":true,"href":"https:\/\/www.europesays.com\/fr\/wp-json\/wp\/v2\/tags?post=1053026"}],"curies":[{"name":"wp","href":"https:\/\/api.w.org\/{rel}","templated":true}]}}