{"id":105307,"date":"2025-05-16T20:45:12","date_gmt":"2025-05-16T20:45:12","guid":{"rendered":"https:\/\/www.europesays.com\/fr\/105307\/"},"modified":"2025-05-16T20:45:12","modified_gmt":"2025-05-16T20:45:12","slug":"national-3-la-reserve-de-lom-soffre-un-festival-contre-montpellier-pour-la-derniere-de-papin","status":"publish","type":"post","link":"https:\/\/www.europesays.com\/fr\/105307\/","title":{"rendered":"National 3 : la r\u00e9serve de l&rsquo;OM s&rsquo;offre un festival contre Montpellier pour la derni\u00e8re de Papin"},"content":{"rendered":"<p>Il y a des victoires qui comptent plus que d&rsquo;autres. Celle de la r\u00e9serve de l&rsquo;OM, face \u00e0 Montpellier, ressemblait \u00e0 un dernier tour de piste ce vendredi. Un match sans enjeu, mais charg\u00e9 de symboles. Dernier rendez-vous de la saison. Dernier match pour plusieurs joueurs et pour <a href=\"https:\/\/www.laprovence.com\/article\/om\/31655851886875\/om-la-der-pour-jean-pierre-papin-avant-de-quitter-le-club\" target=\"_blank\" rel=\"noopener\">Jean-Pierre Papin sur le banc<\/a>.<\/p>\n<p>Alors les Marseillais ont r\u00e9pondu pr\u00e9sents. Tr\u00e8s vite, le capitaine Sofiane Sidi Ali a ouvert la voie en renard des surfaces apr\u00e8s une parade sur une frappe Tunkadi (3). Lago a doubl\u00e9 la mise 12 minutes plus tard, lanc\u00e9 dans la profondeur pour conclure avec sang-froid (15). Un rel\u00e2chement sur une relance rat\u00e9e de Van Neck a ensuite permis \u00e0 Montpellier de r\u00e9duire le score (35), mais n&rsquo;a rien chang\u00e9 \u00e0 la dynamique du match.<\/p>\n<p>\u00c0 l&rsquo;heure de jeu, les Olympiens ont pass\u00e9 la seconde. Sidi Ali a inscrit deux nouveaux buts (18 au total cette saison) pour signer un tripl\u00e9 (65, 71). Une d\u00e9monstration dans l&rsquo;intensit\u00e9 et l&rsquo;\u00e9tat d&rsquo;esprit. Mais au-del\u00e0 du jeu, il y a les symboles. <a href=\"https:\/\/www.laprovence.com\/article\/om\/15914858849510\/football-national-3-kassim-abdallah-a-la-croisee-des-chemins\" target=\"_blank\" rel=\"noopener\">Kassim Abdallah<\/a>, cadre du vestiaire et honor\u00e9 avant le coup d&rsquo;envoi, s&rsquo;est lui aussi offert un dernier but sous le maillot olympien sur p\u00e9nalty (76) pour conclure sa carri\u00e8re et par la m\u00eame occasion la rencontre sur le score de 5-1. \u00ab\u00a0C&rsquo;est bien qu&rsquo;il ait marqu\u00e9, ils lui ont fait la f\u00eate. Tout ce qu&rsquo;il a apport\u00e9 en deux ans, c&rsquo;est magnifique\u00a0\u00bb, saluait Jean-Pierre Papin.<\/p>\n<p><img alt=\"Jean-Pierre Papin a v\u00e9cu son dernier match sur le banc de la r\u00e9serve olympienne\" loading=\"lazy\" decoding=\"async\" data-nimg=\"fill\" class=\" TwicCore_img__i9TC1 undefined  undefined\" style=\"position:absolute;height:100%;width:100%;left:0;top:0;right:0;bottom:0;color:transparent;background-size:cover;background-position:50% 50%;background-repeat:no-repeat;background-image:url(&quot;data:image\/svg+xml;charset=utf-8,%3Csvg xmlns='http:\/\/www.w3.org\/2000\/svg' %3E%3Cfilter id='b' color-interpolation-filters='sRGB'%3E%3CfeGaussianBlur stdDeviation='20'\/%3E%3CfeColorMatrix values='1 0 0 0 0 0 1 0 0 0 0 0 1 0 0 0 0 0 100 -1' result='s'\/%3E%3CfeFlood x='0' y='0' width='100%25' height='100%25'\/%3E%3CfeComposite operator='out' in='s'\/%3E%3CfeComposite in2='SourceGraphic'\/%3E%3CfeGaussianBlur stdDeviation='20'\/%3E%3C\/filter%3E%3Cimage width='100%25' height='100%25' x='0' y='0' preserveAspectRatio='none' style='filter: url(%23b);' href='https:\/\/pictures.laprovence.com\/cdn-cgi\/image\/blur=250\/media\/melody\/2025\/05\/16\/football-national-3-au-complexe-de-la-gardi-match-olympique-de-marseille-2-contre-montpellier-hsc-2-1747424210_b3f0b16397286a7f0b16397288bf0bv_.jpg'\/%3E%3C\/svg%3E&quot;)\"   src=\"https:\/\/www.europesays.com\/fr\/wp-content\/uploads\/2025\/05\/football-national-3-au-complexe-de-la-gardi-match-olympique-de-marseille-2-contre-montpellier-hsc-2-.jpeg\"\/>Jean-Pierre Papin a v\u00e9cu son dernier match sur le banc de la r\u00e9serve olympienne \/ PHOTO St\u00e9phane DUCLET<\/p>\n<p>Le coach olympien, lui aussi, refermait un chapitre. Presque deux ans \u00e0 accompagner, former, pousser. \u00ab\u00a0On a fait une tr\u00e8s belle saison, avec beaucoup de changements au fur et \u00e0 mesure dans l&rsquo;effectif, retra\u00e7ait le Ballon d&rsquo;Or 1991. Finir sur un 5-1, avec cinq matches sans d\u00e9faite, c&rsquo;est d\u00e9j\u00e0 pas mal. Aujourd&rsquo;hui, ils ont fait le match qu&rsquo;on attendait. Un feu d&rsquo;artifice.\u00a0\u00bb<\/p>\n<p>Un dernier match sans pression, mais plein de sens. Le genre de rendez-vous dont on se souvient quand on tourne une page.<\/p>\n<p>OM 5 &#8211; 1 Montpellier<\/p>\n<p>26e journ\u00e9e. Stade La Gardi (Trets). Mi-temps : 2-1.<\/p>\n<p>Arbitre : M.Cortes.<\/p>\n<p>Buts &#8211; OM : Sidi Ali (3,65,71), Lago (15), Abdallah (76, s.p.). MHSC : Wansianga (35).<\/p>\n<p>OM : Van Neck &#8211; Abdallah, Mimb (Seha, 83), Ouro, Clement &#8211; Le Pironnec (Ahamada, 65), Daou &#8211; Sidi Ali (cap.), Tunkadi, Kabamba &#8211; Lago (Bichet, 54). Entra\u00eeneur : Jean-Pierre Papin.<\/p>\n<p>MHSC : Dizdarevic &#8211; Gomis,Selemby (Kone, 74), Mendy, Ales &#8211; Zeghadi, Cara (cap.) &#8211; El Ouarat (El Boughlamy, 69), Bensaid (Mellin, 69), Wansianga &#8211; Morato. Entra\u00eeneur : Fr\u00e9d\u00e9ric Garny.<\/p>\n","protected":false},"excerpt":{"rendered":"Il y a des victoires qui comptent plus que d&rsquo;autres. Celle de la r\u00e9serve de l&rsquo;OM, face \u00e0&hellip;\n","protected":false},"author":2,"featured_media":105308,"comment_status":"","ping_status":"","sticky":false,"template":"","format":"standard","meta":{"footnotes":""},"categories":[9599],"tags":[17,1111,11,1444,1777,674,849,63,1011,27,4056,2208,3238,12,2680,149,25,18357,9906],"class_list":{"0":"post-105307","1":"post","2":"type-post","3":"status-publish","4":"format-standard","5":"has-post-thumbnail","7":"category-montpellier","8":"tag-17","9":"tag-actu","10":"tag-actualites","11":"tag-contre","12":"tag-eu","13":"tag-europe","14":"tag-festival","15":"tag-football","16":"tag-fr","17":"tag-france","18":"tag-lom","19":"tag-montpellier","20":"tag-national","21":"tag-news","22":"tag-occitanie","23":"tag-om","24":"tag-republique-francaise","25":"tag-reserve","26":"tag-soffre"},"share_on_mastodon":{"url":"https:\/\/pubeurope.com\/@fr\/114519469176921112","error":""},"_links":{"self":[{"href":"https:\/\/www.europesays.com\/fr\/wp-json\/wp\/v2\/posts\/105307","targetHints":{"allow":["GET"]}}],"collection":[{"href":"https:\/\/www.europesays.com\/fr\/wp-json\/wp\/v2\/posts"}],"about":[{"href":"https:\/\/www.europesays.com\/fr\/wp-json\/wp\/v2\/types\/post"}],"author":[{"embeddable":true,"href":"https:\/\/www.europesays.com\/fr\/wp-json\/wp\/v2\/users\/2"}],"replies":[{"embeddable":true,"href":"https:\/\/www.europesays.com\/fr\/wp-json\/wp\/v2\/comments?post=105307"}],"version-history":[{"count":0,"href":"https:\/\/www.europesays.com\/fr\/wp-json\/wp\/v2\/posts\/105307\/revisions"}],"wp:featuredmedia":[{"embeddable":true,"href":"https:\/\/www.europesays.com\/fr\/wp-json\/wp\/v2\/media\/105308"}],"wp:attachment":[{"href":"https:\/\/www.europesays.com\/fr\/wp-json\/wp\/v2\/media?parent=105307"}],"wp:term":[{"taxonomy":"category","embeddable":true,"href":"https:\/\/www.europesays.com\/fr\/wp-json\/wp\/v2\/categories?post=105307"},{"taxonomy":"post_tag","embeddable":true,"href":"https:\/\/www.europesays.com\/fr\/wp-json\/wp\/v2\/tags?post=105307"}],"curies":[{"name":"wp","href":"https:\/\/api.w.org\/{rel}","templated":true}]}}