{"id":105311,"date":"2025-05-16T20:51:37","date_gmt":"2025-05-16T20:51:37","guid":{"rendered":"https:\/\/www.europesays.com\/fr\/105311\/"},"modified":"2025-05-16T20:51:37","modified_gmt":"2025-05-16T20:51:37","slug":"grenoble-que-faire-les-17-et-18-mai-2025","status":"publish","type":"post","link":"https:\/\/www.europesays.com\/fr\/105311\/","title":{"rendered":"Grenoble : que faire les 17 et 18 mai 2025"},"content":{"rendered":"<p>De nombreuses animations sont programm\u00e9es ce <strong>week-end des 17 et 18 mai 2025<\/strong> \u00e0 <strong>Grenoble<\/strong>. Outre la <a href=\"https:\/\/mesinfos.fr\/auvergne-rhone-alpes\/nuit-des-musees-2025-en-isere-nos-coups-de-coeur-222309.html\" rel=\"noopener\" target=\"_blank\">Nuit des Mus\u00e9es en Is\u00e8re<\/a>, on trouvera des id\u00e9es de rando, de spectacles, de course \u00e0 pied, de concerts, d&rsquo;exposition. Sans oublier les vide-greniers. <\/p>\n<p>Participer \u00e0 l&rsquo;un des quatre parcours de randonn\u00e9e au d\u00e9part de Sassenage <img decoding=\"async\" alt=\"\" data-zoomable=\"\" height=\"1333\" loading=\"lazy\" src=\"https:\/\/www.europesays.com\/fr\/wp-content\/uploads\/2025\/05\/man-path-walking-blur-hiking-photography-964750-pxherecom.jpg\" title=\"\u00a9 PxHere - Rendez-vous dimanche 18 mai \u00e0 Sassenage pour participer \u00e0 l'un des quatre circuits de la M\u00e9trorando.\" width=\"2000\"\/> \u00a9 PxHere &#8211; Rendez-vous dimanche 18 mai \u00e0 Sassenage pour participer \u00e0 l&rsquo;un des quatre circuits de la M\u00e9trorando. <\/p>\n<p>La M\u00e9tropole de Grenoble propose une nouvelle \u00e9dition de la <strong>M\u00e9trorando<\/strong>. Rendez-vous est donn\u00e9 ce dimanche 18 mai dans le parc de l&rsquo;Ovalie \u00e0 <strong>Sassenage <\/strong>d\u00e8s 8h30. <\/p>\n<p>Quatre circuits de <strong>randonn\u00e9e<\/strong> sur des sentiers balis\u00e9s sur les communes de Sassenage et Fontaine sont propos\u00e9s au choix : <\/p>\n<ul>\n<li>Grand parcours : 18km, 910m de d\u00e9nivel\u00e9 positif, environ 5h30 de marche, niveau tr\u00e8s bon marcheur. <\/li>\n<li>Moyen parcours : 13km, 680m de d\u00e9nivel\u00e9 positif, environ 4h30 de marche, niveau bon marcheur. <\/li>\n<li>Parcours d\u00e9couverte : 9 km, 280m de d\u00e9nivel\u00e9 positif, environ 2h30 de marche, niveau assez facile. <\/li>\n<li>Petit parcours : 5km, 80m de d\u00e9nivel\u00e9 positif, 1h30 de marche environ, niveau facile.<\/li>\n<\/ul>\n<p>Les randonneurs doivent venir avec leur gourde et des gobelets pour les ravitaillements. Aucune bouteille ne sera distribu\u00e9e aux participants lors de cette manifestation. Le stationnement s&rsquo;effectuera sur les parkings mis \u00e0 disposition au centre technique municipal , rue Pierre de Coubertin, et aux abords du complexe Jeannie Longo.<\/p>\n<p><strong>Pratique<\/strong> <\/p>\n<p>M\u00e9trorando, dimanche 18 mai, au parc de l&rsquo;Ovalie \u00e0 Sassenage. D\u00e9parts \u00e9chelonn\u00e9s entre 8h30 et 10h30. Participation gratuite sur inscription <a href=\"https:\/\/services.demarches.grenoblealpesmetropole.fr\/s-inscrire-a-une-activite-a-un-service\/metro-rando\/?cancelurl=https%3A\/\/demarches.grenoblealpesmetropole.fr\/\" rel=\"noopener\" target=\"_blank\">ici<\/a>.<\/p>\n<p>  (Re)d\u00e9couvrir les ordinateurs d&rsquo;antan \u00e0 Grenoble <img decoding=\"async\" alt=\"\" data-zoomable=\"\" height=\"1125\" loading=\"lazy\" src=\"https:\/\/www.europesays.com\/fr\/wp-content\/uploads\/2025\/05\/computer-technology-retro-old-museum-gadget-798105-pxherecom.jpg\" title=\"\u00a9 PxHere - Aconit, le Mus\u00e9e de l'informatique \u00e0 Grenoble propose des visites guid\u00e9es et animations ce samedi 17 mai 2025.\" width=\"2000\"\/> \u00a9 PxHere &#8211; Aconit, le Mus\u00e9e de l&rsquo;informatique \u00e0 Grenoble propose des visites guid\u00e9es et animations ce samedi 17 mai 2025. <\/p>\n<p>Vous souhaitez savoir comment l&rsquo;informatique a \u00e9t\u00e9 cr\u00e9\u00e9e ? A quoi ressemblait un ordinateur en 1950 ? <strong>Aconit<\/strong>, le <strong>Mus\u00e9e de l&rsquo;informatique \u00e0 Grenoble<\/strong> propose des <strong>visites guid\u00e9es <\/strong>et diverses <strong>animations <\/strong>(r\u00e9trogaming, d\u00e9monstrations) ce samedi 17 mai \u00e0 partir de 16h et toute la soir\u00e9e jusqu&rsquo;\u00e0 23h30. <\/p>\n<p><strong>Pratique<\/strong> <\/p>\n<p>Tarif unique : 9 euros. Entr\u00e9e gratuite pour les moins de 18ans sur r\u00e9servation \u00e0 <a href=\"http:\/\/mesinfos.fr\/cdn-cgi\/l\/email-protection#dcb5b2bab39cbdbfb3b2b5a8f2baae\" rel=\"noopener\" target=\"_blank\">[email\u00a0protected]<\/a> <\/p>\n<p>Aconit, 12 rue Joseph Rey \u00e0 Grenoble. Renseignements : <a href=\"https:\/\/www.helloasso.com\/associations\/aconit\/evenements\/la-nuit-des-ordis\" rel=\"noopener\" target=\"_blank\">ici<\/a>.\u00a0<\/p>\n<p>  Prendre le d\u00e9part des 10km du Bois fran\u00e7ais au Versoud <img decoding=\"async\" alt=\"\" data-zoomable=\"\" height=\"1330\" loading=\"lazy\" src=\"https:\/\/www.europesays.com\/fr\/wp-content\/uploads\/2025\/05\/horizon-silhouette-girl-sun-woman-sunrise-915196-pxherecom.jpg\" title=\"\u00a9 PxHere - Nautic Sports organise les 10km du Bois fran\u00e7ais au Versoud, samedi 17 mai.\" width=\"2000\"\/> \u00a9 PxHere &#8211; Nautic Sports organise les 10km du Bois fran\u00e7ais au Versoud, samedi 17 mai. <\/p>\n<p>Cette ann\u00e9e, la base de loisirs m\u00e9tropolitaine du Bois Fran\u00e7ais, au <strong>Versoud<\/strong>, f\u00eate ses 40 ans. En ouverture d&rsquo;une saison riche en animations, Nautic Sports organise, ce samedi 17 mai, \u00e0 9h, les <strong>10km du Bois Fran\u00e7ais<\/strong>.<\/p>\n<p>Outre la course classique, des variantes pour les plus jeunes (de 300 \u00e0 1 000 m) et une version randonn\u00e9e sont pr\u00e9vues. Pour chaque inscription (10 euros), une activit\u00e9 est offerte (paddle, kayak ou tir \u00e0 l&rsquo;arc) ainsi qu&rsquo;une entr\u00e9e \u00e0 l&rsquo;espace de baignade, \u00e0 utiliser \u00e0 compter de l&rsquo;ouverture le 24 mai.<\/p>\n<p>Dans le m\u00eame temps se tiendra le <strong>Mini-raid du Bois fran\u00e7ais<\/strong>. Ce rendez-vous multi-activit\u00e9s pour les 7-12 ans proposera des d\u00e9fis en VTT, paddle, tir \u00e0 l&rsquo;arc&#8230; Pour chaque inscription (2 euros), une entr\u00e9e \u00e0 l&rsquo;espace de baignade, \u00e0 utiliser \u00e0 compter de l&rsquo;ouverture le 24 mai, est offerte. <\/p>\n<p><strong>Pratique<\/strong> <\/p>\n<p>10km du Bois fran\u00e7ais et Min-Raid du Bois fran\u00e7ais, \u00e0 la base de loisirs du Bois fran\u00e7ais au Versoud, samedi 17 mai \u00e0 partir de 9h. Renseignements et inscriptions <a href=\"https:\/\/www.grenoblealpesmetropole.fr\/agenda\/846\/915-les-10km-du-bois-francais-le-mini-raid-du-bois-francais.htm\" rel=\"noopener\" target=\"_blank\">ici<\/a>.\u00a0<\/p>\n<p>  Assister \u00e0 un concert folk pas comme les autres \u00e0 la MC2 de Grenoble <\/p>\n<p>Dimanche 18 mai 2025 de 20h \u00e0 21h15, la MC2 de Grenoble propose un <strong>concert <\/strong>intitul\u00e9 Folk Song. <\/p>\n<p>A l&rsquo;occasion du 100e anniversaire de <strong>Luciano Berio<\/strong>, figure majeure de la musique savante du second XXe si\u00e8cle et pionnier de la musique \u00e9lectroacoustique, d\u00e9c\u00e9d\u00e9 en 2003, <strong>Miroirs \u00c9tendus <\/strong>et la soprano <strong>Agathe Peyrat <\/strong>lui consacrent un concert dans lequel ses Folk Songs se m\u00ealent \u00e0 des chansons issues de l\u2019album Freewheelin de Bob Dylan. <\/p>\n<p><strong>Pratique<\/strong> <\/p>\n<p>Concert dimanche 18 mai \u00e0 20h \u00e0 la MC2 de Grenoble. Tarifs : 5 \u00e0 7 \u20ac. R\u00e9servations : 04 76 00 79 00 ou <a href=\"http:\/\/mesinfos.fr\/cdn-cgi\/l\/email-protection#73111a1f1f16070716011a16331e10411401161d1c111f165d1501\" rel=\"noopener\" target=\"_blank\">[email\u00a0protected]<\/a><\/p>\n<p>  Profiter des nombreuses animations dans le cadre des 48h de l&rsquo;agriculture urbaine \u00e0 Grenoble  <\/p>\n<p>En parall\u00e8le de la Biennale des villes en transition, Grenoble organise les <strong>48h de l\u2019agriculture urbaine<\/strong> jusqu&rsquo;\u00e0 dimanche. Le samedi, de nombreuses associations locales seront pr\u00e9sentes au village associatif am\u00e9nag\u00e9 au Palais des sports pour pr\u00e9senter leurs initiatives.<\/p>\n<p>Parmi les autres rendez-vous, on citera l&rsquo;arriv\u00e9e de <strong>moutons <\/strong>dans <strong>le parc Paul Mistral <\/strong>pour p\u00e2turer, de 10h \u00e0 18h, samedi. Le m\u00eame jour, de 14h-15h, toujours dans le parc Paul Mistral, une <strong>balade <\/strong>sur le th\u00e8me biodiversit\u00e9 et agriculture urbaine permettra de d\u00e9couvrir les interactions entre la biodiversit\u00e9 et l\u2019agriculture, et les actions de la Ville en leur faveur au travers d\u2019exemples concrets. <\/p>\n<p>Samedi, de 17h30 \u00e0 18h30, au Bar Radis :<strong> spectacle <\/strong>Plant\u00e9-es par le Collectif de l\u2019\u00c2tre : une com\u00e9die agricole, o\u00f9 le jeu masqu\u00e9 et la farce, inspir\u00e9s du genre italien de la commedia dell&rsquo;arte, mettent en lumi\u00e8re les probl\u00e9matiques de l\u2019agriculture contemporaine et ses pratiques productivistes. <\/p>\n<p>Samedi, \u00e0 20h30, au Palais des Sports, se d\u00e9roulera une <strong>conf\u00e9rence sur le th\u00e8me Changer de regard sur l\u2019eau,<\/strong>\u00a0avec Charl\u00e8ne Descollonges. A partir de 20h30 au Bar Radis,<strong> DJ set et concert de rap<\/strong> avec Loren 6, rappeuse grenobloise, et Bercail, DJ du collectif Infrason. <\/p>\n<p><strong>Pratique<\/strong> <\/p>\n<p>Programme complet des 48h de l&rsquo;agriculture urbaine \u00e0 Grenoble samedi 17 et dimanche 18 mai : <a href=\"https:\/\/www.les48h.com\/programmation\/?filters%5bcity%5d=98\" rel=\"noopener\" target=\"_blank\">ici<\/a>.<\/p>\n<p> O\u00f9 chiner \u00e0 Grenoble et alentour <\/p>\n<ul>\n<li>Samedi 17 mai, de 8h \u00e0 18h : <strong>vide-greniers <\/strong>boulevard Mar\u00e9chal-Foch \u00e0 Grenoble. <\/li>\n<li>Samedi 17 mai, de 8h \u00e0 18h, vide-greniers dans le Parc de la Poya et rue de L&rsquo;Abb\u00e9-Vincent \u00e0 <strong>Fontaine<\/strong>. <\/li>\n<li>Samedi 17 mai, de 10h \u00e0 17h,\u00a03e Brocante du quartier Rochepleine 21, mail Pierre-Mendes-France \u00e0 <strong>Saint-\u00c9gr\u00e8ve<\/strong>. <\/li>\n<li>Dimanche 18 mai, de 8h \u00e0 17h, vide-greniers des Eaux-Claires 33, rue Joseph-Bouchayer \u00e0 Grenoble. <\/li>\n<li>Dimanche 18 mai, de 8h \u00e0 18h, vide-greniers Rue du Docteur-Mazet \u00e0 Grenoble. <\/li>\n<li>Dimanche 18 mai, de 6h \u00e0 14h, vide-greniers sur le parking d&rsquo;Alpexpo, 16, boulevard de l&rsquo;Esplanade \u00e0 Grenoble. <\/li>\n<li>Dimanche 18 mai, de 8h30 \u00e0 16h, vide-greniers dans la cour du coll\u00e8ge Louis Lumi\u00e8re et rue Carmagnole-Libert\u00e9 \u00e0 <strong>\u00c9chirolles<\/strong>. <\/li>\n<li>Dimanche 18 mai, de 9h \u00e0 14h, vide-greniers place du 8-Mai-1945 et rue Hector-Berlioz \u00e0 <strong>Poisat<\/strong>. <\/li>\n<li>Dimanche 18 mai, de 8h \u00e0 16h30, vide-greniers, mail des Sports \u00e0 <strong>Gi\u00e8res<\/strong>. <\/li>\n<li>Dimanche 18 mai, de 8h30 \u00e0 16h30, vide-greniers au Foyer municipal, avenue du Maquis-de-l&rsquo;Oisans au <strong>Pont-de-Claix<\/strong>.<\/li>\n<\/ul>\n","protected":false},"excerpt":{"rendered":"De nombreuses animations sont programm\u00e9es ce week-end des 17 et 18 mai 2025 \u00e0 Grenoble. Outre la Nuit&hellip;\n","protected":false},"author":2,"featured_media":105312,"comment_status":"","ping_status":"","sticky":false,"template":"","format":"standard","meta":{"footnotes":""},"categories":[9566],"tags":[1111,11,2430,4156,1777,674,1011,27,2731,12,22216,25,3365],"class_list":{"0":"post-105311","1":"post","2":"type-post","3":"status-publish","4":"format-standard","5":"has-post-thumbnail","7":"category-grenoble","8":"tag-actu","9":"tag-actualites","10":"tag-auvergne-rhone-alpes","11":"tag-concerts","12":"tag-eu","13":"tag-europe","14":"tag-fr","15":"tag-france","16":"tag-grenoble","17":"tag-news","18":"tag-randonnu00e9e","19":"tag-republique-francaise","20":"tag-vide-greniers"},"share_on_mastodon":{"url":"https:\/\/pubeurope.com\/@fr\/114519493482254628","error":""},"_links":{"self":[{"href":"https:\/\/www.europesays.com\/fr\/wp-json\/wp\/v2\/posts\/105311","targetHints":{"allow":["GET"]}}],"collection":[{"href":"https:\/\/www.europesays.com\/fr\/wp-json\/wp\/v2\/posts"}],"about":[{"href":"https:\/\/www.europesays.com\/fr\/wp-json\/wp\/v2\/types\/post"}],"author":[{"embeddable":true,"href":"https:\/\/www.europesays.com\/fr\/wp-json\/wp\/v2\/users\/2"}],"replies":[{"embeddable":true,"href":"https:\/\/www.europesays.com\/fr\/wp-json\/wp\/v2\/comments?post=105311"}],"version-history":[{"count":0,"href":"https:\/\/www.europesays.com\/fr\/wp-json\/wp\/v2\/posts\/105311\/revisions"}],"wp:featuredmedia":[{"embeddable":true,"href":"https:\/\/www.europesays.com\/fr\/wp-json\/wp\/v2\/media\/105312"}],"wp:attachment":[{"href":"https:\/\/www.europesays.com\/fr\/wp-json\/wp\/v2\/media?parent=105311"}],"wp:term":[{"taxonomy":"category","embeddable":true,"href":"https:\/\/www.europesays.com\/fr\/wp-json\/wp\/v2\/categories?post=105311"},{"taxonomy":"post_tag","embeddable":true,"href":"https:\/\/www.europesays.com\/fr\/wp-json\/wp\/v2\/tags?post=105311"}],"curies":[{"name":"wp","href":"https:\/\/api.w.org\/{rel}","templated":true}]}}