{"id":105317,"date":"2025-05-16T20:54:23","date_gmt":"2025-05-16T20:54:23","guid":{"rendered":"https:\/\/www.europesays.com\/fr\/105317\/"},"modified":"2025-05-16T20:54:23","modified_gmt":"2025-05-16T20:54:23","slug":"strasbourg-des-stolpersteine-pour-rendre-hommage-aux-couples-homosexuels-victimes-du-nazisme-2","status":"publish","type":"post","link":"https:\/\/www.europesays.com\/fr\/105317\/","title":{"rendered":"Strasbourg. Des Stolpersteine pour rendre hommage aux couples homosexuels victimes du nazisme"},"content":{"rendered":"<p>\u00ab\u00a0 <a href=\"https:\/\/www.dna.fr\/societe\/2022\/07\/18\/stolpersteine-la-memoire-sous-nos-pieds\" target=\"_blank\" rel=\"nofollow noopener\">Chaque Stolpersteine t\u00e9moigne d\u2019une vie bris\u00e9e<\/a> \u00a0\u00bb, affirme Richard Aboaf, pr\u00e9sident de l\u2019association Stolpersteine 67. Ce sont m\u00eame deux vies bris\u00e9es auxquelles rendent hommage les pav\u00e9s de laiton pos\u00e9s devant le 19, rue des Grandes-Arcades ce vendredi 16\u00a0mai\u00a0: celles de Josef Martus et Eug\u00e8ne Eggermann. Le couple a \u00e9t\u00e9 arr\u00eat\u00e9 le 15\u00a0mai 1942 en raison de la relation homosexuelle que les deux hommes entretenaient.<\/p>\n<p>  Des victimes trop souvent oubli\u00e9es du nazisme<\/p>\n<p>\u00ab\u00a0Nous d\u00e9couvrons r\u00e9guli\u00e8rement de nouvelles victimes du nazisme\u00a0\u00bb, rappelle Fr\u00e9d\u00e9ric Stroh, historien chercheur de l\u2019Universit\u00e9 de Strasbourg. Il apprend l\u2019histoire de Josef Martus et Eug\u00e8ne Eggermann pendant son doctorat sur la r\u00e9pression de l\u2019homosexualit\u00e9 par l\u2019Allemagne nazie. C\u2019est aussi lui qui a contact\u00e9 l\u2019association Stolpersteine et la Ville de Strasbourg pour se souvenir de leur sort \u00e0 travers <a href=\"https:\/\/www.dna.fr\/societe\/2025\/05\/02\/une-pose-de-stolperstein-en-presence-du-createur-de-ce-projet-memoriel\" target=\"_blank\" rel=\"nofollow noopener\">les pav\u00e9s de laiton<\/a> incrust\u00e9s devant leur dernier domicile au 19, rue des Grandes-Arcades.<\/p>\n<p>Ce contenu est bloqu\u00e9 car vous n&rsquo;avez pas accept\u00e9 les cookies et autres traceurs.<\/p>\n<p>En cliquant sur \u00ab J\u2019accepte \u00bb, les cookies et autres traceurs seront d\u00e9pos\u00e9s et vous pourrez visualiser les contenus  (<a href=\"\" class=\"consentModule_policy\" target=\"_blank\" title=\"Consulter la politique de protection des donn\u00e9es du fournisseur\">plus d&rsquo;informations<\/a>).<\/p>\n<p>En cliquant sur \u00ab J\u2019accepte tous les cookies \u00bb, vous autorisez des d\u00e9p\u00f4ts de cookies et autres traceurs pour le stockage de vos donn\u00e9es sur nos sites et applications \u00e0 des fins de personnalisation et de ciblage publicitaire.<\/p>\n<p class=\"consentModule_secondaryText\">Vous gardez la possibilit\u00e9 de retirer votre consentement \u00e0 tout moment en consultant notre <a href=\"http:\/\/www.dna.fr\/protection-des-donnees\" target=\"_blank\" title=\"Consulter notre politique de protection des donn\u00e9es\" rel=\"nofollow noopener\">politique de protection des donn\u00e9es<\/a>. <br \/>&#13;<br \/>\n            <a href=\"http:\/\/www.dna.fr\/societe\/2025\/05\/16\/javascript:Didomi.notice.show()\" class=\"consentModule_cmp\" rel=\"nofollow noopener\" target=\"_blank\">G\u00e9rer mes choix<\/a>&#13;\n        <\/p>\n<p>&#13;<br \/>\n                        J&rsquo;accepte&#13;<br \/>\n            J&rsquo;accepte tous les cookies&#13;\n        <\/p>\n<p>Les \u00e9l\u00e8ves du lyc\u00e9e Marc-Bloch de Bischheim retracent la vie des deux amants. Josef Martus, n\u00e9 en Allemagne, est condamn\u00e9 et fusill\u00e9 en ao\u00fbt\u00a01942 \u00e0 Stuttgart pour \u00ab\u00a0d\u00e9bauche contre nature\u00a0\u00bb apr\u00e8s son arrestation avec Eug\u00e8ne Eggermann qui survivra \u00e0 sa d\u00e9portation au camp de Schirmeck. 5\u00a0000\u00a0\u00e0 15\u00a0000 homosexuels ont \u00e9t\u00e9 d\u00e9port\u00e9s par l\u2019Allemagne nazie.<\/p>\n<p>\u00ab\u00a0Ces Stolpersteine rendent leur identit\u00e9 et leur histoire \u00e0 ces hommes qui se sont simplement aim\u00e9s\u00a0\u00bb, relate Floriane Varieras, charg\u00e9e de la lutte contre les discriminations \u00e0 la Ville de Strasbourg.<\/p>\n<p>  Des liens renforc\u00e9s entre Strasbourg et Stuttgart<\/p>\n<p>Les discours et \u00e9changes devant les pav\u00e9s de laiton sont un m\u00e9lange d\u2019allemand et de fran\u00e7ais, illustration de la <a href=\"https:\/\/www.dna.fr\/culture-loisirs\/2025\/03\/12\/a-apollonia-des-artistes-strasbourgeois-et-stuttgartois-exposent-leur-vision-de-la-ville\" target=\"_blank\" rel=\"nofollow noopener\">solidarit\u00e9 entre la capitale alsacienne et Stuttgart<\/a> , villes jumel\u00e9es depuis 1962. B\u00e9atrice Olgun-Lichtenberg, r\u00e9f\u00e9rente \u00e9galit\u00e9 de la Ville de Stuttgart, pense que \u00ab\u00a0la m\u00e9moire peut resserrer davantage la relation \u00e9tablie il y a plus de 60 ans\u00a0\u00bb. Strasbourg et Stuttgart sont li\u00e9s par leur histoire, plus encore par celle de Josef Martus et Eug\u00e8ne Eggermann.<\/p>\n","protected":false},"excerpt":{"rendered":"\u00ab\u00a0 Chaque Stolpersteine t\u00e9moigne d\u2019une vie bris\u00e9e \u00a0\u00bb, affirme Richard Aboaf, pr\u00e9sident de l\u2019association Stolpersteine 67. Ce sont&hellip;\n","protected":false},"author":2,"featured_media":105318,"comment_status":"","ping_status":"","sticky":false,"template":"","format":"standard","meta":{"footnotes":""},"categories":[2820],"tags":[1111,11,2389,2649,2880,1777,674,107,1011,27,775,937,12,25,104,640,2879],"class_list":{"0":"post-105317","1":"post","2":"type-post","3":"status-publish","4":"format-standard","5":"has-post-thumbnail","7":"category-strasbourg","8":"tag-actu","9":"tag-actualites","10":"tag-alsace","11":"tag-bas-rhin","12":"tag-edition-strasbourg","13":"tag-eu","14":"tag-europe","15":"tag-fil-info","16":"tag-fr","17":"tag-france","18":"tag-grand-est","19":"tag-histoire","20":"tag-news","21":"tag-republique-francaise","22":"tag-societe","23":"tag-strasbourg","24":"tag-strasbourg-ville"},"share_on_mastodon":{"url":"https:\/\/pubeurope.com\/@fr\/114519504514857430","error":""},"_links":{"self":[{"href":"https:\/\/www.europesays.com\/fr\/wp-json\/wp\/v2\/posts\/105317","targetHints":{"allow":["GET"]}}],"collection":[{"href":"https:\/\/www.europesays.com\/fr\/wp-json\/wp\/v2\/posts"}],"about":[{"href":"https:\/\/www.europesays.com\/fr\/wp-json\/wp\/v2\/types\/post"}],"author":[{"embeddable":true,"href":"https:\/\/www.europesays.com\/fr\/wp-json\/wp\/v2\/users\/2"}],"replies":[{"embeddable":true,"href":"https:\/\/www.europesays.com\/fr\/wp-json\/wp\/v2\/comments?post=105317"}],"version-history":[{"count":0,"href":"https:\/\/www.europesays.com\/fr\/wp-json\/wp\/v2\/posts\/105317\/revisions"}],"wp:featuredmedia":[{"embeddable":true,"href":"https:\/\/www.europesays.com\/fr\/wp-json\/wp\/v2\/media\/105318"}],"wp:attachment":[{"href":"https:\/\/www.europesays.com\/fr\/wp-json\/wp\/v2\/media?parent=105317"}],"wp:term":[{"taxonomy":"category","embeddable":true,"href":"https:\/\/www.europesays.com\/fr\/wp-json\/wp\/v2\/categories?post=105317"},{"taxonomy":"post_tag","embeddable":true,"href":"https:\/\/www.europesays.com\/fr\/wp-json\/wp\/v2\/tags?post=105317"}],"curies":[{"name":"wp","href":"https:\/\/api.w.org\/{rel}","templated":true}]}}