{"id":10532,"date":"2025-04-08T15:30:09","date_gmt":"2025-04-08T15:30:09","guid":{"rendered":"https:\/\/www.europesays.com\/fr\/10532\/"},"modified":"2025-04-08T15:30:09","modified_gmt":"2025-04-08T15:30:09","slug":"ktm-et-aprilia-a-misano-pour-deux-jours-dessais-prives","status":"publish","type":"post","link":"https:\/\/www.europesays.com\/fr\/10532\/","title":{"rendered":"KTM et Aprilia \u00e0 Misano pour deux jours d&rsquo;essais priv\u00e9s"},"content":{"rendered":"<p>Trois Grands Prix ont d\u00e9j\u00e0 \u00e9t\u00e9 disput\u00e9s en ce d\u00e9but de championnat, et le paddock s&rsquo;appr\u00eate \u00e0 rejoindre le Qatar pour sa prochaine \u00e9preuve cette semaine. Mais en attendant, les \u00e9quipes d&rsquo;essais de certains constructeurs sont \u00e0 l&rsquo;\u0153uvre pour pr\u00e9parer la suite. En l&rsquo;occurrence, il s&rsquo;agit d&rsquo;ores et d\u00e9j\u00e0 de se projeter vers le premier test post-course qui sera organis\u00e9 cette saison, le 28 avril au lendemain du GP d&rsquo;Espagne.<\/p>\n<p>Ce jour-l\u00e0, les pilotes titulaires pourront profiter d&rsquo;un roulage rare et d&rsquo;autant plus pr\u00e9cieux, ind\u00e9pendamment des restrictions impos\u00e9es \u00e0 toutes les marques ne b\u00e9n\u00e9ficiant pas du plus haut niveau de <a href=\"https:\/\/fr.motorsport.com\/motogp\/news\/concessions-motogp-differences-constructeurs-reglement\/10692129\/\" target=\"_self\" rel=\"noopener nofollow\">concessions r\u00e9glementaires<\/a>. Pour beaucoup, ce test de Jerez est attendu comme un rendez-vous d\u00e9cisif afin de valider des \u00e9volutions techniques bas\u00e9es sur les enseignements du d\u00e9but de championnat.<\/p>\n<p>Espargar\u00f3, Pedrosa et Savadori en piste<\/p>\n<p>Pour le test priv\u00e9 de cette semaine, KTM a d\u00e9p\u00each\u00e9 ses deux pilotes de test et de d\u00e9veloppement, <a href=\"https:\/\/fr.motorsport.com\/driver\/pol-espargaro\/94345\/\" target=\"_blank\" rel=\"noopener nofollow\">Pol Espargar\u00f3<\/a> et <a href=\"https:\/\/fr.motorsport.com\/driver\/dani-pedrosa\/92566\/\" target=\"_blank\" rel=\"noopener nofollow\">Dani Pedrosa<\/a>, qui n&rsquo;ont pas pilot\u00e9 la RC16 depuis le shakedown du test de Sepang d\u00e9but f\u00e9vrier. Tous deux feront ensuite <a href=\"https:\/\/fr.motorsport.com\/motogp\/news\/pedrosa-retour-ktm-deux-tests\/10707257\/\" target=\"_self\" rel=\"noopener nofollow\">leur retour sur la moto pour le test post-course de Jerez<\/a>, premier de trois rendez-vous de la sorte avant celui du 9 juin sur le MotorLand Arag\u00f3n et celui du 15 septembre \u00e0 Misano.<\/p>\n<p>   <img decoding=\"async\" draggable=\"false\" src=\"https:\/\/www.europesays.com\/fr\/wp-content\/uploads\/2025\/04\/dani-pedrosa-red-bull-ktm-fact.jpg\" alt=\"Dani Pedrosa, Red Bull KTM Factory Racing, vuelve a la acci\u00f3n al manillar de la RC16\" width=\"1200\" height=\"800\" loading=\"lazy\"\/> <\/p>\n<p class=\"title\">Dani Pedrosa est de retour au guidon de la KTM RC16.<\/p>\n<p class=\"photographer\">Photo de : Gold and Goose \/ Motorsport Images<\/p>\n<p>Chez Aprilia, c&rsquo;est le pilote essayeur <a href=\"https:\/\/fr.motorsport.com\/driver\/lorenzo-savadori\/408147\/\" target=\"_blank\" rel=\"noopener nofollow\">Lorenzo Savadori<\/a> qui est aux affaires \u00e0 Misano. L&rsquo;Italien a aussi remplac\u00e9 <a href=\"https:\/\/fr.motorsport.com\/driver\/jorge-martin\/109391\/\" target=\"_blank\" rel=\"noopener nofollow\">Jorge Mart\u00edn<\/a>, bless\u00e9, lors des premi\u00e8res courses de la saison et il essaie de mettre au point une moto au go\u00fbt de l&rsquo;Espagnol avant le retour de celui-ci, esp\u00e9r\u00e9 d\u00e8s cette semaine.<\/p>\n<p>Ducati n&rsquo;a pas confirm\u00e9 sa pr\u00e9sence, mais la marque pourrait elle aussi participer \u00e0 ces essais priv\u00e9s avec <a href=\"https:\/\/fr.motorsport.com\/driver\/michele-pirro\/86845\/\" target=\"_blank\" rel=\"noopener nofollow\">Michele Pirro<\/a>, son pilote essayeur. Comme les testeurs KTM, lui non plus n&rsquo;a plus pilot\u00e9 la MotoGP depuis la halte faite \u00e0 Sepang d\u00e9but f\u00e9vrier.<\/p>\n<p>Honda sera en test \u00e0 Valence apr\u00e8s le Qatar<\/p>\n<p>Les deux constructeurs japonais du championnat seront bel et bien absents \u00e0 Misano lundi et mardi. Yamaha et Honda b\u00e9n\u00e9ficient du maximum de concessions et peuvent donc effectuer des essais priv\u00e9s sur n&rsquo;importe quel circuit du calendrier avec tous leurs pilotes, y compris les titulaires, avec une limite \u00e9lev\u00e9e du nombre de pneus utilisables.<\/p>\n<p>Honda avait pr\u00e9vu des essais priv\u00e9s il y a quinze jours \u00e0 Jerez, mais <a href=\"https:\/\/fr.motorsport.com\/motogp\/news\/circuit-jerez-inonde-intemperies-andalousie\/10700359\/\" target=\"_self\" rel=\"noopener nofollow\">les inondations survenues sur le circuit<\/a> ont contraint \u00e0 les annuler. Le constructeur a donc reprogramm\u00e9 deux jours de test qui se tiendront la semaine prochaine. \u00c9tant donn\u00e9 que cela tombera dans les 14 jours pr\u00e9c\u00e9dant le GP d&rsquo;Espagne, ce test ne pourra pas se tenir \u00e0 Jerez, ce qui serait contraire au r\u00e8glement, et sera d\u00e9plac\u00e9 \u00e0 Valence.<\/p>\n<p>Lire aussi :<\/p>\n<p>Dans cet article<\/p>\n<p>    Germ\u00e1n Garcia Casanova\n<\/p>\n<p>    MotoGP\n<\/p>\n<p>    Dani Pedrosa\n<\/p>\n<p>    Pol Espargar\u00f3\n<\/p>\n<p>    Lorenzo Savadori\n<\/p>\n<p>    Aprilia Racing Team\n<\/p>\n<p>    Red Bull KTM Factory Racing\n<\/p>\n<p>Soyez le premier inform\u00e9 et souscrivez aux alertes mails pour recevoir les infos en temps r\u00e9el<\/p>\n<p>    S&rsquo;abonner aux alertes de news<\/p>\n","protected":false},"excerpt":{"rendered":"Trois Grands Prix ont d\u00e9j\u00e0 \u00e9t\u00e9 disput\u00e9s en ce d\u00e9but de championnat, et le paddock s&rsquo;appr\u00eate \u00e0 rejoindre&hellip;\n","protected":false},"author":2,"featured_media":10533,"comment_status":"","ping_status":"","sticky":false,"template":"","format":"standard","meta":{"footnotes":""},"categories":[1413],"tags":[3563,5128,1011,27,5130,1457,1456,1458,5129,3068,60],"class_list":{"0":"post-10532","1":"post","2":"type-post","3":"status-publish","4":"format-standard","5":"has-post-thumbnail","7":"category-moto","8":"tag-aprilia-racing-team","9":"tag-dani-pedrosa","10":"tag-fr","11":"tag-france","12":"tag-lorenzo-savadori","13":"tag-moto","14":"tag-motocycle","15":"tag-motogp","16":"tag-pol-espargaru00f3","17":"tag-red-bull-ktm-factory-racing","18":"tag-sports"},"share_on_mastodon":{"url":"https:\/\/pubeurope.com\/@fr\/114303062724000824","error":""},"_links":{"self":[{"href":"https:\/\/www.europesays.com\/fr\/wp-json\/wp\/v2\/posts\/10532","targetHints":{"allow":["GET"]}}],"collection":[{"href":"https:\/\/www.europesays.com\/fr\/wp-json\/wp\/v2\/posts"}],"about":[{"href":"https:\/\/www.europesays.com\/fr\/wp-json\/wp\/v2\/types\/post"}],"author":[{"embeddable":true,"href":"https:\/\/www.europesays.com\/fr\/wp-json\/wp\/v2\/users\/2"}],"replies":[{"embeddable":true,"href":"https:\/\/www.europesays.com\/fr\/wp-json\/wp\/v2\/comments?post=10532"}],"version-history":[{"count":0,"href":"https:\/\/www.europesays.com\/fr\/wp-json\/wp\/v2\/posts\/10532\/revisions"}],"wp:featuredmedia":[{"embeddable":true,"href":"https:\/\/www.europesays.com\/fr\/wp-json\/wp\/v2\/media\/10533"}],"wp:attachment":[{"href":"https:\/\/www.europesays.com\/fr\/wp-json\/wp\/v2\/media?parent=10532"}],"wp:term":[{"taxonomy":"category","embeddable":true,"href":"https:\/\/www.europesays.com\/fr\/wp-json\/wp\/v2\/categories?post=10532"},{"taxonomy":"post_tag","embeddable":true,"href":"https:\/\/www.europesays.com\/fr\/wp-json\/wp\/v2\/tags?post=10532"}],"curies":[{"name":"wp","href":"https:\/\/api.w.org\/{rel}","templated":true}]}}