{"id":105321,"date":"2025-05-16T20:56:08","date_gmt":"2025-05-16T20:56:08","guid":{"rendered":"https:\/\/www.europesays.com\/fr\/105321\/"},"modified":"2025-05-16T20:56:08","modified_gmt":"2025-05-16T20:56:08","slug":"nuits-des-musees-des-eleves-nicois-celebrent-ben-a-la-ben-ce-samedi-17-mai","status":"publish","type":"post","link":"https:\/\/www.europesays.com\/fr\/105321\/","title":{"rendered":"Nuits des mus\u00e9es: des \u00e9l\u00e8ves ni\u00e7ois c\u00e9l\u00e8brent Ben&#8230; \u00e0 la Ben ce samedi 17 mai"},"content":{"rendered":"<p>Un plateau de radio fa\u00e7on France culture, un com\u00e9dien animant une vraie fausse \u00e9mission riche en rebondissements&#8230; Nul doute que Ben, fer de lance de l\u2019\u00e9cole de Nice, qui aimait tordre le cou de l\u2019art conventionnel, aurait go\u00fbt\u00e9 l\u2019hommage. Ce samedi 17 mai, \u00e0 18h, rendez-vous \u00e0 L\u2019Artistique (1) pour \u00ab\u00a0Mamac j\u2019\u00e9coute Ben\u00a0\u00bb, un \u00e9v\u00e9nement original, honorant l\u2019artiste, mort le 5 juin 2024.<\/p>\n<p>Un ring pour s\u2019affronter&#8230; \u00e0 la Ben<\/p>\n<p>Pour concocter cette soir\u00e9e, pr\u00e9sent\u00e9e lors de la Nuit des mus\u00e9es, des \u00e9l\u00e8ves du conservatoire d\u2019art dramatique de la Ville mais aussi des coll\u00e9giens et lyc\u00e9ens de Nice, Contes ou Valbonne se sont gliss\u00e9s dans l\u2019univers du plus foutraque des Ni\u00e7ois lors d\u2019ateliers, cofinanc\u00e9s par le Mus\u00e9e d\u2019art moderne et contemporain ni\u00e7ois, la Ville et l\u2019\u00c9tat. Coach\u00e9s par des com\u00e9diens de la compagnie du Dire Dire, ils pr\u00e9senteront leur travail, \u00e0 la Ben bien s\u00fbr! S\u2019affronter sur un ring en rubalise dans un pour\/contre loufoque pour refaire l\u2019une de ses performances; rejouer ses interviews; improviser une \u0153uvre plastique \u00e0 partir d\u2019un de ses aphorismes&#8230; Pr\u00e9parez-vous \u00e0 \u00eatre surpris! En prime: la pr\u00e9sence de la fille et du petit-fils de Ben et de l\u2019une des complices de cr\u00e9ation, l\u2019artiste Monique Thibaudin.<\/p>\n<p>1. 29, bd Dubouchage \u00e0 Nice. Entr\u00e9e libre.<\/p>\n","protected":false},"excerpt":{"rendered":"Un plateau de radio fa\u00e7on France culture, un com\u00e9dien animant une vraie fausse \u00e9mission riche en rebondissements&#8230; Nul&hellip;\n","protected":false},"author":2,"featured_media":105322,"comment_status":"","ping_status":"","sticky":false,"template":"","format":"standard","meta":{"footnotes":""},"categories":[2819],"tags":[1111,11,251,1777,674,1011,27,1393,12,2401,882,25,3366],"class_list":{"0":"post-105321","1":"post","2":"type-post","3":"status-publish","4":"format-standard","5":"has-post-thumbnail","7":"category-nice","8":"tag-actu","9":"tag-actualites","10":"tag-culture","11":"tag-eu","12":"tag-europe","13":"tag-fr","14":"tag-france","15":"tag-loisirs","16":"tag-news","17":"tag-nice","18":"tag-provence-alpes-cote-dazur","19":"tag-republique-francaise","20":"tag-vie-locale"},"share_on_mastodon":{"url":"https:\/\/pubeurope.com\/@fr\/114519512449502342","error":""},"_links":{"self":[{"href":"https:\/\/www.europesays.com\/fr\/wp-json\/wp\/v2\/posts\/105321","targetHints":{"allow":["GET"]}}],"collection":[{"href":"https:\/\/www.europesays.com\/fr\/wp-json\/wp\/v2\/posts"}],"about":[{"href":"https:\/\/www.europesays.com\/fr\/wp-json\/wp\/v2\/types\/post"}],"author":[{"embeddable":true,"href":"https:\/\/www.europesays.com\/fr\/wp-json\/wp\/v2\/users\/2"}],"replies":[{"embeddable":true,"href":"https:\/\/www.europesays.com\/fr\/wp-json\/wp\/v2\/comments?post=105321"}],"version-history":[{"count":0,"href":"https:\/\/www.europesays.com\/fr\/wp-json\/wp\/v2\/posts\/105321\/revisions"}],"wp:featuredmedia":[{"embeddable":true,"href":"https:\/\/www.europesays.com\/fr\/wp-json\/wp\/v2\/media\/105322"}],"wp:attachment":[{"href":"https:\/\/www.europesays.com\/fr\/wp-json\/wp\/v2\/media?parent=105321"}],"wp:term":[{"taxonomy":"category","embeddable":true,"href":"https:\/\/www.europesays.com\/fr\/wp-json\/wp\/v2\/categories?post=105321"},{"taxonomy":"post_tag","embeddable":true,"href":"https:\/\/www.europesays.com\/fr\/wp-json\/wp\/v2\/tags?post=105321"}],"curies":[{"name":"wp","href":"https:\/\/api.w.org\/{rel}","templated":true}]}}