{"id":105323,"date":"2025-05-16T20:57:12","date_gmt":"2025-05-16T20:57:12","guid":{"rendered":"https:\/\/www.europesays.com\/fr\/105323\/"},"modified":"2025-05-16T20:57:12","modified_gmt":"2025-05-16T20:57:12","slug":"on-sait-quelle-ecole-de-nice-accueillera-des-enfants-autistes-dans-une-nouvelle-unite-a-la-rentree","status":"publish","type":"post","link":"https:\/\/www.europesays.com\/fr\/105323\/","title":{"rendered":"On sait quelle \u00e9cole de Nice accueillera des enfants autistes dans une nouvelle unit\u00e9 \u00e0 la rentr\u00e9e"},"content":{"rendered":"<p>On conna\u00eet d\u00e9j\u00e0 les petits nouveaux de la rentr\u00e9e. Enfin, presque. Ce vendredi 13 mai, la ministre charg\u00e9e de l\u2019Autonomie et du Handicap, Charlotte Parmentier-Lecocq, s\u2019est rendue au sein du groupe scolaire Th\u00e9r\u00e8se Rom\u00e9o. Une \u00e9tape dans sa visite ni\u00e7oise &#8211; apr\u00e8s un entretien avec le pr\u00e9sident du D\u00e9partement Charles Ange Gin\u00e9sy et avant un \u00e9change \u00e0 la Maison d\u00e9partementale des personnes handicap\u00e9es &#8211; pour \u00e9voquer l\u2019inclusion \u00e0 l\u2019\u00e9cole. Vaste sujet pour lequel elle apporte une r\u00e9ponse sur-mesure au sein de la maternelle.<\/p>\n<p>\u00ab\u00a0L\u2019\u00e9cole avait candidat\u00e9 pour une unit\u00e9 externalis\u00e9e pour les enfants avec autisme mais avait eu la d\u00e9ception de ne pas avoir son dossier retenu\u00a0\u00bb, retrace la ministre qui d\u00e9signe Christian Estrosi: \u00ab\u00a0Monsieur le maire m\u2019a interpell\u00e9e sur ce sujet. Avec l\u2019Agence r\u00e9gionale de sant\u00e9 nous avons regard\u00e9 le dossier de fa\u00e7on approfondie et d\u00e9cidons de relancer l\u2019appel \u00e0 projet.\u00a0\u00bb Les travaux n\u00e9cessaires pourraient se faire \u00e0 l\u2019\u00e9t\u00e9 pour accueillir les petits apr\u00e8s les grandes vacances.<\/p>\n<p>Il s\u2019agirait ainsi de la sixi\u00e8me classe du genre dans les Alpes-Maritimes (trois unit\u00e9s maternelle dont une \u00e0 Nice, Menton et Mougins, deux \u00e9l\u00e9mentaire dont une \u00e0 Nice et Grasse). Le co\u00fbt de fonctionnement de cette structure est de 308000 euros par an. Le concept: faire entrer le m\u00e9dico-social \u00e0 l\u2019\u00e9cole et proposer des classes avec un petit nombre d\u2019\u00e9l\u00e8ves &#8211; 7 enfants de 3 \u00e0 6 ans. \u00ab\u00a0Nous sommes dans cette d\u00e9marche de cr\u00e9ation de nouvelles solutions sur tout le territoire avec cette volont\u00e9 de diagnostiquer et accompagner le plus pr\u00e9cocement possible\u00a0\u00bb, indique la ministre qui affirme que 2000 postes d\u2019AESH (1) sont cr\u00e9\u00e9s cette ann\u00e9e en France.<\/p>\n<p>\u00c0 l\u2019annonce de cette nouvelle unit\u00e9, les repr\u00e9sentants de l\u2019association ni\u00e7oise Ma place \u00e0 moi &#8211; qui soutient 300 familles cr\u00e9ation d\u2019un service sp\u00e9cialis\u00e9 \u00e0 domicile pour personnes en situation de handicap &#8211; opine du chef. \u00ab\u00a0Bien souvent le parent arr\u00eate de travailler pour partager son temps entre l\u2019\u00e9cole et les diff\u00e9rents rendez-vous au long de la journ\u00e9e. Avoir une prise en charge \u00e0 l\u2019\u00e9cole permet de pouvoir \u00e0 nouveau travailler par exemple\u00a0\u00bb, indiquent Sabine Remmerie et C\u00e9dric Maillot-Juillet en appelant de leurs v\u0153ux le d\u00e9veloppement du parcours tout au long de la scolarit\u00e9. \u00ab\u00a0On assiste \u00e0 des progr\u00e8s\u00a0\u00bb, se f\u00e9licitent Alexis Leclaire et Coline Gil du Groupe d\u2019entraide mutuel des Alpes-Maritimes pour personnes autistes (Gema 06). \u00c9videmment, ce n\u2019est pas une fin en soi. Les axes de travail sont nombreux. \u00ab\u00a0Nous cherchons des fonds pour monter un p\u00f4le sensibilisation\u00a0\u00bb, indiquent les r\u00e9f\u00e9rents: \u00ab\u00a0L\u2019id\u00e9e est de donner des formations aux professionnels de diff\u00e9rents secteurs sur l\u2019autisme par\u2026 des personnes autistes.\u00a0\u00bb Les b\u00e9n\u00e9voles ont d\u00e9j\u00e0 d\u00e9but\u00e9 l\u2019action notamment avec la police municipale et aupr\u00e8s d\u2019enseignants. Ils ont besoin de soutien pour aller plus loin.<\/p>\n<p>1. Accompagnant des \u00e9l\u00e8ves en situation de handicap.<\/p>\n","protected":false},"excerpt":{"rendered":"On conna\u00eet d\u00e9j\u00e0 les petits nouveaux de la rentr\u00e9e. Enfin, presque. Ce vendredi 13 mai, la ministre charg\u00e9e&hellip;\n","protected":false},"author":2,"featured_media":105324,"comment_status":"","ping_status":"","sticky":false,"template":"","format":"standard","meta":{"footnotes":""},"categories":[2819],"tags":[1111,11,1057,1777,674,332,1011,27,12,2401,882,25],"class_list":{"0":"post-105323","1":"post","2":"type-post","3":"status-publish","4":"format-standard","5":"has-post-thumbnail","7":"category-nice","8":"tag-actu","9":"tag-actualites","10":"tag-education","11":"tag-eu","12":"tag-europe","13":"tag-faits-de-societe","14":"tag-fr","15":"tag-france","16":"tag-news","17":"tag-nice","18":"tag-provence-alpes-cote-dazur","19":"tag-republique-francaise"},"share_on_mastodon":{"url":"https:\/\/pubeurope.com\/@fr\/114519516418515921","error":""},"_links":{"self":[{"href":"https:\/\/www.europesays.com\/fr\/wp-json\/wp\/v2\/posts\/105323","targetHints":{"allow":["GET"]}}],"collection":[{"href":"https:\/\/www.europesays.com\/fr\/wp-json\/wp\/v2\/posts"}],"about":[{"href":"https:\/\/www.europesays.com\/fr\/wp-json\/wp\/v2\/types\/post"}],"author":[{"embeddable":true,"href":"https:\/\/www.europesays.com\/fr\/wp-json\/wp\/v2\/users\/2"}],"replies":[{"embeddable":true,"href":"https:\/\/www.europesays.com\/fr\/wp-json\/wp\/v2\/comments?post=105323"}],"version-history":[{"count":0,"href":"https:\/\/www.europesays.com\/fr\/wp-json\/wp\/v2\/posts\/105323\/revisions"}],"wp:featuredmedia":[{"embeddable":true,"href":"https:\/\/www.europesays.com\/fr\/wp-json\/wp\/v2\/media\/105324"}],"wp:attachment":[{"href":"https:\/\/www.europesays.com\/fr\/wp-json\/wp\/v2\/media?parent=105323"}],"wp:term":[{"taxonomy":"category","embeddable":true,"href":"https:\/\/www.europesays.com\/fr\/wp-json\/wp\/v2\/categories?post=105323"},{"taxonomy":"post_tag","embeddable":true,"href":"https:\/\/www.europesays.com\/fr\/wp-json\/wp\/v2\/tags?post=105323"}],"curies":[{"name":"wp","href":"https:\/\/api.w.org\/{rel}","templated":true}]}}