{"id":1053232,"date":"2026-07-09T08:36:30","date_gmt":"2026-07-09T08:36:30","guid":{"rendered":"https:\/\/www.europesays.com\/fr\/1053232\/"},"modified":"2026-07-09T08:36:30","modified_gmt":"2026-07-09T08:36:30","slug":"whitewall-aux-rencontres-darles-2026-les-photographes-recherchent-des-produits-tres-personnalises","status":"publish","type":"post","link":"https:\/\/www.europesays.com\/fr\/1053232\/","title":{"rendered":"WhiteWall aux Rencontres d&rsquo;Arles 2026 : \u00ab\u00a0Les photographes recherchent des produits tr\u00e8s personnalis\u00e9s\u00a0\u00bb"},"content":{"rendered":"<p>Sponsoris\u00e9<\/p>\n<p>Labo d\u2019impression photo haut de gamme, <strong>WhiteWall<\/strong> accompagne les <strong><a href=\"https:\/\/phototrend.fr\/2026\/06\/rencontres-arles-2026\/\" rel=\"nofollow noopener\" target=\"_blank\">Rencontres d\u2019Arles<\/a><\/strong> pour la cinqui\u00e8me ann\u00e9e cons\u00e9cutive. En 2026, la marque produit notamment les <strong>tirages de l\u2019exposition collective internationale \u00ab Worlds in View \u00bb<\/strong>, pr\u00e9sent\u00e9e \u00e0 la galerie Les Murs Blancs et dont le titre reprend le th\u00e8me officiel de cette \u00e9dition du festival.<\/p>\n<p>L\u2019occasion de faire le point avec <strong>Anne-Claire Deveaud<\/strong>, International Project Manager chez WhiteWall, sur le positionnement du labo, ses <strong>services pour les photographes<\/strong> et les sp\u00e9cificit\u00e9s du march\u00e9 fran\u00e7ais. Place \u00e0 l\u2019interview.<\/p>\n<p><img decoding=\"async\" width=\"640\" height=\"640\" loading=\"lazy\" src=\"https:\/\/www.europesays.com\/fr\/wp-content\/uploads\/2026\/07\/anne-claire-deveaud.jpg\" alt=\"\" class=\"wp-image-277953\"  \/>Anne-Claire Deveaud, International Project Manager chez WhiteWall<\/p>\n<p>Comment situez-vous WhiteWall sur le march\u00e9 fran\u00e7ais de l\u2019impression photo haut de gamme aujourd\u2019hui, et quelles \u00e9volutions observez-vous dans les attentes des photographes et des collectionneurs ?<\/p>\n<p>WhiteWall s\u2019est impos\u00e9 comme une r\u00e9f\u00e9rence de l\u2019impression photo haut de gamme en France gr\u00e2ce \u00e0 la combinaison de technologies de pointe et d\u2019un savoir-faire artisanal avec des mat\u00e9riaux de grande qualit\u00e9. Nous proposons une v\u00e9ritable solution cl\u00e9 en main aux photographes, notamment gr\u00e2ce \u00e0 notre int\u00e9gration Shopify, qui leur permet de vendre leurs \u0153uvres en ligne tout en nous confiant la production et la logistique.<\/p>\n<p>Nous accordons \u00e9galement une grande importance \u00e0 la proximit\u00e9 avec nos clients. Nos \u00e9quipes sont disponibles pour des rendez-vous en visio afin de conseiller les photographes sur les mat\u00e9riaux, les finitions ou les solutions d\u2019encadrement les plus adapt\u00e9es \u00e0 leurs projets.<\/p>\n<blockquote class=\"wp-block-quote has-large-font-size is-layout-flow wp-block-quote-is-layout-flow\">\n<p>WhiteWall s\u2019est impos\u00e9 comme une r\u00e9f\u00e9rence de l\u2019impression photo haut de gamme en France.<\/p>\n<\/blockquote>\n<p>Depuis quelques ann\u00e9es, nous constatons une demande croissante pour des r\u00e9alisations sur mesure. Les photographes comme les collectionneurs recherchent des produits tr\u00e8s personnalis\u00e9s, capables de mettre en valeur chaque image tout en r\u00e9pondant \u00e0 des exigences de qualit\u00e9 et de format toujours plus \u00e9lev\u00e9es.<\/p>\n<p>WhiteWall accompagne les Rencontres d\u2019Arles pour la cinqui\u00e8me ann\u00e9e cons\u00e9cutive. Qu\u2019est-ce que ce partenariat apporte \u00e0 la marque, et comment choisissez-vous les projets \u00e0 accompagner ?<\/p>\n<p>Les Rencontres d\u2019Arles constituent un rendez-vous incontournable de la photographie internationale. \u00catre pr\u00e9sent pour la cinqui\u00e8me ann\u00e9e cons\u00e9cutive est donc une \u00e9vidence pour WhiteWall.<\/p>\n<p>Nous entretenons depuis longtemps des relations \u00e9troites avec plusieurs partenaires pr\u00e9sents \u00e0 Arles, comme <a href=\"https:\/\/www.whitewall.com\/fr\/magazine\/evenements\/profifoto-new-talent-award\" rel=\"nofollow noopener\" target=\"_blank\">ProfiFoto<\/a> ou le collectif <a href=\"https:\/\/www.fotoparisberlin.com\" rel=\"nofollow noopener\" target=\"_blank\">ParisBerlin Fotogroup<\/a> avec son projet FOTOHAUS. Quant \u00e0 <a href=\"https:\/\/www.alanschaller.com\" rel=\"nofollow noopener\" target=\"_blank\">Alan Schaller<\/a>, notre collaboration remonte au lancement de <a href=\"https:\/\/www.irysphotos.com\" rel=\"nofollow noopener\" target=\"_blank\">son application Irys<\/a>, que nous avons soutenue d\u00e8s ses d\u00e9buts.<\/p>\n<p><img decoding=\"async\" width=\"1400\" height=\"933\" loading=\"lazy\" src=\"https:\/\/www.europesays.com\/fr\/wp-content\/uploads\/2026\/07\/whitewall-x-irys-app-whitewall.jpg\" alt=\"\" class=\"wp-image-277949\"  \/>L\u2019application Irys, r\u00e9seau social pour les photographes<\/p>\n<p>Ce partenariat nous permet avant tout de pr\u00e9senter concr\u00e8tement notre savoir-faire aupr\u00e8s d\u2019un public compos\u00e9 de photographes, de galeristes et d\u2019amateurs de photographie. C\u2019est l\u2019occasion de montrer \u00e0 de nombreux visiteurs la qualit\u00e9 de nos impressions et de nos encadrements dans un contexte d\u2019exposition.<\/p>\n<p><img decoding=\"async\" width=\"2500\" height=\"1841\" loading=\"lazy\" src=\"https:\/\/www.europesays.com\/fr\/wp-content\/uploads\/2026\/07\/whitewall-x-alan-schaller_-fine-art-print-passepartout-frame_motif-by-alan-schaller_life-reimagined-.jpeg\" alt=\"\" class=\"wp-image-277948\"  \/>Alan Schaller, Life Reimagined, imprim\u00e9 par WhiteWall \u00a9 Alan Schaller<\/p>\n<p>C\u2019est \u00e9galement l\u2019occasion d\u2019\u00e9changer directement avec nos clients. Notre experte WhiteWall, Vivien Liskovsky, est pr\u00e9sente sur place tout au long de la semaine d\u2019ouverture afin d\u2019animer un workshop et de rencontrer des artistes particuli\u00e8rement int\u00e9ress\u00e9s par les mat\u00e9riaux et les techniques d\u2019impression.<\/p>\n<p>De mani\u00e8re g\u00e9n\u00e9rale, nous s\u00e9lectionnons les projets en fonction de leur qualit\u00e9 artistique, de leur rayonnement international et de leur capacit\u00e9 \u00e0 mettre en valeur le travail des photographes.<\/p>\n<p>Pour une exposition comme \u00ab Worlds in View \u00bb, comment vous organisez-vous pour produire des tirages Fine Art d\u2019une telle diversit\u00e9 d\u2019\u0153uvres et de formats ?<\/p>\n<p>Ce type de projet illustre parfaitement la capacit\u00e9 de production de WhiteWall. Nous sommes en mesure de g\u00e9rer simultan\u00e9ment un grand nombre de commandes exigeantes, avec des formats, des supports et des finitions tr\u00e8s vari\u00e9s, tout en garantissant une qualit\u00e9 constante.<\/p>\n<p><img decoding=\"async\" width=\"1946\" height=\"1433\" loading=\"lazy\" src=\"https:\/\/www.europesays.com\/fr\/wp-content\/uploads\/2026\/07\/whitewall-x-profifoto-fine-art-print-motif-by-thibault-belouiswhitewall-1.jpg\" alt=\"\" class=\"wp-image-277954\"  \/>WhiteWall x ProfiFoto Fine Art Print motif \u00a9 Thibault Belouis<\/p>\n<p>Nous proposons \u00e9galement un tr\u00e8s large choix de papiers Fine Art et de mat\u00e9riaux, ce qui permet d\u2019adapter chaque tirage \u00e0 l\u2019intention artistique de son auteur.<\/p>\n<p>Une exposition collective repr\u00e9sente un d\u00e9fi particulier, car chaque photographe poss\u00e8de son propre univers visuel. Notre r\u00f4le est de respecter cette diversit\u00e9 tout en assurant une coh\u00e9rence de qualit\u00e9 sur l\u2019ensemble de l\u2019exposition, et d\u2019accompagner les artistes dans le choix du papier et du support les plus appropri\u00e9s \u00e0 leur projet.<\/p>\n<blockquote class=\"wp-block-quote is-layout-flow wp-block-quote-is-layout-flow\">\n<p class=\"has-large-font-size\">Une exposition collective repr\u00e9sente un d\u00e9fi particulier, car chaque photographe poss\u00e8de son propre univers visuel.<\/p>\n<\/blockquote>\n<p>Quelles sont les exigences sp\u00e9cifiques d\u2019un projet d\u2019exposition par rapport \u00e0 une commande grand public ?<\/p>\n<p>Une exposition n\u00e9cessite une pr\u00e9paration particuli\u00e8rement minutieuse. Les \u00e9changes avec les artistes ou les commissaires commencent bien en amont afin de d\u00e9finir les meilleurs mat\u00e9riaux, les dimensions et les finitions les plus adapt\u00e9es.<\/p>\n<p><img decoding=\"async\" width=\"2144\" height=\"1355\" loading=\"lazy\" src=\"https:\/\/www.europesays.com\/fr\/wp-content\/uploads\/2026\/07\/whitewall-x-fotohaus_fine-art-prints-on-alu-dibond-motif-by-martin-liebscher-whitewall-1.jpg\" alt=\"\" class=\"wp-image-277955\"  \/>WhiteWall x Fotohaus, Fine Art Prints sur Alu Dibond motif \u00a9 Martin Liebscher<\/p>\n<p>Nos experts accompagnent chaque projet pour s\u2019assurer que le rendu final corresponde parfaitement aux intentions artistiques. Nous prenons \u00e9galement en compte les conditions d\u2019exposition, notamment la luminosit\u00e9 des espaces, afin d\u2019optimiser le choix des papiers, des verres ou des supports.<\/p>\n<p>Chaque d\u00e9tail compte lorsqu\u2019une \u0153uvre est destin\u00e9e \u00e0 \u00eatre expos\u00e9e au public.<\/p>\n<p>Concr\u00e8tement, qu\u2019est-ce que l\u2019int\u00e9gration Shopify (qui a permis \u00e0 WhiteWall de remporter un prix aux <a href=\"https:\/\/phototrend.fr\/2026\/04\/tipa-awards-2026\/\" rel=\"nofollow noopener\" target=\"_blank\">TIPA Awards 2026<\/a>) change pour un photographe qui vend ses \u0153uvres en ligne ?<\/p>\n<p>L\u2019int\u00e9gration Shopify simplifie consid\u00e9rablement le quotidien des photographes. Une fois leur boutique connect\u00e9e \u00e0 WhiteWall, toute la partie production, emballage et exp\u00e9dition est automatis\u00e9e.<\/p>\n<p>Le photographe peut ainsi consacrer davantage de temps \u00e0 la cr\u00e9ation et au d\u00e9veloppement de son activit\u00e9, sans avoir \u00e0 g\u00e9rer les contraintes logistiques.<\/p>\n<p>Cette solution facilite \u00e9galement la vente \u00e0 l\u2019international, puisque WhiteWall est capable de produire et de livrer des tirages et tableaux dans de tr\u00e8s nombreux pays tout en garantissant le m\u00eame niveau de qualit\u00e9.<\/p>\n<p>Au-del\u00e0 de Shopify, quelles autres briques technologiques d\u00e9veloppez-vous ?<\/p>\n<p>L\u2019innovation est au c\u0153ur de notre d\u00e9veloppement. Au-del\u00e0 de Shopify, nous travaillons en permanence sur des outils destin\u00e9s \u00e0 simplifier le parcours client.<\/p>\n<p>Par exemple, notre configurateur en ligne permet de concevoir facilement un mur de photos harmonieux en combinant diff\u00e9rents formats, mat\u00e9riaux et encadrements. Les clients peuvent ainsi visualiser des compositions compl\u00e8tes avant de passer commande.<\/p>\n<p><img decoding=\"async\" width=\"1400\" height=\"940\" loading=\"lazy\" src=\"https:\/\/www.europesays.com\/fr\/wp-content\/uploads\/2026\/07\/whitewall-mur-formats-1400x940.jpg\" alt=\"\" class=\"wp-image-277964\"  \/>Le configurateur en ligne permet de cr\u00e9er facilement un mur de photos en combinant formats, mat\u00e9riaux et encadrements<\/p>\n<p>Notre objectif est d\u2019automatiser autant que possible les \u00e9tapes techniques tout en conservant le niveau de qualit\u00e9 qui fait la r\u00e9putation de WhiteWall.<\/p>\n<p><img decoding=\"async\" width=\"1400\" height=\"936\" loading=\"lazy\" src=\"https:\/\/www.europesays.com\/fr\/wp-content\/uploads\/2026\/07\/whitewall-frame-finder-powered-by-ai-1400x936.jpg\" alt=\"\" class=\"wp-image-277965\"  \/>La fonction \u00ab\u00a0Frame Finder\u00a0\u00bb de WhiteWall qui permet d\u2019analyser l\u2019image pour proposer les encadrements les mieux adapt\u00e9s \u00e0 la photo<\/p>\n<p>Quelles sont les sp\u00e9cificit\u00e9s du march\u00e9 fran\u00e7ais, et comment s\u2019articule-t-il avec votre dimension internationale ?<\/p>\n<p>Le march\u00e9 fran\u00e7ais se distingue par une forte sensibilit\u00e9 \u00e0 la photographie d\u2019auteur, \u00e0 la qualit\u00e9 des mat\u00e9riaux et au savoir-faire artisanal. Les clients fran\u00e7ais sont particuli\u00e8rement attentifs aux finitions et recherchent souvent des solutions tr\u00e8s personnalis\u00e9es.<\/p>\n<blockquote class=\"wp-block-quote is-layout-flow wp-block-quote-is-layout-flow\">\n<p class=\"has-large-font-size\">Le march\u00e9 fran\u00e7ais se distingue par une forte sensibilit\u00e9 \u00e0 la photographie d\u2019auteur.<\/p>\n<p>Voir aussi<\/p>\n<p><a href=\"https:\/\/phototrend.fr\/2026\/06\/pastille-rouge-leica-proprietaire\/\" class=\"mask-img\" title=\"Phototrend Leica Entreprises 02450\" rel=\"nofollow noopener\" target=\"_blank\"><img decoding=\"async\" width=\"100\" height=\"100\" src=\"https:\/\/www.europesays.com\/fr\/wp-content\/uploads\/2026\/07\/phototrend_leica_entreprises-02450-100x100.jpg\" class=\"attachment-thumbnail size-thumbnail zeen-lazy-load-base zeen-lazy-load  wp-post-image\" alt=\"\"   loading=\"lazy\"\/><\/a>\n<\/p><\/blockquote>\n<p>L\u2019appartenance \u00e0 un groupe international [WhiteWall a \u00e9t\u00e9 <a href=\"https:\/\/phototrend.fr\/2019\/07\/cewe-acquisition-whitewall\/\" rel=\"nofollow noopener\" target=\"_blank\">rachet\u00e9 par le groupe CEWE<\/a> en 2019, NDLR] nous permet de partager les meilleures pratiques entre les diff\u00e9rents march\u00e9s. Certaines innovations sont d\u00e9velopp\u00e9es \u00e0 l\u2019\u00e9chelle du groupe avant d\u2019\u00eatre adapt\u00e9es localement, tandis que les retours des march\u00e9s nationaux, dont la France, nourrissent \u00e9galement l\u2019\u00e9volution de nos services.<\/p>\n<p>Cette approche nous permet de proposer une offre coh\u00e9rente \u00e0 l\u2019international tout en restant proches des attentes sp\u00e9cifiques de chaque march\u00e9.<\/p>\n<p>Au-del\u00e0 d\u2019Arles, avec quels autres \u00e9v\u00e9nements ou institutions collaborez-vous ?<\/p>\n<p>Nous privil\u00e9gions aujourd\u2019hui une strat\u00e9gie fond\u00e9e sur quelques partenariats solides et durables plut\u00f4t qu\u2019une multiplication des collaborations.<\/p>\n<p>Nous accompagnons depuis de nombreuses ann\u00e9es diff\u00e9rents projets et institutions, notamment les <a href=\"https:\/\/www.deichtorhallen.de\/de\" rel=\"nofollow noopener\" target=\"_blank\">Deichtorhallen<\/a>, le r\u00e9put\u00e9 mus\u00e9e d\u2019art moderne de Hambourg, ainsi que plusieurs initiatives pr\u00e9sent\u00e9es dans le cadre du festival Horizonte de Zingst, en Allemagne.<\/p>\n<p>Cette approche nous permet de construire de v\u00e9ritables relations de confiance avec nos partenaires et d\u2019accompagner des projets qui refl\u00e8tent pleinement les valeurs de WhiteWall : excellence, innovation et passion pour la photographie.<\/p>\n<p>Comment d\u00e9cririez-vous la typologie des clients WhiteWall en France aujourd\u2019hui ?<\/p>\n<p>Notre client\u00e8le est tr\u00e8s diversifi\u00e9e et se r\u00e9partit de mani\u00e8re relativement \u00e9quilibr\u00e9e entre professionnels et particuliers.<\/p>\n<p>C\u00f4t\u00e9 professionnel, nous accompagnons aussi bien des photographes ind\u00e9pendants, des artistes, des galeries et des entreprises que des architectes ou d\u00e9corateurs d\u2019int\u00e9rieur intervenant sur des projets priv\u00e9s ou publics.<\/p>\n<p>Du c\u00f4t\u00e9 des particuliers, nous retrouvons des photographes amateurs exigeants, mais aussi des passionn\u00e9s d\u2019art, de photographie et de design qui recherchent des solutions haut de gamme pour mettre en valeur leurs images. Cette diversit\u00e9 constitue l\u2019une des forces de WhiteWall.<\/p>\n<p>Quels sont les grands chantiers et lancements \u00e0 venir pour WhiteWall en France ?<\/p>\n<p>Nous poursuivons plusieurs axes de d\u00e9veloppement. Nous continuerons d\u2019enrichir nos outils num\u00e9riques, notamment autour de la configuration des tirages, afin de rendre la cr\u00e9ation et la commande de tableaux encore plus intuitives.<\/p>\n<p><img decoding=\"async\" width=\"1200\" height=\"876\" loading=\"lazy\" src=\"https:\/\/www.europesays.com\/fr\/wp-content\/uploads\/2026\/07\/whitewall-editor.jpg\" alt=\"\" class=\"wp-image-241948\"  \/><\/p>\n<p>Nous souhaitons \u00e9galement faciliter davantage le parcours client, depuis la s\u00e9lection des mat\u00e9riaux jusqu\u2019\u00e0 la commande finale.<\/p>\n<p>Enfin, nous allons poursuivre nos efforts de p\u00e9dagogie autour de nos produits et de nos diff\u00e9rents mat\u00e9riaux, afin d\u2019aider les photographes comme les particuliers \u00e0 choisir les solutions les plus adapt\u00e9es \u00e0 leurs projets. <\/p>\n<p>Plus largement, nous continuerons \u00e0 renforcer la notori\u00e9t\u00e9 de WhiteWall en France en mettant en avant ce qui fait notre diff\u00e9rence : la qualit\u00e9 de nos tirages, notre expertise et notre accompagnement personnalis\u00e9.<\/p>\n<p><strong>Contenu r\u00e9alis\u00e9 en collaboration avec WhiteWall<br \/><\/strong>Il s\u2019agit d\u2019un contenu original cr\u00e9\u00e9 par Phototrend avec nos crit\u00e8res de qualit\u00e9 pour pr\u00e9senter les actualit\u00e9s de WhiteWall.<\/p>\n","protected":false},"excerpt":{"rendered":"Sponsoris\u00e9 Labo d\u2019impression photo haut de gamme, WhiteWall accompagne les Rencontres d\u2019Arles pour la cinqui\u00e8me ann\u00e9e cons\u00e9cutive. En&hellip;\n","protected":false},"author":2,"featured_media":1053233,"comment_status":"","ping_status":"","sticky":false,"template":"","format":"standard","meta":{"footnotes":"","_share_on_mastodon":"0"},"categories":[1358],"tags":[109325,109326,1348,1384,1385,1386,58,59,11615,1011,27,109327,2173,35279,109328,109329],"class_list":["post-1053232","post","type-post","status-publish","format-standard","has-post-thumbnail","category-arts-et-design","tag-alan-schaller","tag-anne-claire-deveaud","tag-arts","tag-arts-and-design","tag-arts-et-design","tag-design","tag-divertissement","tag-entertainment","tag-featured","tag-fr","tag-france","tag-impression-photo","tag-interview","tag-rencontres-darles","tag-tirage-fine-art","tag-whitewall"],"share_on_mastodon":{"url":"https:\/\/pubeurope.com\/@fr\/116889112898030633","error":""},"_links":{"self":[{"href":"https:\/\/www.europesays.com\/fr\/wp-json\/wp\/v2\/posts\/1053232","targetHints":{"allow":["GET"]}}],"collection":[{"href":"https:\/\/www.europesays.com\/fr\/wp-json\/wp\/v2\/posts"}],"about":[{"href":"https:\/\/www.europesays.com\/fr\/wp-json\/wp\/v2\/types\/post"}],"author":[{"embeddable":true,"href":"https:\/\/www.europesays.com\/fr\/wp-json\/wp\/v2\/users\/2"}],"replies":[{"embeddable":true,"href":"https:\/\/www.europesays.com\/fr\/wp-json\/wp\/v2\/comments?post=1053232"}],"version-history":[{"count":0,"href":"https:\/\/www.europesays.com\/fr\/wp-json\/wp\/v2\/posts\/1053232\/revisions"}],"wp:featuredmedia":[{"embeddable":true,"href":"https:\/\/www.europesays.com\/fr\/wp-json\/wp\/v2\/media\/1053233"}],"wp:attachment":[{"href":"https:\/\/www.europesays.com\/fr\/wp-json\/wp\/v2\/media?parent=1053232"}],"wp:term":[{"taxonomy":"category","embeddable":true,"href":"https:\/\/www.europesays.com\/fr\/wp-json\/wp\/v2\/categories?post=1053232"},{"taxonomy":"post_tag","embeddable":true,"href":"https:\/\/www.europesays.com\/fr\/wp-json\/wp\/v2\/tags?post=1053232"}],"curies":[{"name":"wp","href":"https:\/\/api.w.org\/{rel}","templated":true}]}}