{"id":105329,"date":"2025-05-16T21:00:18","date_gmt":"2025-05-16T21:00:18","guid":{"rendered":"https:\/\/www.europesays.com\/fr\/105329\/"},"modified":"2025-05-16T21:00:18","modified_gmt":"2025-05-16T21:00:18","slug":"a-bordeaux-decathlon-ouvre-un-concept-store-unique","status":"publish","type":"post","link":"https:\/\/www.europesays.com\/fr\/105329\/","title":{"rendered":"\u00e0 Bordeaux, Decathlon ouvre un concept store unique"},"content":{"rendered":"<p>            Par<br \/>\n        <strong><br \/>\n            <a href=\"https:\/\/actu.fr\/auteur\/aurelien-cardot\" title=\"Consulter tous les articles de Aurelien Cardot\" rel=\"nofollow noopener\" target=\"_blank\">Aurelien Cardot<\/a><br \/>\n        <\/strong><\/p>\n<p>        Publi\u00e9 le<\/p>\n<p>            16 mai 2025 \u00e0 14h18        <\/p>\n<p>C\u2019est une <strong>premi\u00e8re mondiale<\/strong>, et elle a lieu \u00e0 <a href=\"http:\/\/actu.fr\/bordeaux\" rel=\"nofollow noopener\" target=\"_blank\">Bordeaux<\/a>. Le g\u00e9ant du sport Decathlon lance ici son tout premier magasin <strong>enti\u00e8rement d\u00e9di\u00e9 au running<\/strong>.<\/p>\n<p class=\" wall-content\">Baptis\u00e9 <strong>Decathlon Running<\/strong>, ce nouveau concept store a ouvert ses portes le 14 mai 2025, \u00e0 la Promenade Sainte-Catherine. Il s\u2019adresse aux passionn\u00e9s de course \u00e0 pied exigeants, en qu\u00eate de conseils personnalis\u00e9s et d\u2019\u00e9quipements techniques.<\/p>\n<p>Des suivis personnalis\u00e9s<\/p>\n<p class=\" wall-content\">Le <a href=\"https:\/\/actu.fr\/tag\/commerce\" rel=\"nofollow noopener\" target=\"_blank\">magasin<\/a> propose plus de 120 mod\u00e8les de chaussures, du textile technique, de la nutrition, de l\u2019\u00e9lectronique, et surtout <strong>des services in\u00e9dits<\/strong> comme l\u2019analyse de foul\u00e9e en magasin ou la prise de rendez-vous avec un expert running. L\u2019objectif : proposer un <strong>accompagnement pr\u00e9cis<\/strong>, adapt\u00e9 \u00e0 chaque type de coureur.<\/p>\n<p class=\" wall-content\">Le projet, n\u00e9 d\u2019une collaboration entre Kiprun, le Retail Lab et les \u00e9quipes locales, a n\u00e9cessit\u00e9 <strong>deux ans de d\u00e9veloppement<\/strong>. Bordeaux servira de test grandeur nature pour ce nouveau format, qui pourrait \u00eatre d\u00e9ploy\u00e9 ailleurs en cas de succ\u00e8s.<\/p>\n<p>Decathlon running, Promenade Sainte-Catherine \u00e0 Bordeaux. Ouvert de 10h \u00e0 19h30 du lundi au samedi, et de 13h \u00e0 19h le dimanche.<\/p>\n<p>Vid\u00e9os : en ce moment sur Actu<\/p>\n<p class=\" wall-content\">Suivez toute l\u2019actualit\u00e9 de vos villes et m\u00e9dias favoris en vous inscrivant \u00e0 <a href=\"https:\/\/moncompte.actu.fr\" title=\"D\u00e9couvez Mon Actu\" rel=\"nofollow noopener\" data-trk=\"{&quot;cta&quot;:{&quot;action&quot;:&quot;https:\\\/\\\/moncompte.actu.fr&quot;,&quot;category&quot;:&quot;mon compte&quot;,&quot;from&quot;:&quot;article footer&quot;,&quot;name&quot;:&quot;Mon actu&quot;,&quot;type&quot;:&quot;cta&quot;}}\" target=\"_blank\">Mon Actu<\/a>.<\/p>\n","protected":false},"excerpt":{"rendered":"Par Aurelien Cardot Publi\u00e9 le 16 mai 2025 \u00e0 14h18 C\u2019est une premi\u00e8re mondiale, et elle a lieu&hellip;\n","protected":false},"author":2,"featured_media":105330,"comment_status":"","ping_status":"","sticky":false,"template":"","format":"standard","meta":{"footnotes":""},"categories":[2817],"tags":[1111,11,1997,215,7200,1777,674,1011,27,12,2219,25,104,517],"class_list":{"0":"post-105329","1":"post","2":"type-post","3":"status-publish","4":"format-standard","5":"has-post-thumbnail","7":"category-bordeaux","8":"tag-actu","9":"tag-actualites","10":"tag-bordeaux","11":"tag-commerce","12":"tag-decathlon","13":"tag-eu","14":"tag-europe","15":"tag-fr","16":"tag-france","17":"tag-news","18":"tag-nouvelle-aquitaine","19":"tag-republique-francaise","20":"tag-societe","21":"tag-sport"},"share_on_mastodon":{"url":"https:\/\/pubeurope.com\/@fr\/114519528135271282","error":""},"_links":{"self":[{"href":"https:\/\/www.europesays.com\/fr\/wp-json\/wp\/v2\/posts\/105329","targetHints":{"allow":["GET"]}}],"collection":[{"href":"https:\/\/www.europesays.com\/fr\/wp-json\/wp\/v2\/posts"}],"about":[{"href":"https:\/\/www.europesays.com\/fr\/wp-json\/wp\/v2\/types\/post"}],"author":[{"embeddable":true,"href":"https:\/\/www.europesays.com\/fr\/wp-json\/wp\/v2\/users\/2"}],"replies":[{"embeddable":true,"href":"https:\/\/www.europesays.com\/fr\/wp-json\/wp\/v2\/comments?post=105329"}],"version-history":[{"count":0,"href":"https:\/\/www.europesays.com\/fr\/wp-json\/wp\/v2\/posts\/105329\/revisions"}],"wp:featuredmedia":[{"embeddable":true,"href":"https:\/\/www.europesays.com\/fr\/wp-json\/wp\/v2\/media\/105330"}],"wp:attachment":[{"href":"https:\/\/www.europesays.com\/fr\/wp-json\/wp\/v2\/media?parent=105329"}],"wp:term":[{"taxonomy":"category","embeddable":true,"href":"https:\/\/www.europesays.com\/fr\/wp-json\/wp\/v2\/categories?post=105329"},{"taxonomy":"post_tag","embeddable":true,"href":"https:\/\/www.europesays.com\/fr\/wp-json\/wp\/v2\/tags?post=105329"}],"curies":[{"name":"wp","href":"https:\/\/api.w.org\/{rel}","templated":true}]}}