{"id":105339,"date":"2025-05-16T21:05:14","date_gmt":"2025-05-16T21:05:14","guid":{"rendered":"https:\/\/www.europesays.com\/fr\/105339\/"},"modified":"2025-05-16T21:05:14","modified_gmt":"2025-05-16T21:05:14","slug":"une-ligne-de-metro-paralysee-depuis-plus-de-24-heures-le-pilote-automatique-en-cause","status":"publish","type":"post","link":"https:\/\/www.europesays.com\/fr\/105339\/","title":{"rendered":"Une ligne de m\u00e9tro paralys\u00e9e depuis plus de 24 heures, le pilote automatique en cause"},"content":{"rendered":"<p><strong>EN PANNE &#8211; Depuis jeudi, la ligne 1 du m\u00e9tro de Lille est interrompue \u00e0 cause d\u2019une panne informatique li\u00e9e au nouveau syst\u00e8me de pilotage automatique. Il\u00e9via, l\u2019exploitant du r\u00e9seau, \u00e9voque une interruption \u00ab\u00a0pour une dur\u00e9e ind\u00e9termin\u00e9e\u00a0\u00bb<\/strong><\/p>\n<p>Coup dur pour les usagers du <a href=\"https:\/\/www.20minutes.fr\/dossier\/metro?at_medium=RSS%20feed&amp;at_campaign=ynews&amp;utm_source=yahoo&amp;utm_medium=rss&amp;utm_campaign=news_feed&amp;utm_content=in_article_link\" rel=\"nofollow noopener\" target=\"_blank\" data-ylk=\"slk:m\u00e9tro;elm:context_link;itc:0;sec:content-canvas\" class=\"link \">m\u00e9tro<\/a> lillois. La ligne 1 est \u00e0 l\u2019arr\u00eat total depuis jeudi midi, paralys\u00e9e par une <a href=\"https:\/\/www.20minutes.fr\/dossier\/panne?at_medium=RSS%20feed&amp;at_campaign=ynews&amp;utm_source=yahoo&amp;utm_medium=rss&amp;utm_campaign=news_feed&amp;utm_content=in_article_link\" rel=\"nofollow noopener\" target=\"_blank\" data-ylk=\"slk:panne;elm:context_link;itc:0;sec:content-canvas\" class=\"link \">panne<\/a> critique li\u00e9e \u00e0 son nouveau syst\u00e8me de pilotage automatique. \u00ab\u00a0En raison d\u2019un probl\u00e8me du r\u00e9seau informatique impactant le serveur du nouveau pilote automatique, le trafic de la ligne 1 du m\u00e9tro est actuellement interrompu sur l\u2019ensemble de la ligne\u00a0\u00bb, a expliqu\u00e9 <a href=\"https:\/\/www.20minutes.fr\/dossier\/transpole?at_medium=RSS%20feed&amp;at_campaign=ynews&amp;utm_source=yahoo&amp;utm_medium=rss&amp;utm_campaign=news_feed&amp;utm_content=in_article_link\" rel=\"nofollow noopener\" target=\"_blank\" data-ylk=\"slk:Il\u00e9via;elm:context_link;itc:0;sec:content-canvas\" class=\"link \">Il\u00e9via<\/a>, l\u2019exploitant du r\u00e9seau de <a href=\"https:\/\/www.20minutes.fr\/dossier\/transports_en_commun?at_medium=RSS%20feed&amp;at_campaign=ynews&amp;utm_source=yahoo&amp;utm_medium=rss&amp;utm_campaign=news_feed&amp;utm_content=in_article_link\" rel=\"nofollow noopener\" target=\"_blank\" data-ylk=\"slk:transport;elm:context_link;itc:0;sec:content-canvas\" class=\"link \">transport<\/a> de la m\u00e9tropole europ\u00e9enne de Lille (MEL), dans un communiqu\u00e9 diffus\u00e9 vendredi.<\/p>\n<p>Malgr\u00e9 plusieurs annonces de reprise, l\u2019op\u00e9rateur a finalement admis une interruption \u00ab\u00a0pour une dur\u00e9e ind\u00e9termin\u00e9e\u00a0\u00bb. Longue de 12,5 kilom\u00e8tres, la ligne 1 relie <a href=\"https:\/\/www.20minutes.fr\/lille\/?at_medium=RSS%20feed&amp;at_campaign=ynews&amp;utm_source=yahoo&amp;utm_medium=rss&amp;utm_campaign=news_feed&amp;utm_content=in_article_link\" rel=\"nofollow noopener\" target=\"_blank\" data-ylk=\"slk:Lille;elm:context_link;itc:0;sec:content-canvas\" class=\"link \">Lille<\/a> \u00e0 <a href=\"https:\/\/www.20minutes.fr\/dossier\/villeneuve_d_ascq?at_medium=RSS%20feed&amp;at_campaign=ynews&amp;utm_source=yahoo&amp;utm_medium=rss&amp;utm_campaign=news_feed&amp;utm_content=in_article_link\" rel=\"nofollow noopener\" target=\"_blank\" data-ylk=\"slk:Villeneuve-d\u2019Ascq;elm:context_link;itc:0;sec:content-canvas\" class=\"link \">Villeneuve-d\u2019Ascq<\/a> et transportait 60\u00a0millions de passagers en\u00a02019. Pour tenter d\u2019endiguer le chaos, Il\u00e9via a d\u00e9ploy\u00e9 24 bus relais, mais les perturbations restaient importantes vendredi, affectant le quotidien de milliers d\u2019usagers.<\/p>\n<p>Critique sur la modernisation du r\u00e9seau<\/p>\n<p>Ce nouvel incident relance les critiques sur la modernisation chaotique du r\u00e9seau. Le d\u00e9ploiement du pilote automatique, cl\u00e9 de vo\u00fbte d\u2019un vaste projet de transformation, accumule les retards et les dysfonctionnements. Ce syst\u00e8me devait accompagner, d\u2019ici\u00a02026, l\u2019allongement des rames de 26 \u00e0 52 m\u00e8tres, afin d\u2019augmenter la capacit\u00e9 du m\u00e9tro.<\/p>\n<p>Initialement confi\u00e9 en\u00a02012 \u00e0 Alstom pour 266\u00a0millions d\u2019euros, le projet devait \u00eatre livr\u00e9 en\u00a02016. Les retards r\u00e9p\u00e9t\u00e9s ont donn\u00e9 lieu \u00e0 plusieurs contentieux entre l\u2019industriel et la collectivit\u00e9. Un n(&#8230;)<\/p>\n<p><a href=\"https:\/\/www.20minutes.fr\/societe\/4153981-20250516-lille-ligne-metro-paralysee-depuis-plus-24-heures-pilote-automatique-cause?at_medium=RSS%20feed&amp;at_campaign=ynews&amp;utm_source=yahoo&amp;utm_medium=rss&amp;utm_campaign=news_feed&amp;utm_content=read_more_link&quot;\" rel=\"nofollow noopener\" target=\"_blank\" data-ylk=\"slk:Lire la suite sur 20minutes;elm:context_link;itc:0;sec:content-canvas\" class=\"link \">Lire la suite sur 20minutes<\/a><\/p>\n<p>\u00c0 lire aussi :<br \/><a href=\"https:\/\/www.20minutes.fr\/justice\/4153122-20250512-lille-apres-chute-cliente-exploitant-manege-juge?at_medium=RSS%20feed&amp;at_campaign=ynews&amp;utm_source=yahoo&amp;utm_medium=rss&amp;utm_campaign=news_feed&amp;utm_content=related_content_link\" rel=\"nofollow noopener\" target=\"_blank\" data-ylk=\"slk:Lille\u00a0: Apr\u00e8s la chute d\u2019une cliente, l\u2019exploitant d\u2019un man\u00e8ge sera jug\u00e9 en octobre;elm:context_link;itc:0;sec:content-canvas\" class=\"link \">Lille\u00a0: Apr\u00e8s la chute d\u2019une cliente, l\u2019exploitant d\u2019un man\u00e8ge sera jug\u00e9 en octobre<\/a><br \/><a href=\"https:\/\/www.20minutes.fr\/faits_divers\/faits-divers-lille\/4152742-20250510-lille-jeune-femme-grievement-blessee-apres-avoir-ejectee-manege?at_medium=RSS%20feed&amp;at_campaign=ynews&amp;utm_source=yahoo&amp;utm_medium=rss&amp;utm_campaign=news_feed&amp;utm_content=related_content_link\" rel=\"nofollow noopener\" target=\"_blank\" data-ylk=\"slk:Lille\u00a0: Une jeune femme gri\u00e8vement bless\u00e9e apr\u00e8s avoir \u00e9t\u00e9 \u00e9ject\u00e9e d\u2019un man\u00e8ge;elm:context_link;itc:0;sec:content-canvas\" class=\"link \">Lille\u00a0: Une jeune femme gri\u00e8vement bless\u00e9e apr\u00e8s avoir \u00e9t\u00e9 \u00e9ject\u00e9e d\u2019un man\u00e8ge<\/a><\/p>\n","protected":false},"excerpt":{"rendered":"EN PANNE &#8211; Depuis jeudi, la ligne 1 du m\u00e9tro de Lille est interrompue \u00e0 cause d\u2019une panne&hellip;\n","protected":false},"author":2,"featured_media":105340,"comment_status":"","ping_status":"","sticky":false,"template":"","format":"standard","meta":{"footnotes":""},"categories":[2815],"tags":[1111,11,22220,1777,674,1011,27,811,22221,1307,12,22218,25,22219,22222],"class_list":{"0":"post-105339","1":"post","2":"type-post","3":"status-publish","4":"format-standard","5":"has-post-thumbnail","7":"category-lille","8":"tag-actu","9":"tag-actualites","10":"tag-cle-de-voute","11":"tag-eu","12":"tag-europe","13":"tag-fr","14":"tag-france","15":"tag-hauts-de-france","16":"tag-ligne-1","17":"tag-lille","18":"tag-news","19":"tag-pilotage-automatique","20":"tag-republique-francaise","21":"tag-reseau-informatique","22":"tag-trafic-de-la-ligne-1-du-metro"},"share_on_mastodon":{"url":"https:\/\/pubeurope.com\/@fr\/114519547778663310","error":""},"_links":{"self":[{"href":"https:\/\/www.europesays.com\/fr\/wp-json\/wp\/v2\/posts\/105339","targetHints":{"allow":["GET"]}}],"collection":[{"href":"https:\/\/www.europesays.com\/fr\/wp-json\/wp\/v2\/posts"}],"about":[{"href":"https:\/\/www.europesays.com\/fr\/wp-json\/wp\/v2\/types\/post"}],"author":[{"embeddable":true,"href":"https:\/\/www.europesays.com\/fr\/wp-json\/wp\/v2\/users\/2"}],"replies":[{"embeddable":true,"href":"https:\/\/www.europesays.com\/fr\/wp-json\/wp\/v2\/comments?post=105339"}],"version-history":[{"count":0,"href":"https:\/\/www.europesays.com\/fr\/wp-json\/wp\/v2\/posts\/105339\/revisions"}],"wp:featuredmedia":[{"embeddable":true,"href":"https:\/\/www.europesays.com\/fr\/wp-json\/wp\/v2\/media\/105340"}],"wp:attachment":[{"href":"https:\/\/www.europesays.com\/fr\/wp-json\/wp\/v2\/media?parent=105339"}],"wp:term":[{"taxonomy":"category","embeddable":true,"href":"https:\/\/www.europesays.com\/fr\/wp-json\/wp\/v2\/categories?post=105339"},{"taxonomy":"post_tag","embeddable":true,"href":"https:\/\/www.europesays.com\/fr\/wp-json\/wp\/v2\/tags?post=105339"}],"curies":[{"name":"wp","href":"https:\/\/api.w.org\/{rel}","templated":true}]}}