{"id":1053393,"date":"2026-07-09T10:13:15","date_gmt":"2026-07-09T10:13:15","guid":{"rendered":"https:\/\/www.europesays.com\/fr\/1053393\/"},"modified":"2026-07-09T10:13:15","modified_gmt":"2026-07-09T10:13:15","slug":"sante-a-rennes-la-start-up-follow-se-fait-racheter-par-un-grand-groupe","status":"publish","type":"post","link":"https:\/\/www.europesays.com\/fr\/1053393\/","title":{"rendered":"Sant\u00e9\u00a0: \u00e0 Rennes, la start-up Follow se fait racheter par un grand groupe"},"content":{"rendered":"<p>\u00c9ditrice d\u2019un logiciel pour les m\u00e9decins sp\u00e9cialistes et les chirurgiens, la start-up Follow a un nouveau propri\u00e9taire. Le groupe parisien Orisha, sp\u00e9cialis\u00e9 dans les logiciels pour les professionnels, a mis la main sur la petite entreprise (42 salari\u00e9s), install\u00e9e entre Rennes et Nice. Les d\u00e9tails financiers de l\u2019op\u00e9ration n\u2019ont pas \u00e9t\u00e9 pr\u00e9cis\u00e9s.<\/p>\n<p>Fond\u00e9 par <a href=\"https:\/\/www.letelegramme.fr\/ille-et-vilaine\/rennes-35000\/roman-collin-on-na-pas-lobjectif-detre-rachete-3756252.php\" target=\"_blank\" rel=\"nofollow noopener\">Roman Colin<\/a> et copilot\u00e9 par Steven Kavay et Tha\u00efs Moiroud, Follow travaille avec plus de 5 000 professionnels de sant\u00e9, qui suivent plus de 15 millions de patients avec son logiciel (qui comprend plusieurs fonctions : agenda, suivi clinique, documents m\u00e9dicaux, prescription, facturation et t\u00e9l\u00e9transmission).<\/p>\n<p>Depuis sa cr\u00e9ation en 2015, la start-up a notamment lev\u00e9 des fonds aupr\u00e8s de Xavier Niel et de plus de 200 m\u00e9decins investisseurs. \u00ab Positionn\u00e9e sur un segment m\u00e9dical premium, Follow s\u2019est impos\u00e9e aupr\u00e8s de sp\u00e9cialit\u00e9s exigeantes comme l\u2019orthop\u00e9die, la neurochirurgie, l\u2019urologie ou la chirurgie digestive \u00bb, vante Orisha dans un communiqu\u00e9. Follow va rejoindre la branche sant\u00e9 du groupe, qui d\u00e9passe d\u00e9sormais 100 M\u20ac de chiffre d\u2019affaires en 2026. Steven Kavay a quant \u00e0 lui \u00e9t\u00e9 nomm\u00e9 directeur des affaires publiques et de la strat\u00e9gie du groupe.<\/p>\n<p>Un secteur du logiciel boulevers\u00e9 par l\u2019IA<\/p>\n<p>L\u2019acquisition de Follow s\u2019est faite en m\u00eame temps que deux autres, dans le domaine de la construction et de l\u2019immobilier. Orisha, qui emploie 2 500 salari\u00e9s, est \u00e9galement pr\u00e9sent dans le domaine du commerce, de la distribution et de l\u2019agri-agroalimentaire. Il vise 400 M\u20ac de chiffre d\u2019affaires en 2026 et 600 M\u20ac en 2028. L\u2019objectif : atteindre une taille critique et peser sur le march\u00e9 des logiciels sectoriels boulevers\u00e9 par les possibilit\u00e9s apport\u00e9es par l\u2019intelligence artificielle (IA). \u00ab L\u2019IA ne change pas seulement les logiciels. Elle change les r\u00e8gles du jeu du logiciel [\u2026] Dans ce nouveau monde, une conviction s\u2019impose : les logiciels leaders de demain seront ceux qui sauront conjuguer excellence m\u00e9tier, capacit\u00e9 d\u2019innovation et puissance d\u2019investissement, estime le patron d\u2019Orisha, Alexandre Fretti, sur le r\u00e9seau social <a href=\"https:\/\/www.linkedin.com\/company\/fwhealth\/posts\/?feedView=all\" target=\"_blank\" rel=\"nofollow noopener\">Linkedin<\/a>. Notre ambition est de b\u00e2tir le leader europ\u00e9en des logiciels m\u00e9tiers. \u00bb<\/p>\n","protected":false},"excerpt":{"rendered":"\u00c9ditrice d\u2019un logiciel pour les m\u00e9decins sp\u00e9cialistes et les chirurgiens, la start-up Follow a un nouveau propri\u00e9taire. Le&hellip;\n","protected":false},"author":2,"featured_media":1053394,"comment_status":"","ping_status":"","sticky":false,"template":"","format":"standard","meta":{"footnotes":"","_share_on_mastodon":"0"},"categories":[2821],"tags":[1111,11,829,33,96513,257,1777,674,1011,27,848,12,584,25,81869],"class_list":["post-1053393","post","type-post","status-publish","format-standard","has-post-thumbnail","category-rennes","tag-actu","tag-actualites","tag-bretagne","tag-economie","tag-en-continu-economie","tag-entreprise","tag-eu","tag-europe","tag-fr","tag-france","tag-ille-et-vilaine","tag-news","tag-rennes","tag-republique-francaise","tag-tech-startup"],"share_on_mastodon":{"url":"https:\/\/pubeurope.com\/@fr\/116889492400588401","error":""},"_links":{"self":[{"href":"https:\/\/www.europesays.com\/fr\/wp-json\/wp\/v2\/posts\/1053393","targetHints":{"allow":["GET"]}}],"collection":[{"href":"https:\/\/www.europesays.com\/fr\/wp-json\/wp\/v2\/posts"}],"about":[{"href":"https:\/\/www.europesays.com\/fr\/wp-json\/wp\/v2\/types\/post"}],"author":[{"embeddable":true,"href":"https:\/\/www.europesays.com\/fr\/wp-json\/wp\/v2\/users\/2"}],"replies":[{"embeddable":true,"href":"https:\/\/www.europesays.com\/fr\/wp-json\/wp\/v2\/comments?post=1053393"}],"version-history":[{"count":0,"href":"https:\/\/www.europesays.com\/fr\/wp-json\/wp\/v2\/posts\/1053393\/revisions"}],"wp:featuredmedia":[{"embeddable":true,"href":"https:\/\/www.europesays.com\/fr\/wp-json\/wp\/v2\/media\/1053394"}],"wp:attachment":[{"href":"https:\/\/www.europesays.com\/fr\/wp-json\/wp\/v2\/media?parent=1053393"}],"wp:term":[{"taxonomy":"category","embeddable":true,"href":"https:\/\/www.europesays.com\/fr\/wp-json\/wp\/v2\/categories?post=1053393"},{"taxonomy":"post_tag","embeddable":true,"href":"https:\/\/www.europesays.com\/fr\/wp-json\/wp\/v2\/tags?post=1053393"}],"curies":[{"name":"wp","href":"https:\/\/api.w.org\/{rel}","templated":true}]}}