{"id":105343,"date":"2025-05-16T21:07:10","date_gmt":"2025-05-16T21:07:10","guid":{"rendered":"https:\/\/www.europesays.com\/fr\/105343\/"},"modified":"2025-05-16T21:07:10","modified_gmt":"2025-05-16T21:07:10","slug":"a-marseille-une-statue-de-bernard-tapie-devoilee-sur-le-parvis-du-stade-velodrome","status":"publish","type":"post","link":"https:\/\/www.europesays.com\/fr\/105343\/","title":{"rendered":"\u00c0 Marseille, une statue de Bernard Tapie d\u00e9voil\u00e9e sur le parvis du stade V\u00e9lodrome"},"content":{"rendered":"<p>MARSEILLE &#8211; Alors que l\u2019Olympique de Marseille affronte Rennes ce samedi 17\u00a0mai au stade V\u00e9lodrome, pour la derni\u00e8re journ\u00e9e de <a href=\"https:\/\/fr.news.yahoo.com\/mostafa-mohamed-sanctionn%C3%A9-fc-nantes-194407291.html\" data-ylk=\"slk:Ligue 1;elm:context_link;itc:0;sec:content-canvas;outcm:mb_qualified_link;_E:mb_qualified_link;ct:story;\" class=\"link  yahoo-link\" rel=\"nofollow noopener\" target=\"_blank\">Ligue 1<\/a>, les supporters pourront d\u00e9sormais croiser une statue de <a href=\"https:\/\/www.huffingtonpost.fr\/actualites\/video\/les-5-vies-de-bernard-tapie-le-touche-a-tout-infatigable-emporte-par-le-cancer_187035.html\" rel=\"nofollow noopener\" target=\"_blank\" data-ylk=\"slk:Bernard Tapie;elm:context_link;itc:0;sec:content-canvas\" class=\"link \">Bernard Tapie<\/a>.<\/p>\n<p>Celle-ci a en effet \u00e9t\u00e9 inaugur\u00e9e ce vendredi en fin d\u2019apr\u00e8s-midi, sur l\u2019une des esplanades donnant acc\u00e8s \u00e0 l\u2019enceinte marseillaise. Sur <a href=\"https:\/\/www.lequipe.fr\/Football\/Actualites\/Prix-conception-symboles-tous-les-details-de-la-nouvelle-statue-de-bernard-tapie-au-stade-velodrome\/1562200\" rel=\"nofollow noopener\" target=\"_blank\" data-ylk=\"slk:cette \u0153uvre en bronze imposante de 4\u00a0m\u00e8tres de hauteur et 2,5\u00a0de longueur;elm:context_link;itc:0;sec:content-canvas\" class=\"link \">cette \u0153uvre en bronze imposante de 4\u00a0m\u00e8tres de hauteur et 2,5\u00a0de longueur<\/a>, r\u00e9alis\u00e9e par le sculpteur Jo\u00ebl Vergne, n\u2019y figure pas seulement l\u2019ancien patron de l\u2019OM, <a href=\"https:\/\/www.huffingtonpost.fr\/actualites\/video\/bernard-tapie-est-mort-a-l-age-de-78-ans_187262.html\" rel=\"nofollow noopener\" target=\"_blank\" data-ylk=\"slk:d\u00e9c\u00e9d\u00e9 en 2021\u00a0\u00e0 78\u00a0ans;elm:context_link;itc:0;sec:content-canvas\" class=\"link \">d\u00e9c\u00e9d\u00e9 en 2021\u00a0\u00e0 78\u00a0ans<\/a>.<\/p>\n<p>Intitul\u00e9e A jamais les premiers, l\u2019\u0153uvre repr\u00e9sente en effet Bernard Tapie port\u00e9 en triomphe par ses joueurs \u00c9ric Di M\u00e9co, Basile Boli, Didier Deschamps, Franck Sauz\u00e9e, Marcel Desailly et Fabien Barthez et brandissant le troph\u00e9e de la Ligue des champions remport\u00e9 en 1993.<\/p>\n<p><a href=\"https:\/\/fr.news.yahoo.com\/marseille-brest-dernier-salut-pape-204924056.html\" data-ylk=\"slk:Marseille-Brest\u00a0: le dernier salut du pape Fran\u00e7ois au V\u00e9lodrome avec ce tifo g\u00e9ant;elm:context_link;itc:0;sec:content-canvas;outcm:mb_qualified_link;_E:mb_qualified_link;ct:story;\" class=\"link  yahoo-link\" rel=\"nofollow noopener\" target=\"_blank\"> Marseille-Brest\u00a0: le dernier salut du pape Fran\u00e7ois au V\u00e9lodrome avec ce tifo g\u00e9ant <\/a><\/p>\n<blockquote placeholder=\"\" data-theme=\"light\" class=\"twitter-tweet\">\n<p>\ud83d\udd25 La statue de Bernard Tapie tr\u00f4ne d\u00e9sormais devant le V\u00e9lodrome !<\/p>\n<p>Au-del\u00e0 du foot, c\u2019est toute une id\u00e9e de <a href=\"https:\/\/twitter.com\/hashtag\/Marseille?src=hash&amp;ref_src=twsrc%5Etfw\" rel=\"nofollow noopener\" target=\"_blank\" data-ylk=\"slk:#Marseille;elm:context_link;itc:0;sec:content-canvas\" class=\"link \">#Marseille<\/a> qu\u2019on honore : populaire, combative, indomptable.<\/p>\n<p>\u2014 Une ville qui n\u2019oublie pas ses figures ! <a href=\"https:\/\/twitter.com\/hashtag\/TeamOM?src=hash&amp;ref_src=twsrc%5Etfw\" rel=\"nofollow noopener\" target=\"_blank\" data-ylk=\"slk:#TeamOM;elm:context_link;itc:0;sec:content-canvas\" class=\"link \">#TeamOM<\/a> \ud83d\udc99\ud83e\udd0d <a href=\"https:\/\/t.co\/yVPfx3xiRC\" rel=\"nofollow noopener\" target=\"_blank\" data-ylk=\"slk:pic.twitter.com\/yVPfx3xiRC;elm:context_link;itc:0;sec:content-canvas\" class=\"link \">pic.twitter.com\/yVPfx3xiRC<\/a><\/p>\n<p>\u2014 Maxime BOUDET (@Maxime_Boudet) <a href=\"https:\/\/twitter.com\/Maxime_Boudet\/status\/1923427577198219766?ref_src=twsrc%5Etfw\" rel=\"nofollow noopener\" target=\"_blank\" data-ylk=\"slk:May 16, 2025;elm:context_link;itc:0;sec:content-canvas\" class=\"link \">May 16, 2025<\/a><\/p>\n<\/blockquote>\n<p>Une initiative du fils cadet de Bernard Tapie<\/p>\n<p>C\u2019est le fils cadet de Bernard Tapie qui a eu l\u2019id\u00e9e de cette statue, Laurent Tapie, quelques semaines apr\u00e8s le d\u00e9c\u00e8s de son p\u00e8re. C\u2019est \u00ab\u00a0l\u2019aboutissement de deux ans d\u2019efforts pour r\u00e9unir les fonds. Beaucoup de gens ont particip\u00e9\u00a0: des entreprises et des particuliers\u00a0\u00bb, <a href=\"https:\/\/www.francebleu.fr\/sports\/football\/laurent-tapie-la-statue-de-mon-pere-devant-le-velodrome-un-hommage-a-la-hauteur-de-ce-qu-il-a-fait-a-marseille-6492021\" rel=\"nofollow noopener\" target=\"_blank\" data-ylk=\"slk:a-t-il comment\u00e9 aupr\u00e8s de la radio ICI Provence;elm:context_link;itc:0;sec:content-canvas\" class=\"link \">a-t-il comment\u00e9 aupr\u00e8s de la radio ICI Provence<\/a>. Au total, les dons ont atteint 270\u00a0000\u00a0euros. Les 1\u00a0000 premiers donateurs, ainsi que les 1\u00a0000 plus gros voient aujourd\u2019hui leur nom grav\u00e9 sur le socle en marbre de la statue.<\/p>\n<p>\u00ab\u00a0Quand je suis venu pour les c\u00e9l\u00e9brations des 30\u00a0ans de la Ligue des Champions, j\u2019ai demand\u00e9 si une initiative quelconque \u00e9tait pr\u00e9vue pour honorer la m\u00e9moire de mon p\u00e8re et j\u2019ai vu qu\u2019il n\u2019y avait rien de concret. Donc j\u2019ai lanc\u00e9 ce projet de monument qui est un hommage, non seulement \u00e0 mon p\u00e8re, mais aussi \u00e0 cette victoire\u00a0\u00bb, a aussi expliqu\u00e9 Laurent Tapie ce vendredi \u00e0 l\u2019AFP. \u00ab\u00a0La souscription (pour les dons) reste ouverte et le reliquat ira \u00e0 l\u2019association Neuf de Coeur de Jean-Pierre Papin\u00a0\u00bb, a-t-il ajout\u00e9.<\/p>\n<p>\u00ab\u00a0C\u2019est assez \u00e9mouvant d\u2019avoir une statue devant le stade entour\u00e9 de ces joueurs\u00a0\u00bb, <a href=\"https:\/\/rmcsport.bfmtv.com\/football\/clubs\/olympique-marseille\/une-trace-pour-l-eternite-l-emotion-du-peuple-marseillais-avant-l-inauguration-de-la-statue-de-bernard-tapie-devant-le-velodrome_AV-202505160285.html\" rel=\"nofollow noopener\" target=\"_blank\" data-ylk=\"slk:a r\u00e9agi sur RMC Sport \u00c9ric Di Meco;elm:context_link;itc:0;sec:content-canvas\" class=\"link \">a r\u00e9agi sur RMC Sport \u00c9ric Di Meco<\/a>, qui figure donc parmi les joueurs marseillais repr\u00e9sent\u00e9s. \u00ab\u00a0Je pense que \u00e7a lui aurait davantage plu qu\u2019une tribune, un stade ou une rue \u00e0 son nom.\u00a0\u00bb<\/p>\n<p><strong>\u00c0 voir \u00e9galement sur Le HuffPost\u00a0:<\/strong><\/p>\n<p><a href=\"https:\/\/fr.news.yahoo.com\/trafic-p%C3%A2te-%C3%A0-tartiner-el-085017231.html\" data-ylk=\"slk:Un trafic de p\u00e2te \u00e0 tartiner El Mordjene \u00e9pingl\u00e9 par les douanes \u00e0 Marseille;elm:context_link;itc:0;sec:content-canvas;outcm:mb_qualified_link;_E:mb_qualified_link;ct:story;\" class=\"link  yahoo-link\" rel=\"nofollow noopener\" target=\"_blank\"> Un trafic de p\u00e2te \u00e0 tartiner El Mordjene \u00e9pingl\u00e9 par les douanes \u00e0 Marseille <\/a><\/p>\n<p><a href=\"https:\/\/fr.news.yahoo.com\/ligue-1-havre-marseille-interrompu-211049372.html\" data-ylk=\"slk:Ligue 1\u00a0: Le\u00a0Havre-Marseille interrompu apr\u00e8s des incidents en tribunes au stade Oc\u00e9ane;elm:context_link;itc:0;sec:content-canvas;outcm:mb_qualified_link;_E:mb_qualified_link;ct:story;\" class=\"link  yahoo-link\" rel=\"nofollow noopener\" target=\"_blank\"> Ligue 1\u00a0: Le\u00a0Havre-Marseille interrompu apr\u00e8s des incidents en tribunes au stade Oc\u00e9ane <\/a><\/p>\n<p><script async src=\"https:\/\/platform.twitter.com\/widgets.js\" charset=\"utf-8\"><\/script><\/p>\n","protected":false},"excerpt":{"rendered":"MARSEILLE &#8211; Alors que l\u2019Olympique de Marseille affronte Rennes ce samedi 17\u00a0mai au stade V\u00e9lodrome, pour la derni\u00e8re&hellip;\n","protected":false},"author":2,"featured_media":105344,"comment_status":"","ping_status":"","sticky":false,"template":"","format":"standard","meta":{"footnotes":""},"categories":[2814],"tags":[1111,11,1191,20532,22223,1777,674,1011,27,22224,884,12,882,584,25,1280,11600],"class_list":{"0":"post-105343","1":"post","2":"type-post","3":"status-publish","4":"format-standard","5":"has-post-thumbnail","7":"category-marseille","8":"tag-actu","9":"tag-actualites","10":"tag-bernard-tapie","11":"tag-didier-deschamps","12":"tag-eric-di-meco","13":"tag-eu","14":"tag-europe","15":"tag-fr","16":"tag-france","17":"tag-marcel-desailly","18":"tag-marseille","19":"tag-news","20":"tag-provence-alpes-cote-dazur","21":"tag-rennes","22":"tag-republique-francaise","23":"tag-stade-velodrome","24":"tag-statue"},"share_on_mastodon":{"url":"https:\/\/pubeurope.com\/@fr\/114519555748985784","error":""},"_links":{"self":[{"href":"https:\/\/www.europesays.com\/fr\/wp-json\/wp\/v2\/posts\/105343","targetHints":{"allow":["GET"]}}],"collection":[{"href":"https:\/\/www.europesays.com\/fr\/wp-json\/wp\/v2\/posts"}],"about":[{"href":"https:\/\/www.europesays.com\/fr\/wp-json\/wp\/v2\/types\/post"}],"author":[{"embeddable":true,"href":"https:\/\/www.europesays.com\/fr\/wp-json\/wp\/v2\/users\/2"}],"replies":[{"embeddable":true,"href":"https:\/\/www.europesays.com\/fr\/wp-json\/wp\/v2\/comments?post=105343"}],"version-history":[{"count":0,"href":"https:\/\/www.europesays.com\/fr\/wp-json\/wp\/v2\/posts\/105343\/revisions"}],"wp:featuredmedia":[{"embeddable":true,"href":"https:\/\/www.europesays.com\/fr\/wp-json\/wp\/v2\/media\/105344"}],"wp:attachment":[{"href":"https:\/\/www.europesays.com\/fr\/wp-json\/wp\/v2\/media?parent=105343"}],"wp:term":[{"taxonomy":"category","embeddable":true,"href":"https:\/\/www.europesays.com\/fr\/wp-json\/wp\/v2\/categories?post=105343"},{"taxonomy":"post_tag","embeddable":true,"href":"https:\/\/www.europesays.com\/fr\/wp-json\/wp\/v2\/tags?post=105343"}],"curies":[{"name":"wp","href":"https:\/\/api.w.org\/{rel}","templated":true}]}}