{"id":105345,"date":"2025-05-16T21:08:08","date_gmt":"2025-05-16T21:08:08","guid":{"rendered":"https:\/\/www.europesays.com\/fr\/105345\/"},"modified":"2025-05-16T21:08:08","modified_gmt":"2025-05-16T21:08:08","slug":"laurent-wauquiez-appelle-a-se-debarrasser-de-gregory-doucet","status":"publish","type":"post","link":"https:\/\/www.europesays.com\/fr\/105345\/","title":{"rendered":"Laurent Wauquiez appelle \u00e0 \u00ab\u00a0se d\u00e9barrasser\u00a0\u00bb de Gr\u00e9gory Doucet"},"content":{"rendered":"<p>            Par<br \/>\n        <strong><br \/>\n            <a href=\"https:\/\/actu.fr\/auteur\/nicolas-zaugra\" title=\"Consulter tous les articles de Nicolas Zaugra\" target=\"_blank\" rel=\"noopener\">Nicolas Zaugra<\/a><br \/>\n        <\/strong><\/p>\n<p>        Publi\u00e9 le<\/p>\n<p>            16 mai 2025 \u00e0 22h18        <\/p>\n<p>C\u2019est dans le Rh\u00f4ne \u00e0 Jonage que <a href=\"https:\/\/actu.fr\/normandie\/tinchebray-bocage_61486\/video-laurent-wauquiez-dans-lorne-jaime-la-politique-comme-la-faisait-chirac_62557372.html\" target=\"_blank\" rel=\"noopener\">Laurent Wauquiez<\/a> a achev\u00e9 ce vendredi 16 mai 2025 sa campagne pour tenter de remporter la pr\u00e9sidence des R\u00e9publicains. Apr\u00e8s son adversaire <a href=\"https:\/\/actu.fr\/auvergne-rhone-alpes\/lyon_69123\/municipales-immigration-wauquiez-ecologistes-ce-qu-a-dit-bruno-retailleau-a-lyon_62639306.html\" target=\"_blank\" rel=\"noopener\">Bruno Retailleau<\/a> qui a tenu un meeting cette semaine \u00e0 <a href=\"https:\/\/actu.fr\/auvergne-rhone-alpes\/lyon_69123\" target=\"_blank\" rel=\"noopener\">Lyon<\/a>, l\u2019ex-pr\u00e9sident de la R\u00e9gion a termin\u00e9 par une r\u00e9union publique de campagne dans la m\u00e9tropole lyonnaise. L\u2019occasion pour lui d\u2019attaquer frontalement la gauche et les \u00e9cologistes. Pour les <a href=\"https:\/\/actu.fr\/auvergne-rhone-alpes\/lyon_69123\/lyon-municipales-2026-gregory-doucet-n-est-pas-effraye-par-jean-michel-aulas-et-lance-un-appel_62537092.html\" target=\"_blank\" rel=\"noopener\">municipales 2026<\/a>, il a appel\u00e9 \u00e0 se \u00ab\u00a0d\u00e9barrasser\u00a0\u00bb du \u00ab\u00a0fl\u00e9au\u00a0\u00bb des \u00e9cologistes qui dirigent Lyon en visant son maire <a href=\"https:\/\/actu.fr\/auvergne-rhone-alpes\/lyon_69123\/lyon-gregory-doucet-va-defendre-son-bilan-des-projets-coincent-d-autres-avancent_62595451.html\" target=\"_blank\" rel=\"noopener\">Gr\u00e9gory Doucet<\/a>.<\/p>\n<p>\u00ab\u00a0Nous d\u00e9barrasser de ces deux fl\u00e9aux\u00a0\u00bb \u00e0 Lyon et Grenoble<\/p>\n<p class=\" wall-content\">\u00ab\u00a0Notre premier devoir aux prochaines \u00e9lections municipales va \u00eatre de nous d\u00e9barrasser de ces deux fl\u00e9aux\u00a0\u00bb, a lanc\u00e9 Laurent Wauquiez lors de son meeting de Jonage vendredi soir, en visant les maires \u00e9cologistes de Lyon Gr\u00e9gory Doucet et de Grenoble <a href=\"https:\/\/actu.fr\/auvergne-rhone-alpes\/grenoble_38185\/le-maire-de-grenoble-eric-piolle-occupe-une-nouvelle-fonction-chez-les-ecologistes_62565311.html\" target=\"_blank\" rel=\"noopener\">Eric Piolle<\/a>. \u00ab\u00a0Nous avons la sp\u00e9cialit\u00e9 dans notre r\u00e9gion d\u2019avoir les maires de Lyon et de Grenoble\u00a0\u00bb, a d\u00e9nonc\u00e9 le d\u00e9put\u00e9 LR provoquant les hu\u00e9es et les rires de la salle.<\/p>\n<p class=\" wall-content\">\u00ab\u00a0Il va falloir que nous nettoyons \u00e7a (les villes \u00e9colos) et que nous soyons capables de mettre nos villes la t\u00eate \u00e0 l\u2019endroit. Nous ne leur avons jamais rien c\u00e9d\u00e9 face au wokisme, \u00e0 la d\u00e9construction et \u00e0 l\u2019islamogauchisme\u00a0\u00bb.\u00a0<\/p>\n<p class=\" wall-content\">\n<p>\u00ab\u00a0Des embouteillages\u00a0\u00bb, \u00ab\u00a0des tags\u00a0\u00bb et des \u00ab\u00a0poubelles jet\u00e9es n\u2019importe o\u00f9\u00a0\u00bb<\/p>\n<p class=\" wall-content\">Dans son meeting o\u00f9 Michel Noir, ancien maire de droite de Lyon \u00e9tait pr\u00e9sent, il a attaqu\u00e9 \u00e0 plusieurs reprises le maire de Lyon et sa politique \u00ab\u00a0rouge past\u00e8que\u00a0\u00bb.\u00a0<\/p>\n<p class=\" wall-content\">\u00ab\u00a0A Lyon, une ville \u00e9cologiste \u00e7a veut dire qu\u2019il y a des embouteillages, dans laquelle il y a des tags et des affiches d\u00e9go\u00fbtantes tout le temps et dans laquelle il y a des poubelles qui sont jet\u00e9es n\u2019importe o\u00f9\u00a0\u00bb, a tacl\u00e9 Laurent Wauquiez. \u00ab\u00a0C\u2019est \u00e0 \u00e7a que vous reconnaissez une ville \u00e9cologiste, \u00e0 Lyon c\u2019est d\u00e9go\u00fbtant, \u00e0 Grenoble c\u2019est d\u00e9go\u00fbtant, vous allez \u00e0 Bordeaux c\u2019est d\u00e9go\u00fbtant, vous allez \u00e0 Paris c\u2019est immonde\u00a0\u00bb.<\/p>\n<blockquote class=\"ac-article-quote wall-content\">\n<p>Nous luttons en ce moment contre les ravages de l&rsquo;islamo-gauchisme et de l&rsquo;extr\u00eame gauche \u00e0 l&rsquo;int\u00e9rieur de nos \u00e9coles et universit\u00e9s. Nous menons ce combat \u00e0 Lyon-2. Le professeur Balanche qui a d\u00e9nonc\u00e9 des pri\u00e8res musulmanes \u00e0 l&rsquo;int\u00e9rieur de l&rsquo;universit\u00e9 a tout notre soutien et nous nous battons actuellement pour qu&rsquo;il y ait une mission d&rsquo;inspection, nous allons l&rsquo;obtenir. Nous avons d\u00e9j\u00e0 obtenu la d\u00e9mission du vice-pr\u00e9sident de l&rsquo;universit\u00e9 qui est poursuivi pour apologie du terrorisme. <\/p>\n<p>    <strong>Laurent Wauquiez \u00e0 Jonage (Rh\u00f4ne)<\/strong>\n            <\/p><\/blockquote>\n<p>Laurent Wauquiez soutient Pierre Oliver mais a vu Jean-Michel Aulas<\/p>\n<p class=\" wall-content\">En 2020, Laurent Wauquiez avait nou\u00e9 un accord \u00e9lectoral en catastrophe avec G\u00e9rard Collomb au second tour des municipales pour emp\u00eacher la victoire des Verts. Echec sur toute la ligne pour l\u2019ancien ministre. Quelle sera sa position en 2026, lui qui prend de grandes distances avec les partis macronistes au niveau national ?<\/p>\n<p class=\" wall-content\">Pour l\u2019instant, il soutient la candidature de <a href=\"https:\/\/actu.fr\/auvergne-rhone-alpes\/lyon_69123\/lyon-du-suicide-la-candidature-mal-embarquee-de-pierre-oliver-aux-municipales-2026_62499121.html\" target=\"_blank\" rel=\"noopener\">Pierre Oliver<\/a>, le maire LR du 2e arrondissement mais qui n\u2019a pas formellement l\u2019investiture du parti et qui est scotch\u00e9 \u00e0 10% d\u2019intentions de vote.<\/p>\n<p class=\" wall-content\">Selon nos informations, Laurent Wauquiez a \u00e9galement vu <a href=\"https:\/\/actu.fr\/auvergne-rhone-alpes\/lyon_69123\/lyon-municipales-georges-kepenekian-et-jean-michel-aulas-se-claquent-la-porte-au-nez-pas-d-alliance-en-vue_62643191.html\" target=\"_blank\" rel=\"noopener\">Jean-Michel Aulas<\/a> mais aussi Bruno Retailleau en vue de pr\u00e9parer sa candidature \u00e0 la mairie de Lyon. L\u2019ex-pr\u00e9sident de la R\u00e9gion n\u2019a d\u2019ailleurs pas exclu de soutenir Aulas dans son aventure politique sans la valider non plus\u2026<\/p>\n<p class=\" wall-content\">Suivez toute l\u2019actualit\u00e9 de vos villes et m\u00e9dias favoris en vous inscrivant \u00e0 <a href=\"https:\/\/moncompte.actu.fr\" title=\"D\u00e9couvez Mon Actu\" rel=\"nofollow noopener\" data-trk=\"{&quot;cta&quot;:{&quot;action&quot;:&quot;https:\\\/\\\/moncompte.actu.fr&quot;,&quot;category&quot;:&quot;mon compte&quot;,&quot;from&quot;:&quot;article footer&quot;,&quot;name&quot;:&quot;Mon actu&quot;,&quot;type&quot;:&quot;cta&quot;}}\" target=\"_blank\">Mon Actu<\/a>.<\/p>\n","protected":false},"excerpt":{"rendered":"Par Nicolas Zaugra Publi\u00e9 le 16 mai 2025 \u00e0 22h18 C\u2019est dans le Rh\u00f4ne \u00e0 Jonage que Laurent&hellip;\n","protected":false},"author":2,"featured_media":105346,"comment_status":"","ping_status":"","sticky":false,"template":"","format":"standard","meta":{"footnotes":""},"categories":[1889],"tags":[1111,11,2430,4188,1777,674,1011,27,5226,5227,5639,2428,12,316,25],"class_list":{"0":"post-105345","1":"post","2":"type-post","3":"status-publish","4":"format-standard","5":"has-post-thumbnail","7":"category-lyon","8":"tag-actu","9":"tag-actualites","10":"tag-auvergne-rhone-alpes","11":"tag-elections-municipales","12":"tag-eu","13":"tag-europe","14":"tag-fr","15":"tag-france","16":"tag-gregory-doucet","17":"tag-jean-michel-aulas","18":"tag-laurent-wauquiez","19":"tag-lyon","20":"tag-news","21":"tag-politique","22":"tag-republique-francaise"},"share_on_mastodon":{"url":"https:\/\/pubeurope.com\/@fr\/114519559586210745","error":""},"_links":{"self":[{"href":"https:\/\/www.europesays.com\/fr\/wp-json\/wp\/v2\/posts\/105345","targetHints":{"allow":["GET"]}}],"collection":[{"href":"https:\/\/www.europesays.com\/fr\/wp-json\/wp\/v2\/posts"}],"about":[{"href":"https:\/\/www.europesays.com\/fr\/wp-json\/wp\/v2\/types\/post"}],"author":[{"embeddable":true,"href":"https:\/\/www.europesays.com\/fr\/wp-json\/wp\/v2\/users\/2"}],"replies":[{"embeddable":true,"href":"https:\/\/www.europesays.com\/fr\/wp-json\/wp\/v2\/comments?post=105345"}],"version-history":[{"count":0,"href":"https:\/\/www.europesays.com\/fr\/wp-json\/wp\/v2\/posts\/105345\/revisions"}],"wp:featuredmedia":[{"embeddable":true,"href":"https:\/\/www.europesays.com\/fr\/wp-json\/wp\/v2\/media\/105346"}],"wp:attachment":[{"href":"https:\/\/www.europesays.com\/fr\/wp-json\/wp\/v2\/media?parent=105345"}],"wp:term":[{"taxonomy":"category","embeddable":true,"href":"https:\/\/www.europesays.com\/fr\/wp-json\/wp\/v2\/categories?post=105345"},{"taxonomy":"post_tag","embeddable":true,"href":"https:\/\/www.europesays.com\/fr\/wp-json\/wp\/v2\/tags?post=105345"}],"curies":[{"name":"wp","href":"https:\/\/api.w.org\/{rel}","templated":true}]}}